{"id":93920,"date":"2015-04-09T16:08:05","date_gmt":"2015-04-09T13:08:05","guid":{"rendered":"http:\/\/www.kirjastokaista.fi\/?p=93920"},"modified":"2017-05-03T14:02:18","modified_gmt":"2017-05-03T11:02:18","slug":"bokens-ar","status":"publish","type":"post","link":"https:\/\/www.kirjastokaista.fi\/sv\/bokens-ar\/","title":{"rendered":"Bokens \u00e5r"},"content":{"rendered":"<p>I \u00e5r firar bokbranschen f\u00f6r f\u00f6rsta g\u00e5ngen Bokens \u00e5r. Det handlar om ett <a href=\"http:\/\/www.kirjanvuosi.fi\/bokens-ar\">projekt<\/a> som vill uppmuntra till l\u00e4sning och lyfta fram boken som en k\u00e4lla till gl\u00e4dje och upplevelser. Bokens \u00e5r samlar alla bokprojekt och litteraturevenemang till en helhet.<\/p>\n<p>Boken \u00e4r v\u00e4rd att uppm\u00e4rksammas. P\u00e5 projektets hemsida kan man l\u00e4sa att:\u00a0&#8221;<em>Boken ger l\u00e4saren inspiration, hj\u00e4lp, information, r\u00e5d, n\u00f6je, s\u00e4llskap, upplevelser, k\u00e4nslor, sinnesfrid, st\u00f6d och krafter.&#8221;<\/em>\u00a0 B\u00f6cker utvecklar l\u00e4skunskapen, ordf\u00f6rr\u00e5det, fantasin och empatif\u00f6rm\u00e5gan. En bok kan vara en ing\u00e5ng till andra v\u00e4rldar, andra l\u00e4nder eller andra tidsepoker. I b\u00f6ckernas v\u00e4rld kan man uppleva fantastiska saker och l\u00e4ra k\u00e4nna andra m\u00e4nniskor.<\/p>\n<p>P\u00e5 biblioteken spelar b\u00f6ckerna, ber\u00e4ttelserna och l\u00e4sningen en central roll, inte bara i \u00e5r, utan varje \u00e5r. Finl\u00e4ndarna \u00e4r ett l\u00e4sande folk, men under de senaste \u00e5ren har de ungas l\u00e4s- och skrivf\u00e4rdigheter sjunkit och intresset f\u00f6r att l\u00e4sa har minskat. D\u00e4rf\u00f6r \u00e4r den l\u00e4sfr\u00e4mjande verksamheten som biblioteken bedriver i samarbete med skolorna, daghemmen och hemmen nu viktigare \u00e4n n\u00e5gonsin.<\/p>\n<p>H\u00e4r p\u00e5 Bibliotekskanalen har vi ocks\u00e5 uppm\u00e4rksammat l\u00e4sfr\u00e4mjande verksamhet och l\u00e4sningens betydelse i m\u00e5nga av v\u00e5ra program. Vi vill erbjuda verktyg och id\u00e9er f\u00f6r bibliotekspersonal och andra som arbetar med b\u00f6cker och l\u00e4sning. I \u00e5r kommer vi p\u00e5 Bibliotekskanalen att publicera en sjudelad serie \u201dNettas L\u00e4slustskola\u201d. I serien ber\u00e4ttar l\u00e4sinspirat\u00f6ren och L\u00e4slustambassad\u00f6ren Agneta \u201dNetta\u201d M\u00f6ller-Salmela om l\u00e4sningens betydelse och ger konkreta tips f\u00f6r hur man kan arbeta med att leda in barn och ungdomar i b\u00f6ckernas och ber\u00e4ttelsernas v\u00e4rld. Titta ocks\u00e5 p\u00e5 videon \u201d<a href=\"http:\/\/www.kirjastokaista.fi\/sv\/ett-rum-fyllt-med-magi-berattelser-och-drommar-lasinspiratoren-agneta-moller-salmela-berattar-om-sina-metoder\/\">Ett rum fyllt med magi, ber\u00e4ttelser och dr\u00f6mmar<\/a>\u201d d\u00e4r Netta ger en sammanfattande bild av sina metoder! P\u00e5 Bibliotekskanalen hittar du ocks\u00e5 en intervju med skolbibliotekarien och \u00c5lands l\u00e4sambassad\u00f6r <a href=\"http:\/\/www.kirjastokaista.fi\/sv\/elspeth-randelin-inspirerar-till-lasning\">Elspeth Randelin<\/a>, d\u00e4r hon ber\u00e4ttar om sitt l\u00e4sfr\u00e4mjande arbete p\u00e5 \u00c5land. Bibliotekskanalen filmade ocks\u00e5 Elspeth Randelins presentation \u201d<a href=\"http:\/\/www.kirjastokaista.fi\/sv\/elspeth-randelin-lasande-forebilder-var-hittar-vi-dem\">L\u00e4sande f\u00f6rebilder \u2013 var hittar vi dem?<\/a>\u201d p\u00e5 seminariet L\u00e4sm\u00f6ten 2: Flickor, pojkar och det livsl\u00e5nga l\u00e4sandet. Senare i v\u00e5r kommer Bibliotekskanalen dessutom att producera ett antal svenskspr\u00e5kiga videor med barn som ber\u00e4ttar om b\u00f6cker de l\u00e4st.<\/p>\n<p>Du vet v\u00e4l att det \u00e4r fritt fram att dela Bibliotekskanalens program i sociala medier och att anv\u00e4nda programmen i samband med olika evenemang eller som inneh\u00e5ll p\u00e5 den egna webbplatsen? Bibliotekskanalens program kan till exempel b\u00e4ddas in i bibliotekens egna webbibliotek, webbsidor och bloggar.<\/p>\n<p>I Boksampo \u2013 bibliotekens gemensamma webbtj\u00e4nst f\u00f6r sk\u00f6nlitteratur hittar du massor med material som kan fungera som inspirationsk\u00e4llor f\u00f6r l\u00e4supplevelser och bokval. Ocks\u00e5 i Boksampo hittar du mycket inneh\u00e5ll som du kan anv\u00e4nda p\u00e5 din egen webbsida och p\u00e5 s\u00e5 s\u00e4tt sprida vidare boktips och l\u00e4sinspiration.<\/p>\n<p>L\u00e4s mera<br \/>\n<a href=\"http:\/\/www.kirjanvuosi.fi\/bokens-ar\">B\u00e5gens \u00e5r<br \/>\n<\/a><a href=\"http:\/\/www.boksampo.fi\">Boksampo.fi<\/a><\/p>\n<p>\u2013\u00a0Anna-Maria Malm, 9.4.2015\u00a0\u2013<\/p>\n","protected":false},"excerpt":{"rendered":"<p>I \u00e5r firar bokbranschen f\u00f6r f\u00f6rsta g\u00e5ngen Bokens \u00e5r. Det handlar om ett projekt som vill uppmuntra till l\u00e4sning och lyfta fram boken som en k\u00e4lla till gl\u00e4dje och upplevelser. [&hellip;]<\/p>\n","protected":false},"author":3,"featured_media":93926,"comment_status":"open","ping_status":"open","sticky":false,"template":"","format":"standard","meta":{"footnotes":""},"categories":[3173],"tags":[5857,17316,17317],"class_list":["post-93920","post","type-post","status-publish","format-standard","has-post-thumbnail","hentry","category-i-fokus","tag-lasning","tag-bokens-ar-sv","tag-boksampo-sv"],"youtube_id":"","vimeo_id":"","duration":"","number_of_plays_sum":"","videoembed_videoembed":"","video_language":"","video_thumbnail_large":"","video_thumbnail_medium":"","video_thumbnail_small":"","yoast_head":"<!-- This site is optimized with the Yoast SEO plugin v23.8 - https:\/\/yoast.com\/wordpress\/plugins\/seo\/ -->\n<title>Bokens \u00e5r - Kirjastokaista<\/title>\n<meta name=\"description\" content=\"I \u00e5r firar bokbranschen f\u00f6r f\u00f6rsta g\u00e5ngen Bokens \u00e5r. Det handlar om ett projekt som vill uppmuntra till l\u00e4sning och lyfta fram boken\" \/>\n<meta name=\"robots\" content=\"index, follow, max-snippet:-1, max-image-preview:large, max-video-preview:-1\" \/>\n<link rel=\"canonical\" href=\"https:\/\/www.kirjastokaista.fi\/sv\/bokens-ar\/\" \/>\n<meta property=\"og:locale\" content=\"fi_FI\" \/>\n<meta property=\"og:type\" content=\"article\" \/>\n<meta property=\"og:title\" content=\"Bokens \u00e5r - Kirjastokaista\" \/>\n<meta property=\"og:description\" content=\"I \u00e5r firar bokbranschen f\u00f6r f\u00f6rsta g\u00e5ngen Bokens \u00e5r. Det handlar om ett projekt som vill uppmuntra till l\u00e4sning och lyfta fram boken\" \/>\n<meta property=\"og:url\" content=\"https:\/\/www.kirjastokaista.fi\/sv\/bokens-ar\/\" \/>\n<meta property=\"og:site_name\" content=\"Kirjastokaista\" \/>\n<meta property=\"article:published_time\" content=\"2015-04-09T13:08:05+00:00\" \/>\n<meta property=\"article:modified_time\" content=\"2017-05-03T11:02:18+00:00\" \/>\n<meta property=\"og:image\" content=\"https:\/\/www.kirjastokaista.fi\/app\/uploads\/2015\/04\/bokens_ar1.jpg\" \/>\n\t<meta property=\"og:image:width\" content=\"840\" \/>\n\t<meta property=\"og:image:height\" content=\"511\" \/>\n\t<meta property=\"og:image:type\" content=\"image\/jpeg\" \/>\n<meta name=\"author\" content=\"Riitta\" \/>\n<meta name=\"twitter:label1\" content=\"Written by\" \/>\n\t<meta name=\"twitter:data1\" content=\"Riitta\" \/>\n\t<meta name=\"twitter:label2\" content=\"Est. reading time\" \/>\n\t<meta name=\"twitter:data2\" content=\"3 minutes\" \/>\n<script type=\"application\/ld+json\" class=\"yoast-schema-graph\">{\"@context\":\"https:\/\/schema.org\",\"@graph\":[{\"@type\":\"WebPage\",\"@id\":\"https:\/\/www.kirjastokaista.fi\/sv\/bokens-ar\/\",\"url\":\"https:\/\/www.kirjastokaista.fi\/sv\/bokens-ar\/\",\"name\":\"Bokens \u00e5r - Kirjastokaista\",\"isPartOf\":{\"@id\":\"https:\/\/www.kirjastokaista.fi\/#website\"},\"primaryImageOfPage\":{\"@id\":\"https:\/\/www.kirjastokaista.fi\/sv\/bokens-ar\/#primaryimage\"},\"image\":{\"@id\":\"https:\/\/www.kirjastokaista.fi\/sv\/bokens-ar\/#primaryimage\"},\"thumbnailUrl\":\"https:\/\/www.kirjastokaista.fi\/app\/uploads\/2015\/04\/bokens_ar1.jpg\",\"datePublished\":\"2015-04-09T13:08:05+00:00\",\"dateModified\":\"2017-05-03T11:02:18+00:00\",\"author\":{\"@id\":\"https:\/\/www.kirjastokaista.fi\/#\/schema\/person\/8272e6b4176d7a435301d1595244f87e\"},\"description\":\"I \u00e5r firar bokbranschen f\u00f6r f\u00f6rsta g\u00e5ngen Bokens \u00e5r. Det handlar om ett projekt som vill uppmuntra till l\u00e4sning och lyfta fram boken\",\"breadcrumb\":{\"@id\":\"https:\/\/www.kirjastokaista.fi\/sv\/bokens-ar\/#breadcrumb\"},\"inLanguage\":\"fi\",\"potentialAction\":[{\"@type\":\"ReadAction\",\"target\":[\"https:\/\/www.kirjastokaista.fi\/sv\/bokens-ar\/\"]}]},{\"@type\":\"ImageObject\",\"inLanguage\":\"fi\",\"@id\":\"https:\/\/www.kirjastokaista.fi\/sv\/bokens-ar\/#primaryimage\",\"url\":\"https:\/\/www.kirjastokaista.fi\/app\/uploads\/2015\/04\/bokens_ar1.jpg\",\"contentUrl\":\"https:\/\/www.kirjastokaista.fi\/app\/uploads\/2015\/04\/bokens_ar1.jpg\",\"width\":840,\"height\":511,\"caption\":\"Bokens \u00e5r\"},{\"@type\":\"BreadcrumbList\",\"@id\":\"https:\/\/www.kirjastokaista.fi\/sv\/bokens-ar\/#breadcrumb\",\"itemListElement\":[{\"@type\":\"ListItem\",\"position\":1,\"name\":\"Etusivu\",\"item\":\"https:\/\/www.kirjastokaista.fi\/\"},{\"@type\":\"ListItem\",\"position\":2,\"name\":\"Bokens \u00e5r\"}]},{\"@type\":\"WebSite\",\"@id\":\"https:\/\/www.kirjastokaista.fi\/#website\",\"url\":\"https:\/\/www.kirjastokaista.fi\/\",\"name\":\"Kirjastokaista\",\"description\":\"LIBRARY CHANNEL \u2014 Library WebTV\",\"potentialAction\":[{\"@type\":\"SearchAction\",\"target\":{\"@type\":\"EntryPoint\",\"urlTemplate\":\"https:\/\/www.kirjastokaista.fi\/?s={search_term_string}\"},\"query-input\":{\"@type\":\"PropertyValueSpecification\",\"valueRequired\":true,\"valueName\":\"search_term_string\"}}],\"inLanguage\":\"fi\"},{\"@type\":\"Person\",\"@id\":\"https:\/\/www.kirjastokaista.fi\/#\/schema\/person\/8272e6b4176d7a435301d1595244f87e\",\"name\":\"Riitta\",\"image\":{\"@type\":\"ImageObject\",\"inLanguage\":\"fi\",\"@id\":\"https:\/\/www.kirjastokaista.fi\/#\/schema\/person\/image\/\",\"url\":\"https:\/\/secure.gravatar.com\/avatar\/5e7bcb38fde8f54416389d5a36025a08?s=96&d=mm&r=g\",\"contentUrl\":\"https:\/\/secure.gravatar.com\/avatar\/5e7bcb38fde8f54416389d5a36025a08?s=96&d=mm&r=g\",\"caption\":\"Riitta\"},\"sameAs\":[\"https:\/\/x.com\/rtaarasti\"],\"url\":\"https:\/\/www.kirjastokaista.fi\/author\/riitta\/\"}]}<\/script>\n<!-- \/ Yoast SEO plugin. -->","yoast_head_json":{"title":"Bokens \u00e5r - Kirjastokaista","description":"I \u00e5r firar bokbranschen f\u00f6r f\u00f6rsta g\u00e5ngen Bokens \u00e5r. Det handlar om ett projekt som vill uppmuntra till l\u00e4sning och lyfta fram boken","robots":{"index":"index","follow":"follow","max-snippet":"max-snippet:-1","max-image-preview":"max-image-preview:large","max-video-preview":"max-video-preview:-1"},"canonical":"https:\/\/www.kirjastokaista.fi\/sv\/bokens-ar\/","og_locale":"fi_FI","og_type":"article","og_title":"Bokens \u00e5r - Kirjastokaista","og_description":"I \u00e5r firar bokbranschen f\u00f6r f\u00f6rsta g\u00e5ngen Bokens \u00e5r. Det handlar om ett projekt som vill uppmuntra till l\u00e4sning och lyfta fram boken","og_url":"https:\/\/www.kirjastokaista.fi\/sv\/bokens-ar\/","og_site_name":"Kirjastokaista","article_published_time":"2015-04-09T13:08:05+00:00","article_modified_time":"2017-05-03T11:02:18+00:00","og_image":[{"width":840,"height":511,"url":"https:\/\/www.kirjastokaista.fi\/app\/uploads\/2015\/04\/bokens_ar1.jpg","type":"image\/jpeg"}],"author":"Riitta","twitter_misc":{"Written by":"Riitta","Est. reading time":"3 minutes"},"schema":{"@context":"https:\/\/schema.org","@graph":[{"@type":"WebPage","@id":"https:\/\/www.kirjastokaista.fi\/sv\/bokens-ar\/","url":"https:\/\/www.kirjastokaista.fi\/sv\/bokens-ar\/","name":"Bokens \u00e5r - Kirjastokaista","isPartOf":{"@id":"https:\/\/www.kirjastokaista.fi\/#website"},"primaryImageOfPage":{"@id":"https:\/\/www.kirjastokaista.fi\/sv\/bokens-ar\/#primaryimage"},"image":{"@id":"https:\/\/www.kirjastokaista.fi\/sv\/bokens-ar\/#primaryimage"},"thumbnailUrl":"https:\/\/www.kirjastokaista.fi\/app\/uploads\/2015\/04\/bokens_ar1.jpg","datePublished":"2015-04-09T13:08:05+00:00","dateModified":"2017-05-03T11:02:18+00:00","author":{"@id":"https:\/\/www.kirjastokaista.fi\/#\/schema\/person\/8272e6b4176d7a435301d1595244f87e"},"description":"I \u00e5r firar bokbranschen f\u00f6r f\u00f6rsta g\u00e5ngen Bokens \u00e5r. Det handlar om ett projekt som vill uppmuntra till l\u00e4sning och lyfta fram boken","breadcrumb":{"@id":"https:\/\/www.kirjastokaista.fi\/sv\/bokens-ar\/#breadcrumb"},"inLanguage":"fi","potentialAction":[{"@type":"ReadAction","target":["https:\/\/www.kirjastokaista.fi\/sv\/bokens-ar\/"]}]},{"@type":"ImageObject","inLanguage":"fi","@id":"https:\/\/www.kirjastokaista.fi\/sv\/bokens-ar\/#primaryimage","url":"https:\/\/www.kirjastokaista.fi\/app\/uploads\/2015\/04\/bokens_ar1.jpg","contentUrl":"https:\/\/www.kirjastokaista.fi\/app\/uploads\/2015\/04\/bokens_ar1.jpg","width":840,"height":511,"caption":"Bokens \u00e5r"},{"@type":"BreadcrumbList","@id":"https:\/\/www.kirjastokaista.fi\/sv\/bokens-ar\/#breadcrumb","itemListElement":[{"@type":"ListItem","position":1,"name":"Etusivu","item":"https:\/\/www.kirjastokaista.fi\/"},{"@type":"ListItem","position":2,"name":"Bokens \u00e5r"}]},{"@type":"WebSite","@id":"https:\/\/www.kirjastokaista.fi\/#website","url":"https:\/\/www.kirjastokaista.fi\/","name":"Kirjastokaista","description":"LIBRARY CHANNEL \u2014 Library WebTV","potentialAction":[{"@type":"SearchAction","target":{"@type":"EntryPoint","urlTemplate":"https:\/\/www.kirjastokaista.fi\/?s={search_term_string}"},"query-input":{"@type":"PropertyValueSpecification","valueRequired":true,"valueName":"search_term_string"}}],"inLanguage":"fi"},{"@type":"Person","@id":"https:\/\/www.kirjastokaista.fi\/#\/schema\/person\/8272e6b4176d7a435301d1595244f87e","name":"Riitta","image":{"@type":"ImageObject","inLanguage":"fi","@id":"https:\/\/www.kirjastokaista.fi\/#\/schema\/person\/image\/","url":"https:\/\/secure.gravatar.com\/avatar\/5e7bcb38fde8f54416389d5a36025a08?s=96&d=mm&r=g","contentUrl":"https:\/\/secure.gravatar.com\/avatar\/5e7bcb38fde8f54416389d5a36025a08?s=96&d=mm&r=g","caption":"Riitta"},"sameAs":["https:\/\/x.com\/rtaarasti"],"url":"https:\/\/www.kirjastokaista.fi\/author\/riitta\/"}]}},"_links":{"self":[{"href":"https:\/\/www.kirjastokaista.fi\/wp-json\/wp\/v2\/posts\/93920","targetHints":{"allow":["GET"]}}],"collection":[{"href":"https:\/\/www.kirjastokaista.fi\/wp-json\/wp\/v2\/posts"}],"about":[{"href":"https:\/\/www.kirjastokaista.fi\/wp-json\/wp\/v2\/types\/post"}],"author":[{"embeddable":true,"href":"https:\/\/www.kirjastokaista.fi\/wp-json\/wp\/v2\/users\/3"}],"replies":[{"embeddable":true,"href":"https:\/\/www.kirjastokaista.fi\/wp-json\/wp\/v2\/comments?post=93920"}],"version-history":[{"count":1,"href":"https:\/\/www.kirjastokaista.fi\/wp-json\/wp\/v2\/posts\/93920\/revisions"}],"predecessor-version":[{"id":371334,"href":"https:\/\/www.kirjastokaista.fi\/wp-json\/wp\/v2\/posts\/93920\/revisions\/371334"}],"wp:featuredmedia":[{"embeddable":true,"href":"https:\/\/www.kirjastokaista.fi\/wp-json\/wp\/v2\/media\/93926"}],"wp:attachment":[{"href":"https:\/\/www.kirjastokaista.fi\/wp-json\/wp\/v2\/media?parent=93920"}],"wp:term":[{"taxonomy":"category","embeddable":true,"href":"https:\/\/www.kirjastokaista.fi\/wp-json\/wp\/v2\/categories?post=93920"},{"taxonomy":"post_tag","embeddable":true,"href":"https:\/\/www.kirjastokaista.fi\/wp-json\/wp\/v2\/tags?post=93920"}],"curies":[{"name":"wp","href":"https:\/\/api.w.org\/{rel}","templated":true}]}}