{"id":74526,"date":"2010-08-19T09:09:35","date_gmt":"2010-08-19T06:09:35","guid":{"rendered":"http:\/\/www.kirjastokaista.fi\/swedish-library-avenue-2\/"},"modified":"2024-08-05T11:31:11","modified_gmt":"2024-08-05T08:31:11","slug":"swedish-library-avenue","status":"publish","type":"post","link":"https:\/\/www.kirjastokaista.fi\/sv\/swedish-library-avenue\/","title":{"rendered":"Swedish Library Avenue"},"content":{"rendered":"<p>Swedish Library Avenue erbjuder bibliotek i Sverige och Norden en chans att visa upp sig och sin verksamhet under IFLA-konferensen i G\u00f6teborg, med hj\u00e4lp av roll-ups och tillh\u00f6rande material. Library Avenue \u00e4r ett alternativ till den stora utst\u00e4llningen. Julia Reuter, som ansvarar f\u00f6r Swedish Library Avenue, ber\u00e4ttar om vad det hela g\u00e5r ut p\u00e5.<!--more--><\/p>\n<p>Intervjuare: Jonas Tana<br \/>\nFilm och klipp: Tuomas Lipponen<br \/>\nDatum: 12.8.2010<\/p>\n","protected":false},"excerpt":{"rendered":"<p>Swedish Library Avenue erbjuder bibliotek i Sverige och Norden en chans att visa upp sig och sin verksamhet under IFLA-konferensen i G\u00f6teborg, med hj\u00e4lp av roll-ups och tillh\u00f6rande material. Library [&hellip;]<\/p>\n","protected":false},"author":6,"featured_media":0,"comment_status":"open","ping_status":"closed","sticky":false,"template":"","format":"video","meta":{"footnotes":""},"categories":[3250,3141],"tags":[24004,3279,3280,3285,8016,8188],"class_list":["post-74526","post","type-post","status-publish","format-video","hentry","category-internationellt-samarbete","category-utbildningskanal","tag-tana-jonas","tag-ifla","tag-bibliotek","tag-norden","tag-konferenser-sv","tag-reuter-julia-sv","post_format-post-format-video"],"youtube_id":"","vimeo_id":"38778135","duration":"161","number_of_plays_sum":"776","videoembed_videoembed":"<iframe src=\"https:\/\/player.vimeo.com\/video\/38778135\" width=\"550\" height=\"315\" frameborder=\"0\" webkitAllowFullScreen mozallowfullscreen allowFullScreen><\/iframe>","video_language":"svenska","video_thumbnail_large":"https:\/\/i.vimeocdn.com\/video\/267095831-79553468150abb9b6f3765cd81010b11838caf656baa97154717d7ef1a3eb13e-d_640x360","video_thumbnail_medium":"https:\/\/i.vimeocdn.com\/video\/267095831-79553468150abb9b6f3765cd81010b11838caf656baa97154717d7ef1a3eb13e-d_200x150","video_thumbnail_small":"https:\/\/i.vimeocdn.com\/video\/267095831-79553468150abb9b6f3765cd81010b11838caf656baa97154717d7ef1a3eb13e-d_100x75","yoast_head":"<!-- This site is optimized with the Yoast SEO plugin v23.8 - https:\/\/yoast.com\/wordpress\/plugins\/seo\/ -->\n<title>Swedish Library Avenue - Kirjastokaista<\/title>\n<meta name=\"description\" content=\"Swedish Library Avenue erbjuder bibliotek i Sverige och Norden en chans att visa upp sig och sin verksamhet under IFLA-konferensen i G\u00f6teborg,\" \/>\n<meta name=\"robots\" content=\"index, follow, max-snippet:-1, max-image-preview:large, max-video-preview:-1\" \/>\n<link rel=\"canonical\" href=\"http:\/\/www.kirjastokaista.fi\/sv\/swedish-library-avenue\/\" \/>\n<meta property=\"og:locale\" content=\"fi_FI\" \/>\n<meta property=\"og:type\" content=\"article\" \/>\n<meta property=\"og:title\" content=\"Swedish Library Avenue - Kirjastokaista\" \/>\n<meta property=\"og:description\" content=\"Swedish Library Avenue erbjuder bibliotek i Sverige och Norden en chans att visa upp sig och sin verksamhet under IFLA-konferensen i G\u00f6teborg,\" \/>\n<meta property=\"og:url\" content=\"http:\/\/www.kirjastokaista.fi\/sv\/swedish-library-avenue\/\" \/>\n<meta property=\"og:site_name\" content=\"Kirjastokaista\" \/>\n<meta property=\"article:published_time\" content=\"2010-08-19T06:09:35+00:00\" \/>\n<meta property=\"article:modified_time\" content=\"2024-08-05T08:31:11+00:00\" \/>\n<meta name=\"author\" content=\"Kirjastokaista Admin\" \/>\n<meta name=\"twitter:label1\" content=\"Written by\" \/>\n\t<meta name=\"twitter:data1\" content=\"Kirjastokaista Admin\" \/>\n\t<meta name=\"twitter:label2\" content=\"Est. reading time\" \/>\n\t<meta name=\"twitter:data2\" content=\"1 minute\" \/>\n<script type=\"application\/ld+json\" class=\"yoast-schema-graph\">{\"@context\":\"https:\/\/schema.org\",\"@graph\":[{\"@type\":\"WebPage\",\"@id\":\"http:\/\/www.kirjastokaista.fi\/sv\/swedish-library-avenue\/\",\"url\":\"http:\/\/www.kirjastokaista.fi\/sv\/swedish-library-avenue\/\",\"name\":\"Swedish Library Avenue - Kirjastokaista\",\"isPartOf\":{\"@id\":\"https:\/\/www.kirjastokaista.fi\/#website\"},\"datePublished\":\"2010-08-19T06:09:35+00:00\",\"dateModified\":\"2024-08-05T08:31:11+00:00\",\"author\":{\"@id\":\"https:\/\/www.kirjastokaista.fi\/#\/schema\/person\/155f1172727b77c6a368f9055edba80b\"},\"description\":\"Swedish Library Avenue erbjuder bibliotek i Sverige och Norden en chans att visa upp sig och sin verksamhet under IFLA-konferensen i G\u00f6teborg,\",\"breadcrumb\":{\"@id\":\"http:\/\/www.kirjastokaista.fi\/sv\/swedish-library-avenue\/#breadcrumb\"},\"inLanguage\":\"fi\",\"potentialAction\":[{\"@type\":\"ReadAction\",\"target\":[\"http:\/\/www.kirjastokaista.fi\/sv\/swedish-library-avenue\/\"]}]},{\"@type\":\"BreadcrumbList\",\"@id\":\"http:\/\/www.kirjastokaista.fi\/sv\/swedish-library-avenue\/#breadcrumb\",\"itemListElement\":[{\"@type\":\"ListItem\",\"position\":1,\"name\":\"Etusivu\",\"item\":\"https:\/\/www.kirjastokaista.fi\/\"},{\"@type\":\"ListItem\",\"position\":2,\"name\":\"Swedish Library Avenue\"}]},{\"@type\":\"WebSite\",\"@id\":\"https:\/\/www.kirjastokaista.fi\/#website\",\"url\":\"https:\/\/www.kirjastokaista.fi\/\",\"name\":\"Kirjastokaista\",\"description\":\"LIBRARY CHANNEL \u2014 Library WebTV\",\"potentialAction\":[{\"@type\":\"SearchAction\",\"target\":{\"@type\":\"EntryPoint\",\"urlTemplate\":\"https:\/\/www.kirjastokaista.fi\/?s={search_term_string}\"},\"query-input\":{\"@type\":\"PropertyValueSpecification\",\"valueRequired\":true,\"valueName\":\"search_term_string\"}}],\"inLanguage\":\"fi\"},{\"@type\":\"Person\",\"@id\":\"https:\/\/www.kirjastokaista.fi\/#\/schema\/person\/155f1172727b77c6a368f9055edba80b\",\"name\":\"Kirjastokaista Admin\",\"image\":{\"@type\":\"ImageObject\",\"inLanguage\":\"fi\",\"@id\":\"https:\/\/www.kirjastokaista.fi\/#\/schema\/person\/image\/\",\"url\":\"https:\/\/secure.gravatar.com\/avatar\/2530d9d6b8d60a4d867b25004c3b1b38?s=96&d=mm&r=g\",\"contentUrl\":\"https:\/\/secure.gravatar.com\/avatar\/2530d9d6b8d60a4d867b25004c3b1b38?s=96&d=mm&r=g\",\"caption\":\"Kirjastokaista Admin\"},\"url\":\"https:\/\/www.kirjastokaista.fi\/author\/kirjastokaista-admin\/\"}]}<\/script>\n<meta property=\"og:video\" content=\"https:\/\/player.vimeo.com\/video\/38778135\" \/>\n<meta property=\"og:video:type\" content=\"text\/html\" \/>\n<meta property=\"og:video:duration\" content=\"161\" \/>\n<meta property=\"og:video:width\" content=\"1280\" \/>\n<meta property=\"og:video:height\" content=\"720\" \/>\n<meta property=\"ya:ovs:adult\" content=\"false\" \/>\n<meta property=\"ya:ovs:upload_date\" content=\"2010-08-19T06:09:35+00:00\" \/>\n<meta property=\"ya:ovs:allow_embed\" content=\"true\" \/>\n<!-- \/ Yoast SEO plugin. -->","yoast_head_json":{"title":"Swedish Library Avenue - Kirjastokaista","description":"Swedish Library Avenue erbjuder bibliotek i Sverige och Norden en chans att visa upp sig och sin verksamhet under IFLA-konferensen i G\u00f6teborg,","robots":{"index":"index","follow":"follow","max-snippet":"max-snippet:-1","max-image-preview":"max-image-preview:large","max-video-preview":"max-video-preview:-1"},"canonical":"http:\/\/www.kirjastokaista.fi\/sv\/swedish-library-avenue\/","og_locale":"fi_FI","og_type":"article","og_title":"Swedish Library Avenue - Kirjastokaista","og_description":"Swedish Library Avenue erbjuder bibliotek i Sverige och Norden en chans att visa upp sig och sin verksamhet under IFLA-konferensen i G\u00f6teborg,","og_url":"http:\/\/www.kirjastokaista.fi\/sv\/swedish-library-avenue\/","og_site_name":"Kirjastokaista","article_published_time":"2010-08-19T06:09:35+00:00","article_modified_time":"2024-08-05T08:31:11+00:00","author":"Kirjastokaista Admin","twitter_misc":{"Written by":"Kirjastokaista Admin","Est. reading time":"1 minute"},"schema":{"@context":"https:\/\/schema.org","@graph":[{"@type":"WebPage","@id":"http:\/\/www.kirjastokaista.fi\/sv\/swedish-library-avenue\/","url":"http:\/\/www.kirjastokaista.fi\/sv\/swedish-library-avenue\/","name":"Swedish Library Avenue - Kirjastokaista","isPartOf":{"@id":"https:\/\/www.kirjastokaista.fi\/#website"},"datePublished":"2010-08-19T06:09:35+00:00","dateModified":"2024-08-05T08:31:11+00:00","author":{"@id":"https:\/\/www.kirjastokaista.fi\/#\/schema\/person\/155f1172727b77c6a368f9055edba80b"},"description":"Swedish Library Avenue erbjuder bibliotek i Sverige och Norden en chans att visa upp sig och sin verksamhet under IFLA-konferensen i G\u00f6teborg,","breadcrumb":{"@id":"http:\/\/www.kirjastokaista.fi\/sv\/swedish-library-avenue\/#breadcrumb"},"inLanguage":"fi","potentialAction":[{"@type":"ReadAction","target":["http:\/\/www.kirjastokaista.fi\/sv\/swedish-library-avenue\/"]}]},{"@type":"BreadcrumbList","@id":"http:\/\/www.kirjastokaista.fi\/sv\/swedish-library-avenue\/#breadcrumb","itemListElement":[{"@type":"ListItem","position":1,"name":"Etusivu","item":"https:\/\/www.kirjastokaista.fi\/"},{"@type":"ListItem","position":2,"name":"Swedish Library Avenue"}]},{"@type":"WebSite","@id":"https:\/\/www.kirjastokaista.fi\/#website","url":"https:\/\/www.kirjastokaista.fi\/","name":"Kirjastokaista","description":"LIBRARY CHANNEL \u2014 Library WebTV","potentialAction":[{"@type":"SearchAction","target":{"@type":"EntryPoint","urlTemplate":"https:\/\/www.kirjastokaista.fi\/?s={search_term_string}"},"query-input":{"@type":"PropertyValueSpecification","valueRequired":true,"valueName":"search_term_string"}}],"inLanguage":"fi"},{"@type":"Person","@id":"https:\/\/www.kirjastokaista.fi\/#\/schema\/person\/155f1172727b77c6a368f9055edba80b","name":"Kirjastokaista Admin","image":{"@type":"ImageObject","inLanguage":"fi","@id":"https:\/\/www.kirjastokaista.fi\/#\/schema\/person\/image\/","url":"https:\/\/secure.gravatar.com\/avatar\/2530d9d6b8d60a4d867b25004c3b1b38?s=96&d=mm&r=g","contentUrl":"https:\/\/secure.gravatar.com\/avatar\/2530d9d6b8d60a4d867b25004c3b1b38?s=96&d=mm&r=g","caption":"Kirjastokaista Admin"},"url":"https:\/\/www.kirjastokaista.fi\/author\/kirjastokaista-admin\/"}]},"og_video":"https:\/\/player.vimeo.com\/video\/38778135","og_video_type":"text\/html","og_video_duration":"161","og_video_width":"1280","og_video_height":"720","ya_ovs_adult":"false","ya_ovs_upload_date":"2010-08-19T06:09:35+00:00","ya_ovs_allow_embed":"true"},"_links":{"self":[{"href":"https:\/\/www.kirjastokaista.fi\/wp-json\/wp\/v2\/posts\/74526","targetHints":{"allow":["GET"]}}],"collection":[{"href":"https:\/\/www.kirjastokaista.fi\/wp-json\/wp\/v2\/posts"}],"about":[{"href":"https:\/\/www.kirjastokaista.fi\/wp-json\/wp\/v2\/types\/post"}],"author":[{"embeddable":true,"href":"https:\/\/www.kirjastokaista.fi\/wp-json\/wp\/v2\/users\/6"}],"replies":[{"embeddable":true,"href":"https:\/\/www.kirjastokaista.fi\/wp-json\/wp\/v2\/comments?post=74526"}],"version-history":[{"count":1,"href":"https:\/\/www.kirjastokaista.fi\/wp-json\/wp\/v2\/posts\/74526\/revisions"}],"predecessor-version":[{"id":371192,"href":"https:\/\/www.kirjastokaista.fi\/wp-json\/wp\/v2\/posts\/74526\/revisions\/371192"}],"wp:attachment":[{"href":"https:\/\/www.kirjastokaista.fi\/wp-json\/wp\/v2\/media?parent=74526"}],"wp:term":[{"taxonomy":"category","embeddable":true,"href":"https:\/\/www.kirjastokaista.fi\/wp-json\/wp\/v2\/categories?post=74526"},{"taxonomy":"post_tag","embeddable":true,"href":"https:\/\/www.kirjastokaista.fi\/wp-json\/wp\/v2\/tags?post=74526"}],"curies":[{"name":"wp","href":"https:\/\/api.w.org\/{rel}","templated":true}]}}