{"id":413579,"date":"2026-04-27T00:55:16","date_gmt":"2026-04-26T21:55:16","guid":{"rendered":"https:\/\/www.kirjastokaista.fi\/ai-kaffe-ai-som-stod-i-bibliotekens-vardag\/"},"modified":"2026-04-27T14:33:03","modified_gmt":"2026-04-27T11:33:03","slug":"ai-kaffe-ai-som-stod-i-bibliotekens-vardag","status":"publish","type":"post","link":"https:\/\/www.kirjastokaista.fi\/sv\/ai-kaffe-ai-som-stod-i-bibliotekens-vardag\/","title":{"rendered":"AI-kaffe: AI som st\u00f6d i bibliotekens vardag"},"content":{"rendered":"<p>Detta webbinarium ing\u00e5r i serien AI i bibliotek \u2013 fr\u00e5n grundf\u00f6rst\u00e5else till strategisk utveckling och \u00e4r en del av det nationella AI-projektet. Hur kan AI anv\u00e4ndas i bibliotekens vardag p\u00e5 ett enkelt, effektivt och ansvarsfullt s\u00e4tt? Under webbinariet f\u00e5r du konkreta och praktiska exempel p\u00e5 hur AI kan st\u00f6da bibliotekariens arbete i det dagliga arbetet. Under tillf\u00e4llet utforskar vi tillsammans hur AI kan anv\u00e4ndas i kommunikation, planering och id\u00e9arbete, till exempel i marknadsf\u00f6ring av evenemang, textproduktion och omv\u00e4rldsbevakning. M\u00e5let \u00e4r att ge inspiration och konkreta verktyg som kan hj\u00e4lpa till att spara tid, f\u00f6renkla \u00e5terkommande uppgifter och samtidigt st\u00f6da kvalitet och tydlighet i arbetet.<\/p>\n<p>F\u00f6rel\u00e4sare \u00e4r <strong>Anna H\u00e4ggblom<\/strong>, som arbetar med att utveckla praktiska arbetss\u00e4tt f\u00f6r att anv\u00e4nda AI i bibliotekens vardag. Webbinariet ordnades 24.4.2026.<\/p>\n<p>Undervisnings- och kulturministeriet gav v\u00e5ren 2025 Helsingfors stadsbiblioteks riksomfattande utvecklingsenhet (VAKE) i uppdrag att ansvara f\u00f6r ett nationellt projekt f\u00f6r att utveckla AI-kompetensen inom de allm\u00e4nna biblioteken. Projektets m\u00e5l \u00e4r att st\u00f6dja bibliotekssektorn i att utveckla kunskap, arbetss\u00e4tt och gemensam f\u00f6rst\u00e5else f\u00f6r AI och dess m\u00f6jligheter i biblioteksarbetet.<\/p>\n<p>AI i bibliotek \u00e4r en del av projektet. I webbinarierna reflekterar man tillsammans kring vilka m\u00f6jligheter och utmaningar artificiell intelligens f\u00f6r med sig, samt varf\u00f6r AI-l\u00e4skunnighet blir en allt viktigare medborgarf\u00e4rdighet ocks\u00e5 ur bibliotekens perspektiv. Serien riktar sig till alla som arbetar inom bibliotek och vill st\u00e4rka sin f\u00f6rst\u00e5else f\u00f6r AI, dess m\u00f6jligheter och utmaningar samt hur AI kan anv\u00e4ndas strategiskt och h\u00e5llbart i biblioteksarbetet.<\/p>\n<p>Mer information:<strong data-start=\"91\" data-end=\"111\"><br \/>\n<\/strong>\u2013 <a href=\"https:\/\/www.kirjastokaista.fi\/sv\/digistod\/\">Se fler videor om digist\u00f6d, informationss\u00f6kning och AI p\u00e5 Bibliotekskanalen<\/a><br \/>\n\u2013 <a href=\"https:\/\/www.kirjastokaista.fi\/digituki_ja_tiedonhaku\/\">Se finskspr\u00e5kiga videor om digist\u00f6d, informationss\u00f6kning och AI p\u00e5 Kirjastokaista<\/a><\/p>\n<p>F\u00f6rel\u00e4sare: Anna H\u00e4ggblom<br \/>\nWebinarieseriens arrang\u00f6r: Anneli Haapaharju<br \/>\nTeams-inspelning: Nationella projektet f\u00f6r AI-kompetens inom de allm\u00e4nna biblioteken<\/p>\n","protected":false},"excerpt":{"rendered":"<p>Detta webbinarium ing\u00e5r i serien AI i bibliotek \u2013 fr\u00e5n grundf\u00f6rst\u00e5else till strategisk utveckling och \u00e4r en del av det nationella AI-projektet. Hur kan AI anv\u00e4ndas i bibliotekens vardag p\u00e5 [&hellip;]<\/p>\n","protected":false},"author":3,"featured_media":0,"comment_status":"open","ping_status":"closed","sticky":false,"template":"","format":"video","meta":{"footnotes":""},"categories":[20675,3141,3268],"tags":[24606,24607,24609,24633],"class_list":["post-413579","post","type-post","status-publish","format-video","hentry","category-digistod","category-utbildningskanal","category-live-arkiv","tag-haapaharju-anneli","tag-ai-i-bibliotek","tag-artificiell-intelligens","tag-haggblom-anna","post_format-post-format-video"],"youtube_id":"","vimeo_id":"1186826576","duration":"3923","number_of_plays_sum":"0","videoembed_videoembed":"<iframe src=\"https:\/\/player.vimeo.com\/video\/1186826576\" width=\"550\" height=\"315\" frameborder=\"0\" webkitAllowFullScreen mozallowfullscreen allowFullScreen><\/iframe>","video_language":"svenska","video_thumbnail_large":"https:\/\/i.vimeocdn.com\/video\/2150623376-ee4dfeffbfca342ab8d504967209472bafbc0d2767ad9ca5654543f016508d48-d_640?region=us","video_thumbnail_medium":"https:\/\/i.vimeocdn.com\/video\/2150623376-ee4dfeffbfca342ab8d504967209472bafbc0d2767ad9ca5654543f016508d48-d_200x150?region=us","video_thumbnail_small":"https:\/\/i.vimeocdn.com\/video\/2150623376-ee4dfeffbfca342ab8d504967209472bafbc0d2767ad9ca5654543f016508d48-d_100x75?region=us","yoast_head":"<!-- This site is optimized with the Yoast SEO plugin v23.8 - https:\/\/yoast.com\/wordpress\/plugins\/seo\/ -->\n<title>AI-kaffe: AI som st\u00f6d i bibliotekens vardag - Kirjastokaista<\/title>\n<meta name=\"description\" content=\"AI som st\u00f6d i bibliotekens vardag. F\u00f6rel\u00e4sare \u00e4r Anna H\u00e4ggblom, som arbetar med att utveckla praktiska arbetss\u00e4tt f\u00f6r att anv\u00e4nda AI i bibliotekens vardag. Webbinariet ordnades 24.4.2026.\" \/>\n<meta name=\"robots\" content=\"index, follow, max-snippet:-1, max-image-preview:large, max-video-preview:-1\" \/>\n<link rel=\"canonical\" href=\"https:\/\/www.kirjastokaista.fi\/sv\/ai-kaffe-ai-som-stod-i-bibliotekens-vardag\/\" \/>\n<meta property=\"og:locale\" content=\"fi_FI\" \/>\n<meta property=\"og:type\" content=\"article\" \/>\n<meta property=\"og:title\" content=\"AI-kaffe: AI som st\u00f6d i bibliotekens vardag - Kirjastokaista\" \/>\n<meta property=\"og:description\" content=\"AI som st\u00f6d i bibliotekens vardag. F\u00f6rel\u00e4sare \u00e4r Anna H\u00e4ggblom, som arbetar med att utveckla praktiska arbetss\u00e4tt f\u00f6r att anv\u00e4nda AI i bibliotekens vardag. Webbinariet ordnades 24.4.2026.\" \/>\n<meta property=\"og:url\" content=\"https:\/\/www.kirjastokaista.fi\/sv\/ai-kaffe-ai-som-stod-i-bibliotekens-vardag\/\" \/>\n<meta property=\"og:site_name\" content=\"Kirjastokaista\" \/>\n<meta property=\"article:published_time\" content=\"2026-04-26T21:55:16+00:00\" \/>\n<meta property=\"article:modified_time\" content=\"2026-04-27T11:33:03+00:00\" \/>\n<meta property=\"og:image\" content=\"http:\/\/www.kirjastokaista.fi\/app\/uploads\/2026\/04\/Anna_Haggblom.jpg\" \/>\n\t<meta property=\"og:image:width\" content=\"1920\" \/>\n\t<meta property=\"og:image:height\" content=\"1080\" \/>\n\t<meta property=\"og:image:type\" content=\"image\/jpeg\" \/>\n<meta name=\"author\" content=\"Riitta\" \/>\n<meta name=\"twitter:label1\" content=\"Written by\" \/>\n\t<meta name=\"twitter:data1\" content=\"Riitta\" \/>\n\t<meta name=\"twitter:label2\" content=\"Est. reading time\" \/>\n\t<meta name=\"twitter:data2\" content=\"2 minutes\" \/>\n<script type=\"application\/ld+json\" class=\"yoast-schema-graph\">{\"@context\":\"https:\/\/schema.org\",\"@graph\":[{\"@type\":\"WebPage\",\"@id\":\"https:\/\/www.kirjastokaista.fi\/sv\/ai-kaffe-ai-som-stod-i-bibliotekens-vardag\/\",\"url\":\"https:\/\/www.kirjastokaista.fi\/sv\/ai-kaffe-ai-som-stod-i-bibliotekens-vardag\/\",\"name\":\"AI-kaffe: AI som st\u00f6d i bibliotekens vardag - Kirjastokaista\",\"isPartOf\":{\"@id\":\"https:\/\/www.kirjastokaista.fi\/#website\"},\"datePublished\":\"2026-04-26T21:55:16+00:00\",\"dateModified\":\"2026-04-27T11:33:03+00:00\",\"author\":{\"@id\":\"https:\/\/www.kirjastokaista.fi\/#\/schema\/person\/8272e6b4176d7a435301d1595244f87e\"},\"description\":\"AI som st\u00f6d i bibliotekens vardag. F\u00f6rel\u00e4sare \u00e4r Anna H\u00e4ggblom, som arbetar med att utveckla praktiska arbetss\u00e4tt f\u00f6r att anv\u00e4nda AI i bibliotekens vardag. Webbinariet ordnades 24.4.2026.\",\"breadcrumb\":{\"@id\":\"https:\/\/www.kirjastokaista.fi\/sv\/ai-kaffe-ai-som-stod-i-bibliotekens-vardag\/#breadcrumb\"},\"inLanguage\":\"fi\",\"potentialAction\":[{\"@type\":\"ReadAction\",\"target\":[\"https:\/\/www.kirjastokaista.fi\/sv\/ai-kaffe-ai-som-stod-i-bibliotekens-vardag\/\"]}]},{\"@type\":\"BreadcrumbList\",\"@id\":\"https:\/\/www.kirjastokaista.fi\/sv\/ai-kaffe-ai-som-stod-i-bibliotekens-vardag\/#breadcrumb\",\"itemListElement\":[{\"@type\":\"ListItem\",\"position\":1,\"name\":\"Etusivu\",\"item\":\"https:\/\/www.kirjastokaista.fi\/\"},{\"@type\":\"ListItem\",\"position\":2,\"name\":\"AI-kaffe: AI som st\u00f6d i bibliotekens vardag\"}]},{\"@type\":\"WebSite\",\"@id\":\"https:\/\/www.kirjastokaista.fi\/#website\",\"url\":\"https:\/\/www.kirjastokaista.fi\/\",\"name\":\"Kirjastokaista\",\"description\":\"LIBRARY CHANNEL \u2014 Library WebTV\",\"potentialAction\":[{\"@type\":\"SearchAction\",\"target\":{\"@type\":\"EntryPoint\",\"urlTemplate\":\"https:\/\/www.kirjastokaista.fi\/?s={search_term_string}\"},\"query-input\":{\"@type\":\"PropertyValueSpecification\",\"valueRequired\":true,\"valueName\":\"search_term_string\"}}],\"inLanguage\":\"fi\"},{\"@type\":\"Person\",\"@id\":\"https:\/\/www.kirjastokaista.fi\/#\/schema\/person\/8272e6b4176d7a435301d1595244f87e\",\"name\":\"Riitta\",\"image\":{\"@type\":\"ImageObject\",\"inLanguage\":\"fi\",\"@id\":\"https:\/\/www.kirjastokaista.fi\/#\/schema\/person\/image\/\",\"url\":\"https:\/\/secure.gravatar.com\/avatar\/5e7bcb38fde8f54416389d5a36025a08?s=96&d=mm&r=g\",\"contentUrl\":\"https:\/\/secure.gravatar.com\/avatar\/5e7bcb38fde8f54416389d5a36025a08?s=96&d=mm&r=g\",\"caption\":\"Riitta\"},\"sameAs\":[\"https:\/\/x.com\/rtaarasti\"],\"url\":\"https:\/\/www.kirjastokaista.fi\/author\/riitta\/\"}]}<\/script>\n<meta property=\"og:video\" content=\"https:\/\/player.vimeo.com\/video\/1186826576\" \/>\n<meta property=\"og:video:type\" content=\"text\/html\" \/>\n<meta property=\"og:video:duration\" content=\"3923\" \/>\n<meta property=\"og:video:width\" content=\"1920\" \/>\n<meta property=\"og:video:height\" content=\"1080\" \/>\n<meta property=\"ya:ovs:adult\" content=\"false\" \/>\n<meta property=\"ya:ovs:upload_date\" content=\"2026-04-26T21:55:16+00:00\" \/>\n<meta property=\"ya:ovs:allow_embed\" content=\"true\" \/>\n<!-- \/ Yoast SEO plugin. -->","yoast_head_json":{"title":"AI-kaffe: AI som st\u00f6d i bibliotekens vardag - Kirjastokaista","description":"AI som st\u00f6d i bibliotekens vardag. F\u00f6rel\u00e4sare \u00e4r Anna H\u00e4ggblom, som arbetar med att utveckla praktiska arbetss\u00e4tt f\u00f6r att anv\u00e4nda AI i bibliotekens vardag. Webbinariet ordnades 24.4.2026.","robots":{"index":"index","follow":"follow","max-snippet":"max-snippet:-1","max-image-preview":"max-image-preview:large","max-video-preview":"max-video-preview:-1"},"canonical":"https:\/\/www.kirjastokaista.fi\/sv\/ai-kaffe-ai-som-stod-i-bibliotekens-vardag\/","og_locale":"fi_FI","og_type":"article","og_title":"AI-kaffe: AI som st\u00f6d i bibliotekens vardag - Kirjastokaista","og_description":"AI som st\u00f6d i bibliotekens vardag. F\u00f6rel\u00e4sare \u00e4r Anna H\u00e4ggblom, som arbetar med att utveckla praktiska arbetss\u00e4tt f\u00f6r att anv\u00e4nda AI i bibliotekens vardag. Webbinariet ordnades 24.4.2026.","og_url":"https:\/\/www.kirjastokaista.fi\/sv\/ai-kaffe-ai-som-stod-i-bibliotekens-vardag\/","og_site_name":"Kirjastokaista","article_published_time":"2026-04-26T21:55:16+00:00","article_modified_time":"2026-04-27T11:33:03+00:00","og_image":[{"width":1920,"height":1080,"url":"http:\/\/www.kirjastokaista.fi\/app\/uploads\/2026\/04\/Anna_Haggblom.jpg","type":"image\/jpeg"}],"author":"Riitta","twitter_misc":{"Written by":"Riitta","Est. reading time":"2 minutes"},"schema":{"@context":"https:\/\/schema.org","@graph":[{"@type":"WebPage","@id":"https:\/\/www.kirjastokaista.fi\/sv\/ai-kaffe-ai-som-stod-i-bibliotekens-vardag\/","url":"https:\/\/www.kirjastokaista.fi\/sv\/ai-kaffe-ai-som-stod-i-bibliotekens-vardag\/","name":"AI-kaffe: AI som st\u00f6d i bibliotekens vardag - Kirjastokaista","isPartOf":{"@id":"https:\/\/www.kirjastokaista.fi\/#website"},"datePublished":"2026-04-26T21:55:16+00:00","dateModified":"2026-04-27T11:33:03+00:00","author":{"@id":"https:\/\/www.kirjastokaista.fi\/#\/schema\/person\/8272e6b4176d7a435301d1595244f87e"},"description":"AI som st\u00f6d i bibliotekens vardag. F\u00f6rel\u00e4sare \u00e4r Anna H\u00e4ggblom, som arbetar med att utveckla praktiska arbetss\u00e4tt f\u00f6r att anv\u00e4nda AI i bibliotekens vardag. Webbinariet ordnades 24.4.2026.","breadcrumb":{"@id":"https:\/\/www.kirjastokaista.fi\/sv\/ai-kaffe-ai-som-stod-i-bibliotekens-vardag\/#breadcrumb"},"inLanguage":"fi","potentialAction":[{"@type":"ReadAction","target":["https:\/\/www.kirjastokaista.fi\/sv\/ai-kaffe-ai-som-stod-i-bibliotekens-vardag\/"]}]},{"@type":"BreadcrumbList","@id":"https:\/\/www.kirjastokaista.fi\/sv\/ai-kaffe-ai-som-stod-i-bibliotekens-vardag\/#breadcrumb","itemListElement":[{"@type":"ListItem","position":1,"name":"Etusivu","item":"https:\/\/www.kirjastokaista.fi\/"},{"@type":"ListItem","position":2,"name":"AI-kaffe: AI som st\u00f6d i bibliotekens vardag"}]},{"@type":"WebSite","@id":"https:\/\/www.kirjastokaista.fi\/#website","url":"https:\/\/www.kirjastokaista.fi\/","name":"Kirjastokaista","description":"LIBRARY CHANNEL \u2014 Library WebTV","potentialAction":[{"@type":"SearchAction","target":{"@type":"EntryPoint","urlTemplate":"https:\/\/www.kirjastokaista.fi\/?s={search_term_string}"},"query-input":{"@type":"PropertyValueSpecification","valueRequired":true,"valueName":"search_term_string"}}],"inLanguage":"fi"},{"@type":"Person","@id":"https:\/\/www.kirjastokaista.fi\/#\/schema\/person\/8272e6b4176d7a435301d1595244f87e","name":"Riitta","image":{"@type":"ImageObject","inLanguage":"fi","@id":"https:\/\/www.kirjastokaista.fi\/#\/schema\/person\/image\/","url":"https:\/\/secure.gravatar.com\/avatar\/5e7bcb38fde8f54416389d5a36025a08?s=96&d=mm&r=g","contentUrl":"https:\/\/secure.gravatar.com\/avatar\/5e7bcb38fde8f54416389d5a36025a08?s=96&d=mm&r=g","caption":"Riitta"},"sameAs":["https:\/\/x.com\/rtaarasti"],"url":"https:\/\/www.kirjastokaista.fi\/author\/riitta\/"}]},"og_video":"https:\/\/player.vimeo.com\/video\/1186826576","og_video_type":"text\/html","og_video_duration":"3923","og_video_width":"1920","og_video_height":"1080","ya_ovs_adult":"false","ya_ovs_upload_date":"2026-04-26T21:55:16+00:00","ya_ovs_allow_embed":"true"},"_links":{"self":[{"href":"https:\/\/www.kirjastokaista.fi\/wp-json\/wp\/v2\/posts\/413579","targetHints":{"allow":["GET"]}}],"collection":[{"href":"https:\/\/www.kirjastokaista.fi\/wp-json\/wp\/v2\/posts"}],"about":[{"href":"https:\/\/www.kirjastokaista.fi\/wp-json\/wp\/v2\/types\/post"}],"author":[{"embeddable":true,"href":"https:\/\/www.kirjastokaista.fi\/wp-json\/wp\/v2\/users\/3"}],"replies":[{"embeddable":true,"href":"https:\/\/www.kirjastokaista.fi\/wp-json\/wp\/v2\/comments?post=413579"}],"version-history":[{"count":1,"href":"https:\/\/www.kirjastokaista.fi\/wp-json\/wp\/v2\/posts\/413579\/revisions"}],"predecessor-version":[{"id":413585,"href":"https:\/\/www.kirjastokaista.fi\/wp-json\/wp\/v2\/posts\/413579\/revisions\/413585"}],"wp:attachment":[{"href":"https:\/\/www.kirjastokaista.fi\/wp-json\/wp\/v2\/media?parent=413579"}],"wp:term":[{"taxonomy":"category","embeddable":true,"href":"https:\/\/www.kirjastokaista.fi\/wp-json\/wp\/v2\/categories?post=413579"},{"taxonomy":"post_tag","embeddable":true,"href":"https:\/\/www.kirjastokaista.fi\/wp-json\/wp\/v2\/tags?post=413579"}],"curies":[{"name":"wp","href":"https:\/\/api.w.org\/{rel}","templated":true}]}}