{"id":409436,"date":"2025-02-24T13:59:49","date_gmt":"2025-02-24T11:59:49","guid":{"rendered":"https:\/\/www.kirjastokaista.fi\/?p=409436"},"modified":"2025-02-24T15:07:08","modified_gmt":"2025-02-24T13:07:08","slug":"bokkarusellen-2025-blev-en-berg-och-dalbana","status":"publish","type":"post","link":"https:\/\/www.kirjastokaista.fi\/sv\/bokkarusellen-2025-blev-en-berg-och-dalbana\/","title":{"rendered":"Bokkarusellen 2025 blev en berg- och dalbana"},"content":{"rendered":"\n<p><strong>I januari 2025 direkts\u00e4nde Bibliotekskanalen evenemanget Bokkarusellen. Bokkarusellen ordnades i \u00e5r f\u00f6r fj\u00e4rde g\u00e5ngen. Evenemanget g\u00e5r ut p\u00e5 att biblioteksanst\u00e4llda fr\u00e5n olika h\u00e5ll i Svenskfinland samlas f\u00f6r att ber\u00e4tta om b\u00f6cker som utkommit under \u00e5ret som g\u00e5tt. Alla bokprat finns nu som separata videor med undertexter h\u00e4r p\u00e5 Bibliotekskanalen.<\/strong><\/p>\n\n\n\n<p>I \u00e5r \u00e4gde Bokkarusellen rum under tv\u00e5 dagar, 22 \u2013 23 januari. Under den f\u00f6rsta dagen presenterades barnb\u00f6cker och under den andra dagen presenterades fr\u00e4mst ungdomsb\u00f6cker och vuxenlitteratur. Nytt f\u00f6r i \u00e5r var att Bokkarusellen filmades p\u00e5 Luckan i Helsingfors. Under dagarna fick vi tr\u00e4ffa b\u00e5de bokpratare som tidigare \u00e5r varit med i Bokkarusellen och nya f\u00f6rm\u00e5gor. Programmet var som vanligt fullsp\u00e4ckat med inspirerande bokprat om intressanta och sp\u00e4nnande b\u00f6cker.<\/p>\n\n\n\n<p>Under den f\u00f6rsta dagen fick vi h\u00f6ra om allt fr\u00e5n pekb\u00f6cker f\u00f6r de allra yngsta till kapitelb\u00f6cker f\u00f6r barn om \u00e4mnen som vardag och v\u00e4nner, sp\u00e4nning, skr\u00e4ck, fantasy och sci-fi. H\u00e4r presenterar Lisa Ahlvik fr\u00e5n Peders\u00f6re kommunbibliotek och Frej Feodoroff fr\u00e5n Borg\u00e5 stadsbibliotek fantasy och sci-fi b\u00f6cker.<\/p>\n\n\n\n<p><\/p>\n\n\n\n<iframe loading=\"lazy\" title=\"vimeo-player\" src=\"https:\/\/player.vimeo.com\/video\/1052190333?h=7b5ae4d114\" width=\"640\" height=\"360\" frameborder=\"0\"    allowfullscreen><\/iframe>\n\n\n\n<p>Mer information:<strong> <\/strong><a href=\"https:\/\/www.kirjastokaista.fi\/sv\/lisa-ahlvik-och-frej-feodoroff-bokkarusellen-2025-fantasy-och-sci-fi\/\"><strong>Lisa Ahlvik och Frej Feodoroff: Bokkarusellen 2025 \u2013 Fantasy och sci-fi<\/strong><\/a><\/p>\n\n\n\n<p>En nyhet f\u00f6r i \u00e5r var ocks\u00e5 de sp\u00e4nnande \u201dbokr\u00e5den\u201d, ett f\u00f6r barnb\u00f6cker och ett f\u00f6r ungdomsb\u00f6cker. Bokr\u00e5den gick ut p\u00e5 att fyra bokpratare under ledning av Larrie Griffis fr\u00e5n Luckan diskuterade och gav po\u00e4ng \u00e5t fem olika b\u00f6cker och motiverade sina val. Po\u00e4ngen r\u00e4knades sedan ihop och den bok som f\u00e5tt mest po\u00e4ng vann. I bokr\u00e5det f\u00f6r barnb\u00f6cker po\u00e4ngsatte juryn f\u00f6ljande b\u00f6cker:<\/p>\n\n\n\n<ul class=\"wp-block-list\">\n<li><a href=\"https:\/\/www.boksampo.fi\/sv\/kulsa\/http%253A%252F%252Fdata.kirjasampo.fi%252FabstractWork_7471034\">Bj\u00e4rbo, Lisa; Lindb\u00e4ck, Johanna; Ohlsson, Sara: Tretton<\/a><\/li>\n\n\n\n<li><a href=\"https:\/\/www.boksampo.fi\/sv\/kulsa\/http%253A%252F%252Fdata.kirjasampo.fi%252FabstractWork_7461666\">Bondestam, Linda: Chop chop : en tapper jordbos ber\u00e4ttelse<\/a><\/li>\n\n\n\n<li><a href=\"https:\/\/www.boksampo.fi\/sv\/kulsa\/http%253A%252F%252Fdata.kirjasampo.fi%252FabstractWork_7437951\">Friedner, Cina: Det v\u00e4rsta som kan h\u00e4nda \u00e4r allt<\/a><\/li>\n\n\n\n<li><a href=\"https:\/\/www.boksampo.fi\/sv\/kulsa\/http%253A%252F%252Fdata.kirjasampo.fi%252FabstractWork_7454739\">Olczak, Martin: Pojke av tr\u00e4<\/a><\/li>\n\n\n\n<li><a href=\"https:\/\/www.boksampo.fi\/sv\/kulsa\/http%253A%252F%252Fdata.kirjasampo.fi%252FabstractWork_7461664\">Turtschaninoff, Maria: Mantikoran<\/a><\/li>\n<\/ul>\n\n\n\n<p><\/p>\n\n\n\n<iframe loading=\"lazy\" title=\"vimeo-player\" src=\"https:\/\/player.vimeo.com\/video\/1052190566?h=d0771d3093\" width=\"640\" height=\"360\" frameborder=\"0\"    allowfullscreen><\/iframe>\n\n\n\n<p>Mer information: <a href=\"https:\/\/www.kirjastokaista.fi\/sv\/bokkarusellen-2025-bokrad-pa-barnlitteraturdagen\/\">Bokkarusellen 2025: Bokr\u00e5d p\u00e5 barnlitteraturdagen<\/a><\/p>\n\n\n\n<p>Under Bokkarusellens andra dag fick vi h\u00f6ra bokprat bland annat om finlandssvenska barn- och ungdomsb\u00f6cker, serier och grafiska romaner f\u00f6r barn och unga, samt om fackb\u00f6cker f\u00f6r b\u00e5de barn, ungdomar och vuxna. Vi fick ocks\u00e5 h\u00f6ra bokr\u00e5det f\u00f6r ungdomsb\u00f6cker diskutera och po\u00e4ngs\u00e4tta nedanst\u00e5ende b\u00f6cker.<\/p>\n\n\n\n<ul class=\"wp-block-list\">\n<li>&nbsp;<a href=\"https:\/\/www.boksampo.fi\/sv\/kulsa\/http%253A%252F%252Fdata.kirjasampo.fi%252FabstractWork_7456332\">Adamsdotter, Annelie: Med kn\u00e4ppta h\u00e4nder p\u00e5 Pressbyr\u00e5ns kundtoalett<\/a><\/li>\n\n\n\n<li><a href=\"https:\/\/www.boksampo.fi\/sv\/kulsa\/http%253A%252F%252Fdata.kirjasampo.fi%252FabstractWork_7428080\">D\u00e5snes, Nora: Missat samtal<\/a><\/li>\n\n\n\n<li><a href=\"https:\/\/www.boksampo.fi\/sv\/kulsa\/http%253A%252F%252Fdata.kirjasampo.fi%252FabstractWork_7442870\">Lidbeck, Petter: Sex miljarder<\/a><\/li>\n\n\n\n<li><a href=\"https:\/\/www.boksampo.fi\/sv\/kulsa\/http%253A%252F%252Fdata.kirjasampo.fi%252FabstractWork_7432229\">Solberger, Johanna: Den st\u00f6rsta l\u00f6gnen<\/a><\/li>\n\n\n\n<li><a href=\"https:\/\/www.boksampo.fi\/sv\/kulsa\/http%253A%252F%252Fdata.kirjasampo.fi%252FabstractWork_7463131\">Str\u00f6mberg, Ellen: Ingen b\u00f6rjan inget slut<\/a><\/li>\n<\/ul>\n\n\n\n<p><\/p>\n\n\n\n<iframe loading=\"lazy\" title=\"vimeo-player\" src=\"https:\/\/player.vimeo.com\/video\/1052192216?h=84fc7b50ea\" width=\"640\" height=\"360\" frameborder=\"0\"    allowfullscreen><\/iframe>\n\n\n\n<p>Mer information: <a href=\"https:\/\/www.kirjastokaista.fi\/sv\/bokkarusellen-2025-bokrad-pa-ungdomslitteraturdagen\/\">Bokkarusellen 2025: Bokr\u00e5d p\u00e5 ungdomslitteraturdagen<\/a><\/p>\n\n\n\n<p>Bokpraten om sk\u00f6nlitteratur f\u00f6r vuxna skedde i \u00e5r i form av en talkshow ledd av journalisten Antti Koivukangas. Under talkshowen presentade Katarina Barkar cosy crime-b\u00f6cker, Sara S\u00f6derbacka ber\u00e4ttade om sp\u00e4nningsb\u00f6cker och Sara Nordlund &#8211; Laurent ber\u00e4ttade om b\u00f6cker som platsade under rubriken Livserk eller livsv\u00e4rk?&nbsp;<\/p>\n\n\n\n<p><\/p>\n\n\n\n<iframe loading=\"lazy\" title=\"vimeo-player\" src=\"https:\/\/player.vimeo.com\/video\/1052192711?h=b0fbe275a6\" width=\"640\" height=\"360\" frameborder=\"0\"    allowfullscreen><\/iframe>\n\n\n\n<p>Mer information:<strong> <\/strong><a href=\"https:\/\/www.kirjastokaista.fi\/sv\/bokkarusellen-2025-talkshow\/\"><strong>Bokkarusellen 2025: Talkshow<\/strong><\/a><\/p>\n\n\n\n<p>Bokkarusellen 2025 avslutades med ett samtal lett av Antti Koivukangas. Han sammanfattade dagarna med att de varit som en <em>bok-berg- och dalbana med livets upp och ner b\u00e5de i \u00e5lder, dramaturgi och inneh\u00e5ll<\/em>. Det avslutande samtalet hade temat vuxnas l\u00e4sning (och icke-l\u00e4sning). Susanne Ahlroth, tidigare biblioteksinspekt\u00f6r vid Regionf\u00f6rvaltningsverket och Salomon Hellman, biblioteksutvecklare p\u00e5 Nordisk kulturkontakts bibliotek diskuterade kring temat tillsammans med Antti Koivukangas.<\/p>\n\n\n\n<p><\/p>\n\n\n\n<iframe loading=\"lazy\" title=\"vimeo-player\" src=\"https:\/\/player.vimeo.com\/video\/1052193986?h=3d9be74c87\" width=\"640\" height=\"360\" frameborder=\"0\"    allowfullscreen><\/iframe>\n\n\n\n<p>Mer information: <a href=\"https:\/\/www.kirjastokaista.fi\/sv\/bokkarusellen-2025-avslutande-samtal\/\">Bokkarusellen 2025: Avslutande samtal<\/a><\/p>\n\n\n\n<p>Bokkarusellen \u00e4r ett \u00e5rligen \u00e5terkommande evenemang. M\u00e5lgrupperna \u00e4r i f\u00f6rsta hand personal inom bibliotek, sm\u00e5barnspedagogik och skola, men bokpraten passar ocks\u00e5 alla andra som vill f\u00e5 tips om nyutkomna b\u00f6cker p\u00e5 svenska.&nbsp;<\/p>\n\n\n\n<p>Bokkarusellen 2025 arrangerades av Svenska samarbetsgruppen f\u00f6r utvecklingsuppdrag \u00c5ke, som best\u00e5r av representanter f\u00f6r utvecklingsuppdragen vid Borg\u00e5, Helsingfors, Vasa och \u00c5bo stadsbibliotek, samt Regionf\u00f6rvaltningsverket och Erte (det riksomfattande specialuppdraget som fr\u00e4mjar barn och ungas l\u00e4sande och l\u00e4skunnighet), i samarbete med Kirjastokaista \u2013 Bibliotekskanalen och Luckan i Helsingfors.<\/p>\n\n\n\n<h2 class=\"wp-block-heading\">Alla bokprat inspelade under Bokkarusellen-evenemangen<\/h2>\n\n\n\n<ul class=\"wp-block-list\">\n<li><a href=\"https:\/\/www.kirjastokaista.fi\/sv\/tag\/bokkarusellen-2025\/\">Alla videor fr\u00e5n Bokkarusellen 2025<\/a><\/li>\n\n\n\n<li><a href=\"https:\/\/www.kirjastokaista.fi\/sv\/tag\/bokkarusellen-2024\/\">Alla videor fr\u00e5n Bokkarusellen 2024<\/a><\/li>\n\n\n\n<li><a href=\"http:\/\/www.kirjastokaista.fi\/sv\/tag\/bokkarusellen-2023\">Alla videor fr\u00e5n Bokkarusellen 2023<\/a><\/li>\n\n\n\n<li><a href=\"http:\/\/www.kirjastokaista.fi\/sv\/tag\/bokkarusellen-2022\">Alla videor fr\u00e5n Bokkarusellen 2022<\/a><\/li>\n<\/ul>\n\n\n\n<h2 class=\"wp-block-heading\">L\u00e4s mera om b\u00f6ckerna som presenterades i Bokkarusellen<\/h2>\n\n\n\n<p>B\u00f6ckerna som presenterades i Bokkarusellen 2025 finns listade i Boksampo. D\u00e4r hittar du ocks\u00e5 listor \u00f6ver de b\u00f6cker som tidigare \u00e5r presenterats i Bokkarusellen.<\/p>\n\n\n\n<ul class=\"wp-block-list\">\n<li><a href=\"https:\/\/www.boksampo.fi\/sv\/bokkarusellen2025-dag1\">Bokhylla: Bokkarusellen 2025, dag 1: barnb\u00f6cker<\/a><\/li>\n\n\n\n<li><a href=\"https:\/\/www.boksampo.fi\/sv\/bokkarusellen2025-dag2\">Bokhylla: Bokarusellen 2025, dag 2: barn &amp; ungdomsb\u00f6cker, vuxenb\u00f6cker<\/a><\/li>\n<\/ul>\n\n\n\n<ul class=\"wp-block-list\">\n<li><a href=\"https:\/\/www.boksampo.fi\/sv\/node\/14025?fbclid=IwAR1ino8oicBh4BYBMc8B2ocYvo0yZwmuAVXpvVCvoLnK1OB-zphPfeJRKn8\">Bokhylla: Bokkarusellen 2024<\/a><\/li>\n\n\n\n<li><a href=\"https:\/\/www.boksampo.fi\/sv\/node\/13654\">Bokhylla: Bokkarusellen 2023<\/a><\/li>\n\n\n\n<li><a href=\"https:\/\/www.boksampo.fi\/sv\/node\/13163\">Bokhylla: Bokkarusellen 2022<\/a><br><\/li>\n<\/ul>\n\n\n\n<p>&#8211; Anna-Maria Malm, 24.2.2025 &#8211; <\/p>\n","protected":false},"excerpt":{"rendered":"<p>I januari 2025 direkts\u00e4nde Bibliotekskanalen evenemanget Bokkarusellen. Bokkarusellen ordnades i \u00e5r f\u00f6r fj\u00e4rde g\u00e5ngen. Evenemanget g\u00e5r ut p\u00e5 att biblioteksanst\u00e4llda fr\u00e5n olika h\u00e5ll i Svenskfinland samlas f\u00f6r att ber\u00e4tta om [&hellip;]<\/p>\n","protected":false},"author":3,"featured_media":409450,"comment_status":"open","ping_status":"open","sticky":false,"template":"","format":"standard","meta":{"footnotes":""},"categories":[3173],"tags":[7053,8231,18535,18653,19586,23030,24235],"class_list":["post-409436","post","type-post","status-publish","format-standard","has-post-thumbnail","hentry","category-i-fokus","tag-bocker-sv","tag-bokprat-sv","tag-facklitteratur","tag-barnlitteratur","tag-ungdomslitteratur","tag-litteratur-pa-svenska","tag-bokkarusellen-2025"],"youtube_id":"","vimeo_id":"","duration":"","number_of_plays_sum":"","videoembed_videoembed":"","video_language":"","video_thumbnail_large":"","video_thumbnail_medium":"","video_thumbnail_small":"","yoast_head":"<!-- This site is optimized with the Yoast SEO plugin v23.8 - https:\/\/yoast.com\/wordpress\/plugins\/seo\/ -->\n<title>Bokkarusellen 2025 blev en berg- och dalbana - Kirjastokaista<\/title>\n<meta name=\"description\" content=\"I januari 2025 direkts\u00e4nde Bibliotekskanalen evenemanget Bokkarusellen. Bokkarusellen ordnades i \u00e5r f\u00f6r fj\u00e4rde g\u00e5ngen. Alla bokprat finns nu som separata videor med undertexter h\u00e4r p\u00e5 Bibliotekskanalen.\" \/>\n<meta name=\"robots\" content=\"index, follow, max-snippet:-1, max-image-preview:large, max-video-preview:-1\" \/>\n<link rel=\"canonical\" href=\"https:\/\/www.kirjastokaista.fi\/sv\/bokkarusellen-2025-blev-en-berg-och-dalbana\/\" \/>\n<meta property=\"og:locale\" content=\"fi_FI\" \/>\n<meta property=\"og:type\" content=\"article\" \/>\n<meta property=\"og:title\" content=\"Bokkarusellen 2025 blev en berg- och dalbana - Kirjastokaista\" \/>\n<meta property=\"og:description\" content=\"I januari 2025 direkts\u00e4nde Bibliotekskanalen evenemanget Bokkarusellen. Bokkarusellen ordnades i \u00e5r f\u00f6r fj\u00e4rde g\u00e5ngen. Alla bokprat finns nu som separata videor med undertexter h\u00e4r p\u00e5 Bibliotekskanalen.\" \/>\n<meta property=\"og:url\" content=\"https:\/\/www.kirjastokaista.fi\/sv\/bokkarusellen-2025-blev-en-berg-och-dalbana\/\" \/>\n<meta property=\"og:site_name\" content=\"Kirjastokaista\" \/>\n<meta property=\"article:published_time\" content=\"2025-02-24T11:59:49+00:00\" \/>\n<meta property=\"article:modified_time\" content=\"2025-02-24T13:07:08+00:00\" \/>\n<meta property=\"og:image\" content=\"http:\/\/www.kirjastokaista.fi\/app\/uploads\/2025\/02\/Bokkarusellen_2025_Bibliotekskanalen_I_Focus.png\" \/>\n\t<meta property=\"og:image:width\" content=\"770\" \/>\n\t<meta property=\"og:image:height\" content=\"441\" \/>\n\t<meta property=\"og:image:type\" content=\"image\/png\" \/>\n<meta name=\"author\" content=\"Riitta\" \/>\n<meta name=\"twitter:label1\" content=\"Written by\" \/>\n\t<meta name=\"twitter:data1\" content=\"Riitta\" \/>\n\t<meta name=\"twitter:label2\" content=\"Est. reading time\" \/>\n\t<meta name=\"twitter:data2\" content=\"5 minutes\" \/>\n<script type=\"application\/ld+json\" class=\"yoast-schema-graph\">{\"@context\":\"https:\/\/schema.org\",\"@graph\":[{\"@type\":\"WebPage\",\"@id\":\"https:\/\/www.kirjastokaista.fi\/sv\/bokkarusellen-2025-blev-en-berg-och-dalbana\/\",\"url\":\"https:\/\/www.kirjastokaista.fi\/sv\/bokkarusellen-2025-blev-en-berg-och-dalbana\/\",\"name\":\"Bokkarusellen 2025 blev en berg- och dalbana - Kirjastokaista\",\"isPartOf\":{\"@id\":\"https:\/\/www.kirjastokaista.fi\/#website\"},\"primaryImageOfPage\":{\"@id\":\"https:\/\/www.kirjastokaista.fi\/sv\/bokkarusellen-2025-blev-en-berg-och-dalbana\/#primaryimage\"},\"image\":{\"@id\":\"https:\/\/www.kirjastokaista.fi\/sv\/bokkarusellen-2025-blev-en-berg-och-dalbana\/#primaryimage\"},\"thumbnailUrl\":\"https:\/\/www.kirjastokaista.fi\/app\/uploads\/2025\/02\/Bokkarusellen_2025_Bibliotekskanalen_I_Focus.png\",\"datePublished\":\"2025-02-24T11:59:49+00:00\",\"dateModified\":\"2025-02-24T13:07:08+00:00\",\"author\":{\"@id\":\"https:\/\/www.kirjastokaista.fi\/#\/schema\/person\/8272e6b4176d7a435301d1595244f87e\"},\"description\":\"I januari 2025 direkts\u00e4nde Bibliotekskanalen evenemanget Bokkarusellen. Bokkarusellen ordnades i \u00e5r f\u00f6r fj\u00e4rde g\u00e5ngen. Alla bokprat finns nu som separata videor med undertexter h\u00e4r p\u00e5 Bibliotekskanalen.\",\"breadcrumb\":{\"@id\":\"https:\/\/www.kirjastokaista.fi\/sv\/bokkarusellen-2025-blev-en-berg-och-dalbana\/#breadcrumb\"},\"inLanguage\":\"fi\",\"potentialAction\":[{\"@type\":\"ReadAction\",\"target\":[\"https:\/\/www.kirjastokaista.fi\/sv\/bokkarusellen-2025-blev-en-berg-och-dalbana\/\"]}]},{\"@type\":\"ImageObject\",\"inLanguage\":\"fi\",\"@id\":\"https:\/\/www.kirjastokaista.fi\/sv\/bokkarusellen-2025-blev-en-berg-och-dalbana\/#primaryimage\",\"url\":\"https:\/\/www.kirjastokaista.fi\/app\/uploads\/2025\/02\/Bokkarusellen_2025_Bibliotekskanalen_I_Focus.png\",\"contentUrl\":\"https:\/\/www.kirjastokaista.fi\/app\/uploads\/2025\/02\/Bokkarusellen_2025_Bibliotekskanalen_I_Focus.png\",\"width\":770,\"height\":441},{\"@type\":\"BreadcrumbList\",\"@id\":\"https:\/\/www.kirjastokaista.fi\/sv\/bokkarusellen-2025-blev-en-berg-och-dalbana\/#breadcrumb\",\"itemListElement\":[{\"@type\":\"ListItem\",\"position\":1,\"name\":\"Etusivu\",\"item\":\"https:\/\/www.kirjastokaista.fi\/\"},{\"@type\":\"ListItem\",\"position\":2,\"name\":\"Bokkarusellen 2025 blev en berg- och dalbana\"}]},{\"@type\":\"WebSite\",\"@id\":\"https:\/\/www.kirjastokaista.fi\/#website\",\"url\":\"https:\/\/www.kirjastokaista.fi\/\",\"name\":\"Kirjastokaista\",\"description\":\"LIBRARY CHANNEL \u2014 Library WebTV\",\"potentialAction\":[{\"@type\":\"SearchAction\",\"target\":{\"@type\":\"EntryPoint\",\"urlTemplate\":\"https:\/\/www.kirjastokaista.fi\/?s={search_term_string}\"},\"query-input\":{\"@type\":\"PropertyValueSpecification\",\"valueRequired\":true,\"valueName\":\"search_term_string\"}}],\"inLanguage\":\"fi\"},{\"@type\":\"Person\",\"@id\":\"https:\/\/www.kirjastokaista.fi\/#\/schema\/person\/8272e6b4176d7a435301d1595244f87e\",\"name\":\"Riitta\",\"image\":{\"@type\":\"ImageObject\",\"inLanguage\":\"fi\",\"@id\":\"https:\/\/www.kirjastokaista.fi\/#\/schema\/person\/image\/\",\"url\":\"https:\/\/secure.gravatar.com\/avatar\/5e7bcb38fde8f54416389d5a36025a08?s=96&d=mm&r=g\",\"contentUrl\":\"https:\/\/secure.gravatar.com\/avatar\/5e7bcb38fde8f54416389d5a36025a08?s=96&d=mm&r=g\",\"caption\":\"Riitta\"},\"sameAs\":[\"https:\/\/x.com\/rtaarasti\"],\"url\":\"https:\/\/www.kirjastokaista.fi\/author\/riitta\/\"}]}<\/script>\n<meta property=\"og:video\" content=\"https:\/\/player.vimeo.com\/video\/1052190333\" \/>\n<meta property=\"og:video:type\" content=\"text\/html\" \/>\n<meta property=\"og:video:duration\" content=\"1174\" \/>\n<meta property=\"og:video:width\" content=\"1920\" \/>\n<meta property=\"og:video:height\" content=\"1080\" \/>\n<meta property=\"ya:ovs:adult\" content=\"false\" \/>\n<meta property=\"ya:ovs:upload_date\" content=\"2025-02-24T11:59:49+00:00\" \/>\n<meta property=\"ya:ovs:allow_embed\" content=\"true\" \/>\n<!-- \/ Yoast SEO plugin. -->","yoast_head_json":{"title":"Bokkarusellen 2025 blev en berg- och dalbana - Kirjastokaista","description":"I januari 2025 direkts\u00e4nde Bibliotekskanalen evenemanget Bokkarusellen. Bokkarusellen ordnades i \u00e5r f\u00f6r fj\u00e4rde g\u00e5ngen. Alla bokprat finns nu som separata videor med undertexter h\u00e4r p\u00e5 Bibliotekskanalen.","robots":{"index":"index","follow":"follow","max-snippet":"max-snippet:-1","max-image-preview":"max-image-preview:large","max-video-preview":"max-video-preview:-1"},"canonical":"https:\/\/www.kirjastokaista.fi\/sv\/bokkarusellen-2025-blev-en-berg-och-dalbana\/","og_locale":"fi_FI","og_type":"article","og_title":"Bokkarusellen 2025 blev en berg- och dalbana - Kirjastokaista","og_description":"I januari 2025 direkts\u00e4nde Bibliotekskanalen evenemanget Bokkarusellen. Bokkarusellen ordnades i \u00e5r f\u00f6r fj\u00e4rde g\u00e5ngen. Alla bokprat finns nu som separata videor med undertexter h\u00e4r p\u00e5 Bibliotekskanalen.","og_url":"https:\/\/www.kirjastokaista.fi\/sv\/bokkarusellen-2025-blev-en-berg-och-dalbana\/","og_site_name":"Kirjastokaista","article_published_time":"2025-02-24T11:59:49+00:00","article_modified_time":"2025-02-24T13:07:08+00:00","og_image":[{"width":770,"height":441,"url":"http:\/\/www.kirjastokaista.fi\/app\/uploads\/2025\/02\/Bokkarusellen_2025_Bibliotekskanalen_I_Focus.png","type":"image\/png"}],"author":"Riitta","twitter_misc":{"Written by":"Riitta","Est. reading time":"5 minutes"},"schema":{"@context":"https:\/\/schema.org","@graph":[{"@type":"WebPage","@id":"https:\/\/www.kirjastokaista.fi\/sv\/bokkarusellen-2025-blev-en-berg-och-dalbana\/","url":"https:\/\/www.kirjastokaista.fi\/sv\/bokkarusellen-2025-blev-en-berg-och-dalbana\/","name":"Bokkarusellen 2025 blev en berg- och dalbana - Kirjastokaista","isPartOf":{"@id":"https:\/\/www.kirjastokaista.fi\/#website"},"primaryImageOfPage":{"@id":"https:\/\/www.kirjastokaista.fi\/sv\/bokkarusellen-2025-blev-en-berg-och-dalbana\/#primaryimage"},"image":{"@id":"https:\/\/www.kirjastokaista.fi\/sv\/bokkarusellen-2025-blev-en-berg-och-dalbana\/#primaryimage"},"thumbnailUrl":"https:\/\/www.kirjastokaista.fi\/app\/uploads\/2025\/02\/Bokkarusellen_2025_Bibliotekskanalen_I_Focus.png","datePublished":"2025-02-24T11:59:49+00:00","dateModified":"2025-02-24T13:07:08+00:00","author":{"@id":"https:\/\/www.kirjastokaista.fi\/#\/schema\/person\/8272e6b4176d7a435301d1595244f87e"},"description":"I januari 2025 direkts\u00e4nde Bibliotekskanalen evenemanget Bokkarusellen. Bokkarusellen ordnades i \u00e5r f\u00f6r fj\u00e4rde g\u00e5ngen. Alla bokprat finns nu som separata videor med undertexter h\u00e4r p\u00e5 Bibliotekskanalen.","breadcrumb":{"@id":"https:\/\/www.kirjastokaista.fi\/sv\/bokkarusellen-2025-blev-en-berg-och-dalbana\/#breadcrumb"},"inLanguage":"fi","potentialAction":[{"@type":"ReadAction","target":["https:\/\/www.kirjastokaista.fi\/sv\/bokkarusellen-2025-blev-en-berg-och-dalbana\/"]}]},{"@type":"ImageObject","inLanguage":"fi","@id":"https:\/\/www.kirjastokaista.fi\/sv\/bokkarusellen-2025-blev-en-berg-och-dalbana\/#primaryimage","url":"https:\/\/www.kirjastokaista.fi\/app\/uploads\/2025\/02\/Bokkarusellen_2025_Bibliotekskanalen_I_Focus.png","contentUrl":"https:\/\/www.kirjastokaista.fi\/app\/uploads\/2025\/02\/Bokkarusellen_2025_Bibliotekskanalen_I_Focus.png","width":770,"height":441},{"@type":"BreadcrumbList","@id":"https:\/\/www.kirjastokaista.fi\/sv\/bokkarusellen-2025-blev-en-berg-och-dalbana\/#breadcrumb","itemListElement":[{"@type":"ListItem","position":1,"name":"Etusivu","item":"https:\/\/www.kirjastokaista.fi\/"},{"@type":"ListItem","position":2,"name":"Bokkarusellen 2025 blev en berg- och dalbana"}]},{"@type":"WebSite","@id":"https:\/\/www.kirjastokaista.fi\/#website","url":"https:\/\/www.kirjastokaista.fi\/","name":"Kirjastokaista","description":"LIBRARY CHANNEL \u2014 Library WebTV","potentialAction":[{"@type":"SearchAction","target":{"@type":"EntryPoint","urlTemplate":"https:\/\/www.kirjastokaista.fi\/?s={search_term_string}"},"query-input":{"@type":"PropertyValueSpecification","valueRequired":true,"valueName":"search_term_string"}}],"inLanguage":"fi"},{"@type":"Person","@id":"https:\/\/www.kirjastokaista.fi\/#\/schema\/person\/8272e6b4176d7a435301d1595244f87e","name":"Riitta","image":{"@type":"ImageObject","inLanguage":"fi","@id":"https:\/\/www.kirjastokaista.fi\/#\/schema\/person\/image\/","url":"https:\/\/secure.gravatar.com\/avatar\/5e7bcb38fde8f54416389d5a36025a08?s=96&d=mm&r=g","contentUrl":"https:\/\/secure.gravatar.com\/avatar\/5e7bcb38fde8f54416389d5a36025a08?s=96&d=mm&r=g","caption":"Riitta"},"sameAs":["https:\/\/x.com\/rtaarasti"],"url":"https:\/\/www.kirjastokaista.fi\/author\/riitta\/"}]},"og_video":"https:\/\/player.vimeo.com\/video\/1052190333","og_video_type":"text\/html","og_video_duration":"1174","og_video_width":"1920","og_video_height":"1080","ya_ovs_adult":"false","ya_ovs_upload_date":"2025-02-24T11:59:49+00:00","ya_ovs_allow_embed":"true"},"_links":{"self":[{"href":"https:\/\/www.kirjastokaista.fi\/wp-json\/wp\/v2\/posts\/409436","targetHints":{"allow":["GET"]}}],"collection":[{"href":"https:\/\/www.kirjastokaista.fi\/wp-json\/wp\/v2\/posts"}],"about":[{"href":"https:\/\/www.kirjastokaista.fi\/wp-json\/wp\/v2\/types\/post"}],"author":[{"embeddable":true,"href":"https:\/\/www.kirjastokaista.fi\/wp-json\/wp\/v2\/users\/3"}],"replies":[{"embeddable":true,"href":"https:\/\/www.kirjastokaista.fi\/wp-json\/wp\/v2\/comments?post=409436"}],"version-history":[{"count":5,"href":"https:\/\/www.kirjastokaista.fi\/wp-json\/wp\/v2\/posts\/409436\/revisions"}],"predecessor-version":[{"id":409445,"href":"https:\/\/www.kirjastokaista.fi\/wp-json\/wp\/v2\/posts\/409436\/revisions\/409445"}],"wp:featuredmedia":[{"embeddable":true,"href":"https:\/\/www.kirjastokaista.fi\/wp-json\/wp\/v2\/media\/409450"}],"wp:attachment":[{"href":"https:\/\/www.kirjastokaista.fi\/wp-json\/wp\/v2\/media?parent=409436"}],"wp:term":[{"taxonomy":"category","embeddable":true,"href":"https:\/\/www.kirjastokaista.fi\/wp-json\/wp\/v2\/categories?post=409436"},{"taxonomy":"post_tag","embeddable":true,"href":"https:\/\/www.kirjastokaista.fi\/wp-json\/wp\/v2\/tags?post=409436"}],"curies":[{"name":"wp","href":"https:\/\/api.w.org\/{rel}","templated":true}]}}