{"id":409267,"date":"2025-02-11T02:13:49","date_gmt":"2025-02-11T00:13:49","guid":{"rendered":"https:\/\/www.kirjastokaista.fi\/sara-nordlund-laurent-bokkarusellen-2025-finlandssvenska-barn-och-ungdomsbocker\/"},"modified":"2025-02-17T13:55:16","modified_gmt":"2025-02-17T11:55:16","slug":"sara-nordlund-laurent-bokkarusellen-2025-finlandssvenska-barn-och-ungdomsbocker","status":"publish","type":"post","link":"https:\/\/www.kirjastokaista.fi\/sv\/sara-nordlund-laurent-bokkarusellen-2025-finlandssvenska-barn-och-ungdomsbocker\/","title":{"rendered":"Sara Nordlund-Laurent: Bokkarusellen 2025 \u2013 Finlandssvenska barn- och ungdomsb\u00f6cker"},"content":{"rendered":"<p>Livestream-inspelning av presentationen \u201cFinlandssvenska barn- och ungdomsb\u00f6cker\u201d som h\u00e5lls av <strong>Sara Nordlund-Laurent<\/strong> fr\u00e5n Esbo stadsbibliotek. \u201cBokkarusellen 2025\u201d h\u00f6lls den 22-23 januari 2025 p\u00e5 Luckan. Bibliotekspersonal fr\u00e5n olika delar av Svenskfinland bokpratade live p\u00e5 Bibliotekskanalen om b\u00f6cker som utkom \u00e5r 2024. Vill du hitta nya b\u00f6cker att l\u00e4sa h\u00f6gt eller l\u00e4gga i h\u00e4nderna p\u00e5 barn och unga? Eller f\u00e5 tips p\u00e5 b\u00f6cker att l\u00e4sa sj\u00e4lv och rekommendera andra? Du kan fortfarande se bokpraten i efterhand p\u00e5 Bibliotekskanalen.<\/p>\n<p>Program:<br \/>\n\u2013 Dag 1: Barnb\u00f6cker<br \/>\n\u2013 Dag 2: Ungdomsb\u00f6cker &amp; b\u00f6cker f\u00f6r vuxna<\/p>\n<p>Bokkarusellen arrangerades av Svenska samarbetsgruppen f\u00f6r utvecklingsuppdrag \u00c5KE (Borg\u00e5, Helsingfors, Vasa och \u00c5bo stadsbibliotek samt Regionf\u00f6rvaltningsverket) i samarbete med Kirjastokaista \u2013 Bibliotekskanalen och Erte (Det riksomfattande specialuppdraget som fr\u00e4mjar barn och ungas l\u00e4sande och l\u00e4skunnighet).<\/p>\n<p>L\u00e4s mer:<br \/>\n<a href=\"https:\/\/www.kirjastokaista.fi\/sv\/tag\/bokkarusellen-2025\/\">Alla videor fr\u00e5n Bokkarusellen 2025<\/a><br \/>\n<a href=\"https:\/\/www.kirjastokaista.fi\/sv\/tag\/bokkarusellen-2024\/\">Alla videor fr\u00e5n Bokkarusellen 2024<\/a><br \/>\n<a href=\"http:\/\/www.kirjastokaista.fi\/sv\/tag\/bokkarusellen-2023\">Alla videor fr\u00e5n Bokkarusellen 2023<\/a><br \/>\n<a href=\"http:\/\/www.kirjastokaista.fi\/sv\/tag\/bokkarusellen-2022\">Alla videor fr\u00e5n Bokkarusellen 2022<\/a><\/p>\n<p>B\u00f6ckerna som presenteras i Bokkarusellen 2025 finns listade i Boksampo. I Boksampo kan du l\u00e4sa mer om b\u00f6ckerna.<br \/>\n<a href=\"https:\/\/www.boksampo.fi\/sv\/bokkarusellen2025-dag1\">Bokkarusellen 2025, dag 1: barnb\u00f6cker<\/a><br \/>\n<a href=\"https:\/\/www.boksampo.fi\/sv\/bokkarusellen2025-dag2\">Bokkarusellen 2025, dag 2: barn &amp; ungdomsb\u00f6cker, vuxenb\u00f6cker<\/a><\/p>\n<p>Live-stream: Joonas Nevalainen och Mika Keijonen<br \/>\nRedigerare: Mikko Helander<br \/>\nProducent: Riitta Taarasti<br \/>\nProduktion: Bibliotekskanalen (Kirjastokaista), 2025<\/p>\n","protected":false},"excerpt":{"rendered":"<p>Livestream-inspelning av presentationen \u201cFinlandssvenska barn- och ungdomsb\u00f6cker\u201d som h\u00e5lls av Sara Nordlund-Laurent fr\u00e5n Esbo stadsbibliotek. \u201cBokkarusellen 2025\u201d h\u00f6lls den 22-23 januari 2025 p\u00e5 Luckan. Bibliotekspersonal fr\u00e5n olika delar av Svenskfinland [&hellip;]<\/p>\n","protected":false},"author":3,"featured_media":0,"comment_status":"open","ping_status":"closed","sticky":false,"template":"","format":"video","meta":{"footnotes":""},"categories":[23520,3141,3268],"tags":[18653,19586,23011,23030,24235,3555,7053,8231],"class_list":["post-409267","post","type-post","status-publish","format-video","hentry","category-boktips-fran-utbildningsdagar","category-utbildningskanal","category-live-arkiv","tag-barnlitteratur","tag-ungdomslitteratur","tag-nordlund-laurent-sara","tag-litteratur-pa-svenska","tag-bokkarusellen-2025","tag-esbo-stadsbibliotek","tag-bocker-sv","tag-bokprat-sv","post_format-post-format-video"],"youtube_id":"","vimeo_id":"1052191046","duration":"1210","number_of_plays_sum":"19","videoembed_videoembed":"<iframe src=\"https:\/\/player.vimeo.com\/video\/1052191046\" width=\"550\" height=\"315\" frameborder=\"0\" webkitAllowFullScreen mozallowfullscreen allowFullScreen><\/iframe>","video_language":"svenska","video_thumbnail_large":"https:\/\/i.vimeocdn.com\/video\/1978016369-a2460bdf25a5fa1ad0e6e208a2acd1772d38f3a6e9011037be5642160e59be6b-d_640x360","video_thumbnail_medium":"https:\/\/i.vimeocdn.com\/video\/1978016369-a2460bdf25a5fa1ad0e6e208a2acd1772d38f3a6e9011037be5642160e59be6b-d_200x150","video_thumbnail_small":"https:\/\/i.vimeocdn.com\/video\/1978016369-a2460bdf25a5fa1ad0e6e208a2acd1772d38f3a6e9011037be5642160e59be6b-d_100x75","yoast_head":"<!-- This site is optimized with the Yoast SEO plugin v23.8 - https:\/\/yoast.com\/wordpress\/plugins\/seo\/ -->\n<title>Sara Nordlund-Laurent: Bokkarusellen 2025 \u2013 Finlandssvenska barn- och ungdomsb\u00f6cker - Kirjastokaista<\/title>\n<meta name=\"description\" content=\"Sara Nordlund-Laurent: Bokkarusellen 2025 \u2013 Finlandssvenska barn- och ungdomsb\u00f6cker. \u201cBokkarusellen 2025\u201d h\u00f6lls den 22-23 januari 2025 p\u00e5 Luckan.\" \/>\n<meta name=\"robots\" content=\"index, follow, max-snippet:-1, max-image-preview:large, max-video-preview:-1\" \/>\n<link rel=\"canonical\" href=\"https:\/\/www.kirjastokaista.fi\/sv\/sara-nordlund-laurent-bokkarusellen-2025-finlandssvenska-barn-och-ungdomsbocker\/\" \/>\n<meta property=\"og:locale\" content=\"fi_FI\" \/>\n<meta property=\"og:type\" content=\"article\" \/>\n<meta property=\"og:title\" content=\"Sara Nordlund-Laurent: Bokkarusellen 2025 \u2013 Finlandssvenska barn- och ungdomsb\u00f6cker - Kirjastokaista\" \/>\n<meta property=\"og:description\" content=\"Sara Nordlund-Laurent: Bokkarusellen 2025 \u2013 Finlandssvenska barn- och ungdomsb\u00f6cker. \u201cBokkarusellen 2025\u201d h\u00f6lls den 22-23 januari 2025 p\u00e5 Luckan.\" \/>\n<meta property=\"og:url\" content=\"https:\/\/www.kirjastokaista.fi\/sv\/sara-nordlund-laurent-bokkarusellen-2025-finlandssvenska-barn-och-ungdomsbocker\/\" \/>\n<meta property=\"og:site_name\" content=\"Kirjastokaista\" \/>\n<meta property=\"article:published_time\" content=\"2025-02-11T00:13:49+00:00\" \/>\n<meta property=\"article:modified_time\" content=\"2025-02-17T11:55:16+00:00\" \/>\n<meta property=\"og:image\" content=\"http:\/\/www.kirjastokaista.fi\/app\/uploads\/2025\/01\/Nordlund_Laurent_Bokkarusellen_2025_Finlandssvenska_barn_och_ungdomsbocker.jpeg\" \/>\n\t<meta property=\"og:image:width\" content=\"1440\" \/>\n\t<meta property=\"og:image:height\" content=\"797\" \/>\n\t<meta property=\"og:image:type\" content=\"image\/jpeg\" \/>\n<meta name=\"author\" content=\"Riitta\" \/>\n<meta name=\"twitter:label1\" content=\"Written by\" \/>\n\t<meta name=\"twitter:data1\" content=\"Riitta\" \/>\n\t<meta name=\"twitter:label2\" content=\"Est. reading time\" \/>\n\t<meta name=\"twitter:data2\" content=\"2 minutes\" \/>\n<script type=\"application\/ld+json\" class=\"yoast-schema-graph\">{\"@context\":\"https:\/\/schema.org\",\"@graph\":[{\"@type\":\"WebPage\",\"@id\":\"https:\/\/www.kirjastokaista.fi\/sv\/sara-nordlund-laurent-bokkarusellen-2025-finlandssvenska-barn-och-ungdomsbocker\/\",\"url\":\"https:\/\/www.kirjastokaista.fi\/sv\/sara-nordlund-laurent-bokkarusellen-2025-finlandssvenska-barn-och-ungdomsbocker\/\",\"name\":\"Sara Nordlund-Laurent: Bokkarusellen 2025 \u2013 Finlandssvenska barn- och ungdomsb\u00f6cker - Kirjastokaista\",\"isPartOf\":{\"@id\":\"https:\/\/www.kirjastokaista.fi\/#website\"},\"datePublished\":\"2025-02-11T00:13:49+00:00\",\"dateModified\":\"2025-02-17T11:55:16+00:00\",\"author\":{\"@id\":\"https:\/\/www.kirjastokaista.fi\/#\/schema\/person\/8272e6b4176d7a435301d1595244f87e\"},\"description\":\"Sara Nordlund-Laurent: Bokkarusellen 2025 \u2013 Finlandssvenska barn- och ungdomsb\u00f6cker. \u201cBokkarusellen 2025\u201d h\u00f6lls den 22-23 januari 2025 p\u00e5 Luckan.\",\"breadcrumb\":{\"@id\":\"https:\/\/www.kirjastokaista.fi\/sv\/sara-nordlund-laurent-bokkarusellen-2025-finlandssvenska-barn-och-ungdomsbocker\/#breadcrumb\"},\"inLanguage\":\"fi\",\"potentialAction\":[{\"@type\":\"ReadAction\",\"target\":[\"https:\/\/www.kirjastokaista.fi\/sv\/sara-nordlund-laurent-bokkarusellen-2025-finlandssvenska-barn-och-ungdomsbocker\/\"]}]},{\"@type\":\"BreadcrumbList\",\"@id\":\"https:\/\/www.kirjastokaista.fi\/sv\/sara-nordlund-laurent-bokkarusellen-2025-finlandssvenska-barn-och-ungdomsbocker\/#breadcrumb\",\"itemListElement\":[{\"@type\":\"ListItem\",\"position\":1,\"name\":\"Etusivu\",\"item\":\"https:\/\/www.kirjastokaista.fi\/\"},{\"@type\":\"ListItem\",\"position\":2,\"name\":\"Sara Nordlund-Laurent: Bokkarusellen 2025 \u2013 Finlandssvenska barn- och ungdomsb\u00f6cker\"}]},{\"@type\":\"WebSite\",\"@id\":\"https:\/\/www.kirjastokaista.fi\/#website\",\"url\":\"https:\/\/www.kirjastokaista.fi\/\",\"name\":\"Kirjastokaista\",\"description\":\"LIBRARY CHANNEL \u2014 Library WebTV\",\"potentialAction\":[{\"@type\":\"SearchAction\",\"target\":{\"@type\":\"EntryPoint\",\"urlTemplate\":\"https:\/\/www.kirjastokaista.fi\/?s={search_term_string}\"},\"query-input\":{\"@type\":\"PropertyValueSpecification\",\"valueRequired\":true,\"valueName\":\"search_term_string\"}}],\"inLanguage\":\"fi\"},{\"@type\":\"Person\",\"@id\":\"https:\/\/www.kirjastokaista.fi\/#\/schema\/person\/8272e6b4176d7a435301d1595244f87e\",\"name\":\"Riitta\",\"image\":{\"@type\":\"ImageObject\",\"inLanguage\":\"fi\",\"@id\":\"https:\/\/www.kirjastokaista.fi\/#\/schema\/person\/image\/\",\"url\":\"https:\/\/secure.gravatar.com\/avatar\/5e7bcb38fde8f54416389d5a36025a08?s=96&d=mm&r=g\",\"contentUrl\":\"https:\/\/secure.gravatar.com\/avatar\/5e7bcb38fde8f54416389d5a36025a08?s=96&d=mm&r=g\",\"caption\":\"Riitta\"},\"sameAs\":[\"https:\/\/x.com\/rtaarasti\"],\"url\":\"https:\/\/www.kirjastokaista.fi\/author\/riitta\/\"}]}<\/script>\n<meta property=\"og:video\" content=\"https:\/\/player.vimeo.com\/video\/1052191046\" \/>\n<meta property=\"og:video:type\" content=\"text\/html\" \/>\n<meta property=\"og:video:duration\" content=\"1210\" \/>\n<meta property=\"og:video:width\" content=\"1920\" \/>\n<meta property=\"og:video:height\" content=\"1080\" \/>\n<meta property=\"ya:ovs:adult\" content=\"false\" \/>\n<meta property=\"ya:ovs:upload_date\" content=\"2025-02-11T00:13:49+00:00\" \/>\n<meta property=\"ya:ovs:allow_embed\" content=\"true\" \/>\n<!-- \/ Yoast SEO plugin. -->","yoast_head_json":{"title":"Sara Nordlund-Laurent: Bokkarusellen 2025 \u2013 Finlandssvenska barn- och ungdomsb\u00f6cker - Kirjastokaista","description":"Sara Nordlund-Laurent: Bokkarusellen 2025 \u2013 Finlandssvenska barn- och ungdomsb\u00f6cker. \u201cBokkarusellen 2025\u201d h\u00f6lls den 22-23 januari 2025 p\u00e5 Luckan.","robots":{"index":"index","follow":"follow","max-snippet":"max-snippet:-1","max-image-preview":"max-image-preview:large","max-video-preview":"max-video-preview:-1"},"canonical":"https:\/\/www.kirjastokaista.fi\/sv\/sara-nordlund-laurent-bokkarusellen-2025-finlandssvenska-barn-och-ungdomsbocker\/","og_locale":"fi_FI","og_type":"article","og_title":"Sara Nordlund-Laurent: Bokkarusellen 2025 \u2013 Finlandssvenska barn- och ungdomsb\u00f6cker - Kirjastokaista","og_description":"Sara Nordlund-Laurent: Bokkarusellen 2025 \u2013 Finlandssvenska barn- och ungdomsb\u00f6cker. \u201cBokkarusellen 2025\u201d h\u00f6lls den 22-23 januari 2025 p\u00e5 Luckan.","og_url":"https:\/\/www.kirjastokaista.fi\/sv\/sara-nordlund-laurent-bokkarusellen-2025-finlandssvenska-barn-och-ungdomsbocker\/","og_site_name":"Kirjastokaista","article_published_time":"2025-02-11T00:13:49+00:00","article_modified_time":"2025-02-17T11:55:16+00:00","og_image":[{"width":1440,"height":797,"url":"http:\/\/www.kirjastokaista.fi\/app\/uploads\/2025\/01\/Nordlund_Laurent_Bokkarusellen_2025_Finlandssvenska_barn_och_ungdomsbocker.jpeg","type":"image\/jpeg"}],"author":"Riitta","twitter_misc":{"Written by":"Riitta","Est. reading time":"2 minutes"},"schema":{"@context":"https:\/\/schema.org","@graph":[{"@type":"WebPage","@id":"https:\/\/www.kirjastokaista.fi\/sv\/sara-nordlund-laurent-bokkarusellen-2025-finlandssvenska-barn-och-ungdomsbocker\/","url":"https:\/\/www.kirjastokaista.fi\/sv\/sara-nordlund-laurent-bokkarusellen-2025-finlandssvenska-barn-och-ungdomsbocker\/","name":"Sara Nordlund-Laurent: Bokkarusellen 2025 \u2013 Finlandssvenska barn- och ungdomsb\u00f6cker - Kirjastokaista","isPartOf":{"@id":"https:\/\/www.kirjastokaista.fi\/#website"},"datePublished":"2025-02-11T00:13:49+00:00","dateModified":"2025-02-17T11:55:16+00:00","author":{"@id":"https:\/\/www.kirjastokaista.fi\/#\/schema\/person\/8272e6b4176d7a435301d1595244f87e"},"description":"Sara Nordlund-Laurent: Bokkarusellen 2025 \u2013 Finlandssvenska barn- och ungdomsb\u00f6cker. \u201cBokkarusellen 2025\u201d h\u00f6lls den 22-23 januari 2025 p\u00e5 Luckan.","breadcrumb":{"@id":"https:\/\/www.kirjastokaista.fi\/sv\/sara-nordlund-laurent-bokkarusellen-2025-finlandssvenska-barn-och-ungdomsbocker\/#breadcrumb"},"inLanguage":"fi","potentialAction":[{"@type":"ReadAction","target":["https:\/\/www.kirjastokaista.fi\/sv\/sara-nordlund-laurent-bokkarusellen-2025-finlandssvenska-barn-och-ungdomsbocker\/"]}]},{"@type":"BreadcrumbList","@id":"https:\/\/www.kirjastokaista.fi\/sv\/sara-nordlund-laurent-bokkarusellen-2025-finlandssvenska-barn-och-ungdomsbocker\/#breadcrumb","itemListElement":[{"@type":"ListItem","position":1,"name":"Etusivu","item":"https:\/\/www.kirjastokaista.fi\/"},{"@type":"ListItem","position":2,"name":"Sara Nordlund-Laurent: Bokkarusellen 2025 \u2013 Finlandssvenska barn- och ungdomsb\u00f6cker"}]},{"@type":"WebSite","@id":"https:\/\/www.kirjastokaista.fi\/#website","url":"https:\/\/www.kirjastokaista.fi\/","name":"Kirjastokaista","description":"LIBRARY CHANNEL \u2014 Library WebTV","potentialAction":[{"@type":"SearchAction","target":{"@type":"EntryPoint","urlTemplate":"https:\/\/www.kirjastokaista.fi\/?s={search_term_string}"},"query-input":{"@type":"PropertyValueSpecification","valueRequired":true,"valueName":"search_term_string"}}],"inLanguage":"fi"},{"@type":"Person","@id":"https:\/\/www.kirjastokaista.fi\/#\/schema\/person\/8272e6b4176d7a435301d1595244f87e","name":"Riitta","image":{"@type":"ImageObject","inLanguage":"fi","@id":"https:\/\/www.kirjastokaista.fi\/#\/schema\/person\/image\/","url":"https:\/\/secure.gravatar.com\/avatar\/5e7bcb38fde8f54416389d5a36025a08?s=96&d=mm&r=g","contentUrl":"https:\/\/secure.gravatar.com\/avatar\/5e7bcb38fde8f54416389d5a36025a08?s=96&d=mm&r=g","caption":"Riitta"},"sameAs":["https:\/\/x.com\/rtaarasti"],"url":"https:\/\/www.kirjastokaista.fi\/author\/riitta\/"}]},"og_video":"https:\/\/player.vimeo.com\/video\/1052191046","og_video_type":"text\/html","og_video_duration":"1210","og_video_width":"1920","og_video_height":"1080","ya_ovs_adult":"false","ya_ovs_upload_date":"2025-02-11T00:13:49+00:00","ya_ovs_allow_embed":"true"},"_links":{"self":[{"href":"https:\/\/www.kirjastokaista.fi\/wp-json\/wp\/v2\/posts\/409267","targetHints":{"allow":["GET"]}}],"collection":[{"href":"https:\/\/www.kirjastokaista.fi\/wp-json\/wp\/v2\/posts"}],"about":[{"href":"https:\/\/www.kirjastokaista.fi\/wp-json\/wp\/v2\/types\/post"}],"author":[{"embeddable":true,"href":"https:\/\/www.kirjastokaista.fi\/wp-json\/wp\/v2\/users\/3"}],"replies":[{"embeddable":true,"href":"https:\/\/www.kirjastokaista.fi\/wp-json\/wp\/v2\/comments?post=409267"}],"version-history":[{"count":3,"href":"https:\/\/www.kirjastokaista.fi\/wp-json\/wp\/v2\/posts\/409267\/revisions"}],"predecessor-version":[{"id":409422,"href":"https:\/\/www.kirjastokaista.fi\/wp-json\/wp\/v2\/posts\/409267\/revisions\/409422"}],"wp:attachment":[{"href":"https:\/\/www.kirjastokaista.fi\/wp-json\/wp\/v2\/media?parent=409267"}],"wp:term":[{"taxonomy":"category","embeddable":true,"href":"https:\/\/www.kirjastokaista.fi\/wp-json\/wp\/v2\/categories?post=409267"},{"taxonomy":"post_tag","embeddable":true,"href":"https:\/\/www.kirjastokaista.fi\/wp-json\/wp\/v2\/tags?post=409267"}],"curies":[{"name":"wp","href":"https:\/\/api.w.org\/{rel}","templated":true}]}}