{"id":405359,"date":"2023-12-05T07:16:00","date_gmt":"2023-12-05T05:16:00","guid":{"rendered":"https:\/\/www.kirjastokaista.fi\/sanna-barsk-barns-och-ungas-delaktighet-infor-flytten-av-kiruna-stadsbibliotek\/"},"modified":"2023-12-08T08:22:29","modified_gmt":"2023-12-08T06:22:29","slug":"sanna-barsk-barns-och-ungas-delaktighet-infor-flytten-av-kiruna-stadsbibliotek","status":"publish","type":"post","link":"https:\/\/www.kirjastokaista.fi\/sv\/sanna-barsk-barns-och-ungas-delaktighet-infor-flytten-av-kiruna-stadsbibliotek\/","title":{"rendered":"Sanna Barsk: Barns och ungas delaktighet inf\u00f6r flytten av Kiruna stadsbibliotek"},"content":{"rendered":"<p>Live-stream inspelning fr\u00e5n webbinariet \u201cLukulystit \u2013 L\u00e4sfest\u201d som h\u00f6lls den 22-23 november 2023. P\u00e5 den h\u00e4r videon kan du lyssna p\u00e5 Kiruna stadsbiblioteks barn- och ungdomsbibliotekarie &amp; bitr\u00e4dande chef <strong>Sanna Barsks<\/strong> presentation \u201cBarns och ungas delaktighet inf\u00f6r flytten av Kiruna stadsbibliotek\u201d.<\/p>\n<p>Onsdag 22.11.2023 ordnades Lukulystit p\u00e5 finska med temat Alla ska l\u00e4sa, alla ska komma till bibban. Torsdag 23.11\u00a0arrangerades L\u00e4sfest p\u00e5 svenska med temat G\u00f6r rum f\u00f6r barn.<\/p>\n<p>\u201cLukulystit \u2013 L\u00e4sfest\u201d arrangerades av Sein\u00e4joki stadsbibliotek som har ett riksomfattande specialuppdrag att st\u00f6da barn och ungas l\u00e4sande och l\u00e4skunnighet genom biblioteken. Verksamheten finansieras av Undervisnings- och kulturministeriet.<\/p>\n<p>L\u00e4s mer:<br \/>\n<a href=\"https:\/\/www.kirjastokaista.fi\/sv\/tag\/lasfest-lukulystit-2023\/\">Alla videor fr\u00e5n L\u00e4sfest-webbinarium 2023<\/a><br \/>\n<a href=\"https:\/\/www.lukulystit.fi\/\">Lukulystit-L\u00e4sfest-sidor<\/a><br \/>\n<a href=\"https:\/\/www.biblioteken.fi\/lubu\">Lubu-sidor p\u00e5 Biblioteken.fi<\/a><\/p>\n<p>Live-stream: Mikko Helander och Joonas Nevalainen<br \/>\nProducent: Riitta Taarasti<br \/>\nProduktion: Bibliotekskanalen (Kirjastokaista), 2023<\/p>\n","protected":false},"excerpt":{"rendered":"<p>Live-stream inspelning fr\u00e5n webbinariet \u201cLukulystit \u2013 L\u00e4sfest\u201d som h\u00f6lls den 22-23 november 2023. P\u00e5 den h\u00e4r videon kan du lyssna p\u00e5 Kiruna stadsbiblioteks barn- och ungdomsbibliotekarie &amp; bitr\u00e4dande chef Sanna [&hellip;]<\/p>\n","protected":false},"author":3,"featured_media":0,"comment_status":"open","ping_status":"closed","sticky":false,"template":"","format":"video","meta":{"footnotes":""},"categories":[3141,3236,3268],"tags":[22390,23783,23784,23785,5857],"class_list":["post-405359","post","type-post","status-publish","format-video","hentry","category-utbildningskanal","category-lasframjande-2","category-live-arkiv","tag-seinajoki-stadsbibliotek","tag-lasfest-lukulystit-2023","tag-kiruna-stadsbibliotek","tag-barsk-sanna","tag-lasning","post_format-post-format-video"],"youtube_id":"","vimeo_id":"889875749","duration":"2677","number_of_plays_sum":"127","videoembed_videoembed":"<iframe src=\"https:\/\/player.vimeo.com\/video\/889875749\" width=\"550\" height=\"315\" frameborder=\"0\" webkitAllowFullScreen mozallowfullscreen allowFullScreen><\/iframe>","video_language":"svenska","video_thumbnail_large":"https:\/\/i.vimeocdn.com\/video\/1763956516-42a46f18807223c3e853eb38584296ccee23c55805e0f9a00ed57af24b87c6e0-d_640x360","video_thumbnail_medium":"https:\/\/i.vimeocdn.com\/video\/1763956516-42a46f18807223c3e853eb38584296ccee23c55805e0f9a00ed57af24b87c6e0-d_200x150","video_thumbnail_small":"https:\/\/i.vimeocdn.com\/video\/1763956516-42a46f18807223c3e853eb38584296ccee23c55805e0f9a00ed57af24b87c6e0-d_100x75","yoast_head":"<!-- This site is optimized with the Yoast SEO plugin v23.8 - https:\/\/yoast.com\/wordpress\/plugins\/seo\/ -->\n<title>Sanna Barsk: Barns och ungas delaktighet inf\u00f6r flytten av Kiruna stadsbibliotek - Kirjastokaista<\/title>\n<meta name=\"description\" content=\"Sanna Barsk: Barns och ungas delaktighet inf\u00f6r flytten av Kiruna stadsbibliotek. Live-stream inspelning fr\u00e5n webbinariet Lukulystit \u2013 L\u00e4sfest.\" \/>\n<meta name=\"robots\" content=\"index, follow, max-snippet:-1, max-image-preview:large, max-video-preview:-1\" \/>\n<link rel=\"canonical\" href=\"https:\/\/www.kirjastokaista.fi\/sv\/sanna-barsk-barns-och-ungas-delaktighet-infor-flytten-av-kiruna-stadsbibliotek\/\" \/>\n<meta property=\"og:locale\" content=\"fi_FI\" \/>\n<meta property=\"og:type\" content=\"article\" \/>\n<meta property=\"og:title\" content=\"Sanna Barsk: Barns och ungas delaktighet inf\u00f6r flytten av Kiruna stadsbibliotek - Kirjastokaista\" \/>\n<meta property=\"og:description\" content=\"Sanna Barsk: Barns och ungas delaktighet inf\u00f6r flytten av Kiruna stadsbibliotek. Live-stream inspelning fr\u00e5n webbinariet Lukulystit \u2013 L\u00e4sfest.\" \/>\n<meta property=\"og:url\" content=\"https:\/\/www.kirjastokaista.fi\/sv\/sanna-barsk-barns-och-ungas-delaktighet-infor-flytten-av-kiruna-stadsbibliotek\/\" \/>\n<meta property=\"og:site_name\" content=\"Kirjastokaista\" \/>\n<meta property=\"article:published_time\" content=\"2023-12-05T05:16:00+00:00\" \/>\n<meta property=\"article:modified_time\" content=\"2023-12-08T06:22:29+00:00\" \/>\n<meta property=\"og:image\" content=\"https:\/\/www.kirjastokaista.fi\/app\/uploads\/2023\/12\/Sanna_Barsk_Lasfest2023.jpeg\" \/>\n\t<meta property=\"og:image:width\" content=\"1440\" \/>\n\t<meta property=\"og:image:height\" content=\"794\" \/>\n\t<meta property=\"og:image:type\" content=\"image\/jpeg\" \/>\n<meta name=\"author\" content=\"Riitta\" \/>\n<meta name=\"twitter:label1\" content=\"Written by\" \/>\n\t<meta name=\"twitter:data1\" content=\"Riitta\" \/>\n\t<meta name=\"twitter:label2\" content=\"Est. reading time\" \/>\n\t<meta name=\"twitter:data2\" content=\"1 minute\" \/>\n<script type=\"application\/ld+json\" class=\"yoast-schema-graph\">{\"@context\":\"https:\/\/schema.org\",\"@graph\":[{\"@type\":\"WebPage\",\"@id\":\"https:\/\/www.kirjastokaista.fi\/sv\/sanna-barsk-barns-och-ungas-delaktighet-infor-flytten-av-kiruna-stadsbibliotek\/\",\"url\":\"https:\/\/www.kirjastokaista.fi\/sv\/sanna-barsk-barns-och-ungas-delaktighet-infor-flytten-av-kiruna-stadsbibliotek\/\",\"name\":\"Sanna Barsk: Barns och ungas delaktighet inf\u00f6r flytten av Kiruna stadsbibliotek - Kirjastokaista\",\"isPartOf\":{\"@id\":\"https:\/\/www.kirjastokaista.fi\/#website\"},\"datePublished\":\"2023-12-05T05:16:00+00:00\",\"dateModified\":\"2023-12-08T06:22:29+00:00\",\"author\":{\"@id\":\"https:\/\/www.kirjastokaista.fi\/#\/schema\/person\/8272e6b4176d7a435301d1595244f87e\"},\"description\":\"Sanna Barsk: Barns och ungas delaktighet inf\u00f6r flytten av Kiruna stadsbibliotek. Live-stream inspelning fr\u00e5n webbinariet Lukulystit \u2013 L\u00e4sfest.\",\"breadcrumb\":{\"@id\":\"https:\/\/www.kirjastokaista.fi\/sv\/sanna-barsk-barns-och-ungas-delaktighet-infor-flytten-av-kiruna-stadsbibliotek\/#breadcrumb\"},\"inLanguage\":\"fi\",\"potentialAction\":[{\"@type\":\"ReadAction\",\"target\":[\"https:\/\/www.kirjastokaista.fi\/sv\/sanna-barsk-barns-och-ungas-delaktighet-infor-flytten-av-kiruna-stadsbibliotek\/\"]}]},{\"@type\":\"BreadcrumbList\",\"@id\":\"https:\/\/www.kirjastokaista.fi\/sv\/sanna-barsk-barns-och-ungas-delaktighet-infor-flytten-av-kiruna-stadsbibliotek\/#breadcrumb\",\"itemListElement\":[{\"@type\":\"ListItem\",\"position\":1,\"name\":\"Etusivu\",\"item\":\"https:\/\/www.kirjastokaista.fi\/\"},{\"@type\":\"ListItem\",\"position\":2,\"name\":\"Sanna Barsk: Barns och ungas delaktighet inf\u00f6r flytten av Kiruna stadsbibliotek\"}]},{\"@type\":\"WebSite\",\"@id\":\"https:\/\/www.kirjastokaista.fi\/#website\",\"url\":\"https:\/\/www.kirjastokaista.fi\/\",\"name\":\"Kirjastokaista\",\"description\":\"LIBRARY CHANNEL \u2014 Library WebTV\",\"potentialAction\":[{\"@type\":\"SearchAction\",\"target\":{\"@type\":\"EntryPoint\",\"urlTemplate\":\"https:\/\/www.kirjastokaista.fi\/?s={search_term_string}\"},\"query-input\":{\"@type\":\"PropertyValueSpecification\",\"valueRequired\":true,\"valueName\":\"search_term_string\"}}],\"inLanguage\":\"fi\"},{\"@type\":\"Person\",\"@id\":\"https:\/\/www.kirjastokaista.fi\/#\/schema\/person\/8272e6b4176d7a435301d1595244f87e\",\"name\":\"Riitta\",\"image\":{\"@type\":\"ImageObject\",\"inLanguage\":\"fi\",\"@id\":\"https:\/\/www.kirjastokaista.fi\/#\/schema\/person\/image\/\",\"url\":\"https:\/\/secure.gravatar.com\/avatar\/5e7bcb38fde8f54416389d5a36025a08?s=96&d=mm&r=g\",\"contentUrl\":\"https:\/\/secure.gravatar.com\/avatar\/5e7bcb38fde8f54416389d5a36025a08?s=96&d=mm&r=g\",\"caption\":\"Riitta\"},\"sameAs\":[\"https:\/\/x.com\/rtaarasti\"],\"url\":\"https:\/\/www.kirjastokaista.fi\/author\/riitta\/\"}]}<\/script>\n<meta property=\"og:video\" content=\"https:\/\/player.vimeo.com\/video\/889875749\" \/>\n<meta property=\"og:video:type\" content=\"text\/html\" \/>\n<meta property=\"og:video:duration\" content=\"2677\" \/>\n<meta property=\"og:video:width\" content=\"1920\" \/>\n<meta property=\"og:video:height\" content=\"1080\" \/>\n<meta property=\"ya:ovs:adult\" content=\"false\" \/>\n<meta property=\"ya:ovs:upload_date\" content=\"2023-12-05T05:16:00+00:00\" \/>\n<meta property=\"ya:ovs:allow_embed\" content=\"true\" \/>\n<!-- \/ Yoast SEO plugin. -->","yoast_head_json":{"title":"Sanna Barsk: Barns och ungas delaktighet inf\u00f6r flytten av Kiruna stadsbibliotek - Kirjastokaista","description":"Sanna Barsk: Barns och ungas delaktighet inf\u00f6r flytten av Kiruna stadsbibliotek. Live-stream inspelning fr\u00e5n webbinariet Lukulystit \u2013 L\u00e4sfest.","robots":{"index":"index","follow":"follow","max-snippet":"max-snippet:-1","max-image-preview":"max-image-preview:large","max-video-preview":"max-video-preview:-1"},"canonical":"https:\/\/www.kirjastokaista.fi\/sv\/sanna-barsk-barns-och-ungas-delaktighet-infor-flytten-av-kiruna-stadsbibliotek\/","og_locale":"fi_FI","og_type":"article","og_title":"Sanna Barsk: Barns och ungas delaktighet inf\u00f6r flytten av Kiruna stadsbibliotek - Kirjastokaista","og_description":"Sanna Barsk: Barns och ungas delaktighet inf\u00f6r flytten av Kiruna stadsbibliotek. Live-stream inspelning fr\u00e5n webbinariet Lukulystit \u2013 L\u00e4sfest.","og_url":"https:\/\/www.kirjastokaista.fi\/sv\/sanna-barsk-barns-och-ungas-delaktighet-infor-flytten-av-kiruna-stadsbibliotek\/","og_site_name":"Kirjastokaista","article_published_time":"2023-12-05T05:16:00+00:00","article_modified_time":"2023-12-08T06:22:29+00:00","og_image":[{"width":1440,"height":794,"url":"https:\/\/www.kirjastokaista.fi\/app\/uploads\/2023\/12\/Sanna_Barsk_Lasfest2023.jpeg","type":"image\/jpeg"}],"author":"Riitta","twitter_misc":{"Written by":"Riitta","Est. reading time":"1 minute"},"schema":{"@context":"https:\/\/schema.org","@graph":[{"@type":"WebPage","@id":"https:\/\/www.kirjastokaista.fi\/sv\/sanna-barsk-barns-och-ungas-delaktighet-infor-flytten-av-kiruna-stadsbibliotek\/","url":"https:\/\/www.kirjastokaista.fi\/sv\/sanna-barsk-barns-och-ungas-delaktighet-infor-flytten-av-kiruna-stadsbibliotek\/","name":"Sanna Barsk: Barns och ungas delaktighet inf\u00f6r flytten av Kiruna stadsbibliotek - Kirjastokaista","isPartOf":{"@id":"https:\/\/www.kirjastokaista.fi\/#website"},"datePublished":"2023-12-05T05:16:00+00:00","dateModified":"2023-12-08T06:22:29+00:00","author":{"@id":"https:\/\/www.kirjastokaista.fi\/#\/schema\/person\/8272e6b4176d7a435301d1595244f87e"},"description":"Sanna Barsk: Barns och ungas delaktighet inf\u00f6r flytten av Kiruna stadsbibliotek. Live-stream inspelning fr\u00e5n webbinariet Lukulystit \u2013 L\u00e4sfest.","breadcrumb":{"@id":"https:\/\/www.kirjastokaista.fi\/sv\/sanna-barsk-barns-och-ungas-delaktighet-infor-flytten-av-kiruna-stadsbibliotek\/#breadcrumb"},"inLanguage":"fi","potentialAction":[{"@type":"ReadAction","target":["https:\/\/www.kirjastokaista.fi\/sv\/sanna-barsk-barns-och-ungas-delaktighet-infor-flytten-av-kiruna-stadsbibliotek\/"]}]},{"@type":"BreadcrumbList","@id":"https:\/\/www.kirjastokaista.fi\/sv\/sanna-barsk-barns-och-ungas-delaktighet-infor-flytten-av-kiruna-stadsbibliotek\/#breadcrumb","itemListElement":[{"@type":"ListItem","position":1,"name":"Etusivu","item":"https:\/\/www.kirjastokaista.fi\/"},{"@type":"ListItem","position":2,"name":"Sanna Barsk: Barns och ungas delaktighet inf\u00f6r flytten av Kiruna stadsbibliotek"}]},{"@type":"WebSite","@id":"https:\/\/www.kirjastokaista.fi\/#website","url":"https:\/\/www.kirjastokaista.fi\/","name":"Kirjastokaista","description":"LIBRARY CHANNEL \u2014 Library WebTV","potentialAction":[{"@type":"SearchAction","target":{"@type":"EntryPoint","urlTemplate":"https:\/\/www.kirjastokaista.fi\/?s={search_term_string}"},"query-input":{"@type":"PropertyValueSpecification","valueRequired":true,"valueName":"search_term_string"}}],"inLanguage":"fi"},{"@type":"Person","@id":"https:\/\/www.kirjastokaista.fi\/#\/schema\/person\/8272e6b4176d7a435301d1595244f87e","name":"Riitta","image":{"@type":"ImageObject","inLanguage":"fi","@id":"https:\/\/www.kirjastokaista.fi\/#\/schema\/person\/image\/","url":"https:\/\/secure.gravatar.com\/avatar\/5e7bcb38fde8f54416389d5a36025a08?s=96&d=mm&r=g","contentUrl":"https:\/\/secure.gravatar.com\/avatar\/5e7bcb38fde8f54416389d5a36025a08?s=96&d=mm&r=g","caption":"Riitta"},"sameAs":["https:\/\/x.com\/rtaarasti"],"url":"https:\/\/www.kirjastokaista.fi\/author\/riitta\/"}]},"og_video":"https:\/\/player.vimeo.com\/video\/889875749","og_video_type":"text\/html","og_video_duration":"2677","og_video_width":"1920","og_video_height":"1080","ya_ovs_adult":"false","ya_ovs_upload_date":"2023-12-05T05:16:00+00:00","ya_ovs_allow_embed":"true"},"_links":{"self":[{"href":"https:\/\/www.kirjastokaista.fi\/wp-json\/wp\/v2\/posts\/405359","targetHints":{"allow":["GET"]}}],"collection":[{"href":"https:\/\/www.kirjastokaista.fi\/wp-json\/wp\/v2\/posts"}],"about":[{"href":"https:\/\/www.kirjastokaista.fi\/wp-json\/wp\/v2\/types\/post"}],"author":[{"embeddable":true,"href":"https:\/\/www.kirjastokaista.fi\/wp-json\/wp\/v2\/users\/3"}],"replies":[{"embeddable":true,"href":"https:\/\/www.kirjastokaista.fi\/wp-json\/wp\/v2\/comments?post=405359"}],"version-history":[{"count":5,"href":"https:\/\/www.kirjastokaista.fi\/wp-json\/wp\/v2\/posts\/405359\/revisions"}],"predecessor-version":[{"id":405482,"href":"https:\/\/www.kirjastokaista.fi\/wp-json\/wp\/v2\/posts\/405359\/revisions\/405482"}],"wp:attachment":[{"href":"https:\/\/www.kirjastokaista.fi\/wp-json\/wp\/v2\/media?parent=405359"}],"wp:term":[{"taxonomy":"category","embeddable":true,"href":"https:\/\/www.kirjastokaista.fi\/wp-json\/wp\/v2\/categories?post=405359"},{"taxonomy":"post_tag","embeddable":true,"href":"https:\/\/www.kirjastokaista.fi\/wp-json\/wp\/v2\/tags?post=405359"}],"curies":[{"name":"wp","href":"https:\/\/api.w.org\/{rel}","templated":true}]}}