{"id":404714,"date":"2023-09-18T14:00:00","date_gmt":"2023-09-18T11:00:00","guid":{"rendered":"https:\/\/www.kirjastokaista.fi\/lukuloma-laslov-2023\/"},"modified":"2024-06-05T13:04:49","modified_gmt":"2024-06-05T10:04:49","slug":"lukuloma-laslov-2023","status":"publish","type":"post","link":"https:\/\/www.kirjastokaista.fi\/sv\/lukuloma-laslov-2023\/","title":{"rendered":"L\u00e4slov \u2013 Lukuloma 2023"},"content":{"rendered":"<p>Olika organisationer som verkar inom bokbranschen ordnar igen en gemensam l\u00e4slovskampanj under skolornas h\u00f6stlov, veckorna 42 &#8211; 43 (16.-29.10).<\/p>\n<p>\u00c5r 2023 lyfter kampanjen fram l\u00e4sgemenskap och h\u00f6gl\u00e4sning. L\u00e4slovskampanjen p\u00e5minner om att l\u00e4sning \u00e4r en inspirerande och f\u00f6r alla l\u00e4mplig hobby oberoende av \u00e5lder och bakgrund. Man kan bli en l\u00e4sare redan som barn eller f\u00f6rst i vuxen\u00e5lder. Bibliotekens och bokhandlarnas personal hj\u00e4lper till att hitta l\u00e4mplig l\u00e4sning som matchar dina intressen och passar din kunskapsniv\u00e5.<\/p>\n<p>I kampanjen medverkar Finlands svenska f\u00f6rfattaref\u00f6rening, Kirjakauppaliitto, Boksampo, Bibliotekskanalen, Barnboksinstitutet, L\u00e4sr\u00f6relsen \u2013 Utbildningsstyrelsen, Lukukeskus \u2013 L\u00e4scentrum, Sidosp\u00e5r, Suomen kirjailijaliitto, Finlands biblioteksf\u00f6rening, Finlands bokstiftelse, Finlands f\u00f6rlagsf\u00f6rening, Finlands facklitter\u00e4ra f\u00f6rfattare&nbsp;ja \u00c4idinkielen opettajain liitto.<\/p>\n<p>Mer information:<br \/>\n<a class=\"fui-Link ___10kug0w f3rmtva f1ewtqcl fyind8e f1k6fduh f1w7gpdv fk6fouc fjoy568 figsok6 f1hu3pq6 f11qmguv f19f4twv f1tyq0we f1g0x7ka fhxju0i f1qch9an f1cnd47f fqv5qza f1vmzxwi f1o700av f13mvf36 f1cmlufx f9n3di6 f1ids18y f1tx3yz7 f1deo86v f1eh06m1 f1iescvh fhgqx19 f1olyrje f1p93eir f1nev41a f1h8hb77 f1lqvz6u f10aw75t fsle3fq f17ae5zn\" title=\"https:\/\/www.lukuloma.fi\/\" href=\"https:\/\/www.lukuloma.fi\/\" target=\"_blank\" rel=\"noreferrer noopener\" aria-label=\"Linkki Webbplatsen Lukuloma-L\u00e4slov\">Webbplatsen Lukuloma-L\u00e4slov<\/a><br \/>\n<a class=\"fui-Link ___10kug0w f3rmtva f1ewtqcl fyind8e f1k6fduh f1w7gpdv fk6fouc fjoy568 figsok6 f1hu3pq6 f11qmguv f19f4twv f1tyq0we f1g0x7ka fhxju0i f1qch9an f1cnd47f fqv5qza f1vmzxwi f1o700av f13mvf36 f1cmlufx f9n3di6 f1ids18y f1tx3yz7 f1deo86v f1eh06m1 f1iescvh fhgqx19 f1olyrje f1p93eir f1nev41a f1h8hb77 f1lqvz6u f10aw75t fsle3fq f17ae5zn\" title=\"http:\/\/kirjastokaista.fi\/sv\/tag\/laslov\/\" href=\"http:\/\/kirjastokaista.fi\/sv\/tag\/laslov\/\" target=\"_blank\" rel=\"noreferrer noopener\" aria-label=\"Linkki L\u00e4slov-videor\">L\u00e4slov-videor<\/a><br \/>\n<a class=\"fui-Link ___10kug0w f3rmtva f1ewtqcl fyind8e f1k6fduh f1w7gpdv fk6fouc fjoy568 figsok6 f1hu3pq6 f11qmguv f19f4twv f1tyq0we f1g0x7ka fhxju0i f1qch9an f1cnd47f fqv5qza f1vmzxwi f1o700av f13mvf36 f1cmlufx f9n3di6 f1ids18y f1tx3yz7 f1deo86v f1eh06m1 f1iescvh fhgqx19 f1olyrje f1p93eir f1nev41a f1h8hb77 f1lqvz6u f10aw75t fsle3fq f17ae5zn\" title=\"http:\/\/kirjastokaista.fi\/tag\/lukuloma\" href=\"http:\/\/kirjastokaista.fi\/tag\/lukuloma\" target=\"_blank\" rel=\"noreferrer noopener\" aria-label=\"Linkki Lukuloma-videorita\">Lukuloma-videorita<\/a><\/p>\n<p>Film: Joonas Nevalainen, Mikko Helander och Panu Somerma<br \/>\nKlipp: Joonas Nevalainen<br \/>\nInneh\u00e5llsplanering: L\u00e4slovsarbetsgruppen<br \/>\nMusik: Storyblocks.com<br \/>\nProducent: Riitta Taarasti<br \/>\nProduktion: L\u00e4slov-kampanjen och Bibliotekskanalen, 2023<\/p>\n","protected":false},"excerpt":{"rendered":"<p>Olika organisationer som verkar inom bokbranschen ordnar igen en gemensam l\u00e4slovskampanj under skolornas h\u00f6stlov, veckorna 42 &#8211; 43 (16.-29.10). \u00c5r 2023 lyfter kampanjen fram l\u00e4sgemenskap och h\u00f6gl\u00e4sning. L\u00e4slovskampanjen p\u00e5minner om [&hellip;]<\/p>\n","protected":false},"author":3,"featured_media":0,"comment_status":"open","ping_status":"closed","sticky":false,"template":"","format":"video","meta":{"footnotes":""},"categories":[3101,3107],"tags":[5857,6661,7053,18653,19586,21636],"class_list":["post-404714","post","type-post","status-publish","format-video","hentry","category-litteratur-och-kultur","category-laskampanj","tag-lasning","tag-ungdomar-sv","tag-bocker-sv","tag-barnlitteratur","tag-ungdomslitteratur","tag-laslov","post_format-post-format-video"],"youtube_id":"","vimeo_id":"858606293","duration":"53","number_of_plays_sum":"597","videoembed_videoembed":"<iframe src=\"https:\/\/player.vimeo.com\/video\/858606293\" width=\"550\" height=\"315\" frameborder=\"0\" webkitAllowFullScreen mozallowfullscreen allowFullScreen><\/iframe>","video_language":"music","video_thumbnail_large":"https:\/\/i.vimeocdn.com\/video\/1725407551-9d0079d72d404679bbba35f32f1bb34fba343a3e5374ec7712a3be6dbb347676-d_640x360","video_thumbnail_medium":"https:\/\/i.vimeocdn.com\/video\/1725407551-9d0079d72d404679bbba35f32f1bb34fba343a3e5374ec7712a3be6dbb347676-d_200x150","video_thumbnail_small":"https:\/\/i.vimeocdn.com\/video\/1725407551-9d0079d72d404679bbba35f32f1bb34fba343a3e5374ec7712a3be6dbb347676-d_100x75","yoast_head":"<!-- This site is optimized with the Yoast SEO plugin v23.8 - https:\/\/yoast.com\/wordpress\/plugins\/seo\/ -->\n<title>L\u00e4slov \u2013 Lukuloma 2023 - Kirjastokaista<\/title>\n<meta name=\"description\" content=\"Olika organisationer som verkar inom bokbranschen ordnar igen en gemensam l\u00e4slovskampanj under skolornas h\u00f6stlov 2023!\" \/>\n<meta name=\"robots\" content=\"index, follow, max-snippet:-1, max-image-preview:large, max-video-preview:-1\" \/>\n<link rel=\"canonical\" href=\"https:\/\/www.kirjastokaista.fi\/sv\/lukuloma-laslov-2023\/\" \/>\n<meta property=\"og:locale\" content=\"fi_FI\" \/>\n<meta property=\"og:type\" content=\"article\" \/>\n<meta property=\"og:title\" content=\"L\u00e4slov \u2013 Lukuloma 2023 - Kirjastokaista\" \/>\n<meta property=\"og:description\" content=\"Olika organisationer som verkar inom bokbranschen ordnar igen en gemensam l\u00e4slovskampanj under skolornas h\u00f6stlov 2023!\" \/>\n<meta property=\"og:url\" content=\"https:\/\/www.kirjastokaista.fi\/sv\/lukuloma-laslov-2023\/\" \/>\n<meta property=\"og:site_name\" content=\"Kirjastokaista\" \/>\n<meta property=\"article:published_time\" content=\"2023-09-18T11:00:00+00:00\" \/>\n<meta property=\"article:modified_time\" content=\"2024-06-05T10:04:49+00:00\" \/>\n<meta property=\"og:image\" content=\"https:\/\/www.kirjastokaista.fi\/app\/uploads\/2023\/08\/Lukuloma.jpeg\" \/>\n\t<meta property=\"og:image:width\" content=\"1440\" \/>\n\t<meta property=\"og:image:height\" content=\"792\" \/>\n\t<meta property=\"og:image:type\" content=\"image\/jpeg\" \/>\n<meta name=\"author\" content=\"Riitta\" \/>\n<meta name=\"twitter:label1\" content=\"Written by\" \/>\n\t<meta name=\"twitter:data1\" content=\"Riitta\" \/>\n\t<meta name=\"twitter:label2\" content=\"Est. reading time\" \/>\n\t<meta name=\"twitter:data2\" content=\"1 minute\" \/>\n<script type=\"application\/ld+json\" class=\"yoast-schema-graph\">{\"@context\":\"https:\/\/schema.org\",\"@graph\":[{\"@type\":\"WebPage\",\"@id\":\"https:\/\/www.kirjastokaista.fi\/sv\/lukuloma-laslov-2023\/\",\"url\":\"https:\/\/www.kirjastokaista.fi\/sv\/lukuloma-laslov-2023\/\",\"name\":\"L\u00e4slov \u2013 Lukuloma 2023 - Kirjastokaista\",\"isPartOf\":{\"@id\":\"https:\/\/www.kirjastokaista.fi\/#website\"},\"datePublished\":\"2023-09-18T11:00:00+00:00\",\"dateModified\":\"2024-06-05T10:04:49+00:00\",\"author\":{\"@id\":\"https:\/\/www.kirjastokaista.fi\/#\/schema\/person\/8272e6b4176d7a435301d1595244f87e\"},\"description\":\"Olika organisationer som verkar inom bokbranschen ordnar igen en gemensam l\u00e4slovskampanj under skolornas h\u00f6stlov 2023!\",\"breadcrumb\":{\"@id\":\"https:\/\/www.kirjastokaista.fi\/sv\/lukuloma-laslov-2023\/#breadcrumb\"},\"inLanguage\":\"fi\",\"potentialAction\":[{\"@type\":\"ReadAction\",\"target\":[\"https:\/\/www.kirjastokaista.fi\/sv\/lukuloma-laslov-2023\/\"]}]},{\"@type\":\"BreadcrumbList\",\"@id\":\"https:\/\/www.kirjastokaista.fi\/sv\/lukuloma-laslov-2023\/#breadcrumb\",\"itemListElement\":[{\"@type\":\"ListItem\",\"position\":1,\"name\":\"Etusivu\",\"item\":\"https:\/\/www.kirjastokaista.fi\/\"},{\"@type\":\"ListItem\",\"position\":2,\"name\":\"L\u00e4slov \u2013 Lukuloma 2023\"}]},{\"@type\":\"WebSite\",\"@id\":\"https:\/\/www.kirjastokaista.fi\/#website\",\"url\":\"https:\/\/www.kirjastokaista.fi\/\",\"name\":\"Kirjastokaista\",\"description\":\"LIBRARY CHANNEL \u2014 Library WebTV\",\"potentialAction\":[{\"@type\":\"SearchAction\",\"target\":{\"@type\":\"EntryPoint\",\"urlTemplate\":\"https:\/\/www.kirjastokaista.fi\/?s={search_term_string}\"},\"query-input\":{\"@type\":\"PropertyValueSpecification\",\"valueRequired\":true,\"valueName\":\"search_term_string\"}}],\"inLanguage\":\"fi\"},{\"@type\":\"Person\",\"@id\":\"https:\/\/www.kirjastokaista.fi\/#\/schema\/person\/8272e6b4176d7a435301d1595244f87e\",\"name\":\"Riitta\",\"image\":{\"@type\":\"ImageObject\",\"inLanguage\":\"fi\",\"@id\":\"https:\/\/www.kirjastokaista.fi\/#\/schema\/person\/image\/\",\"url\":\"https:\/\/secure.gravatar.com\/avatar\/5e7bcb38fde8f54416389d5a36025a08?s=96&d=mm&r=g\",\"contentUrl\":\"https:\/\/secure.gravatar.com\/avatar\/5e7bcb38fde8f54416389d5a36025a08?s=96&d=mm&r=g\",\"caption\":\"Riitta\"},\"sameAs\":[\"https:\/\/x.com\/rtaarasti\"],\"url\":\"https:\/\/www.kirjastokaista.fi\/author\/riitta\/\"}]}<\/script>\n<meta property=\"og:video\" content=\"https:\/\/player.vimeo.com\/video\/858606293\" \/>\n<meta property=\"og:video:type\" content=\"text\/html\" \/>\n<meta property=\"og:video:duration\" content=\"53\" \/>\n<meta property=\"og:video:width\" content=\"1920\" \/>\n<meta property=\"og:video:height\" content=\"1080\" \/>\n<meta property=\"ya:ovs:adult\" content=\"false\" \/>\n<meta property=\"ya:ovs:upload_date\" content=\"2023-09-18T11:00:00+00:00\" \/>\n<meta property=\"ya:ovs:allow_embed\" content=\"true\" \/>\n<!-- \/ Yoast SEO plugin. -->","yoast_head_json":{"title":"L\u00e4slov \u2013 Lukuloma 2023 - Kirjastokaista","description":"Olika organisationer som verkar inom bokbranschen ordnar igen en gemensam l\u00e4slovskampanj under skolornas h\u00f6stlov 2023!","robots":{"index":"index","follow":"follow","max-snippet":"max-snippet:-1","max-image-preview":"max-image-preview:large","max-video-preview":"max-video-preview:-1"},"canonical":"https:\/\/www.kirjastokaista.fi\/sv\/lukuloma-laslov-2023\/","og_locale":"fi_FI","og_type":"article","og_title":"L\u00e4slov \u2013 Lukuloma 2023 - Kirjastokaista","og_description":"Olika organisationer som verkar inom bokbranschen ordnar igen en gemensam l\u00e4slovskampanj under skolornas h\u00f6stlov 2023!","og_url":"https:\/\/www.kirjastokaista.fi\/sv\/lukuloma-laslov-2023\/","og_site_name":"Kirjastokaista","article_published_time":"2023-09-18T11:00:00+00:00","article_modified_time":"2024-06-05T10:04:49+00:00","og_image":[{"width":1440,"height":792,"url":"https:\/\/www.kirjastokaista.fi\/app\/uploads\/2023\/08\/Lukuloma.jpeg","type":"image\/jpeg"}],"author":"Riitta","twitter_misc":{"Written by":"Riitta","Est. reading time":"1 minute"},"schema":{"@context":"https:\/\/schema.org","@graph":[{"@type":"WebPage","@id":"https:\/\/www.kirjastokaista.fi\/sv\/lukuloma-laslov-2023\/","url":"https:\/\/www.kirjastokaista.fi\/sv\/lukuloma-laslov-2023\/","name":"L\u00e4slov \u2013 Lukuloma 2023 - Kirjastokaista","isPartOf":{"@id":"https:\/\/www.kirjastokaista.fi\/#website"},"datePublished":"2023-09-18T11:00:00+00:00","dateModified":"2024-06-05T10:04:49+00:00","author":{"@id":"https:\/\/www.kirjastokaista.fi\/#\/schema\/person\/8272e6b4176d7a435301d1595244f87e"},"description":"Olika organisationer som verkar inom bokbranschen ordnar igen en gemensam l\u00e4slovskampanj under skolornas h\u00f6stlov 2023!","breadcrumb":{"@id":"https:\/\/www.kirjastokaista.fi\/sv\/lukuloma-laslov-2023\/#breadcrumb"},"inLanguage":"fi","potentialAction":[{"@type":"ReadAction","target":["https:\/\/www.kirjastokaista.fi\/sv\/lukuloma-laslov-2023\/"]}]},{"@type":"BreadcrumbList","@id":"https:\/\/www.kirjastokaista.fi\/sv\/lukuloma-laslov-2023\/#breadcrumb","itemListElement":[{"@type":"ListItem","position":1,"name":"Etusivu","item":"https:\/\/www.kirjastokaista.fi\/"},{"@type":"ListItem","position":2,"name":"L\u00e4slov \u2013 Lukuloma 2023"}]},{"@type":"WebSite","@id":"https:\/\/www.kirjastokaista.fi\/#website","url":"https:\/\/www.kirjastokaista.fi\/","name":"Kirjastokaista","description":"LIBRARY CHANNEL \u2014 Library WebTV","potentialAction":[{"@type":"SearchAction","target":{"@type":"EntryPoint","urlTemplate":"https:\/\/www.kirjastokaista.fi\/?s={search_term_string}"},"query-input":{"@type":"PropertyValueSpecification","valueRequired":true,"valueName":"search_term_string"}}],"inLanguage":"fi"},{"@type":"Person","@id":"https:\/\/www.kirjastokaista.fi\/#\/schema\/person\/8272e6b4176d7a435301d1595244f87e","name":"Riitta","image":{"@type":"ImageObject","inLanguage":"fi","@id":"https:\/\/www.kirjastokaista.fi\/#\/schema\/person\/image\/","url":"https:\/\/secure.gravatar.com\/avatar\/5e7bcb38fde8f54416389d5a36025a08?s=96&d=mm&r=g","contentUrl":"https:\/\/secure.gravatar.com\/avatar\/5e7bcb38fde8f54416389d5a36025a08?s=96&d=mm&r=g","caption":"Riitta"},"sameAs":["https:\/\/x.com\/rtaarasti"],"url":"https:\/\/www.kirjastokaista.fi\/author\/riitta\/"}]},"og_video":"https:\/\/player.vimeo.com\/video\/858606293","og_video_type":"text\/html","og_video_duration":"53","og_video_width":"1920","og_video_height":"1080","ya_ovs_adult":"false","ya_ovs_upload_date":"2023-09-18T11:00:00+00:00","ya_ovs_allow_embed":"true"},"_links":{"self":[{"href":"https:\/\/www.kirjastokaista.fi\/wp-json\/wp\/v2\/posts\/404714","targetHints":{"allow":["GET"]}}],"collection":[{"href":"https:\/\/www.kirjastokaista.fi\/wp-json\/wp\/v2\/posts"}],"about":[{"href":"https:\/\/www.kirjastokaista.fi\/wp-json\/wp\/v2\/types\/post"}],"author":[{"embeddable":true,"href":"https:\/\/www.kirjastokaista.fi\/wp-json\/wp\/v2\/users\/3"}],"replies":[{"embeddable":true,"href":"https:\/\/www.kirjastokaista.fi\/wp-json\/wp\/v2\/comments?post=404714"}],"version-history":[{"count":4,"href":"https:\/\/www.kirjastokaista.fi\/wp-json\/wp\/v2\/posts\/404714\/revisions"}],"predecessor-version":[{"id":405543,"href":"https:\/\/www.kirjastokaista.fi\/wp-json\/wp\/v2\/posts\/404714\/revisions\/405543"}],"wp:attachment":[{"href":"https:\/\/www.kirjastokaista.fi\/wp-json\/wp\/v2\/media?parent=404714"}],"wp:term":[{"taxonomy":"category","embeddable":true,"href":"https:\/\/www.kirjastokaista.fi\/wp-json\/wp\/v2\/categories?post=404714"},{"taxonomy":"post_tag","embeddable":true,"href":"https:\/\/www.kirjastokaista.fi\/wp-json\/wp\/v2\/tags?post=404714"}],"curies":[{"name":"wp","href":"https:\/\/api.w.org\/{rel}","templated":true}]}}