{"id":398170,"date":"2021-12-08T13:44:10","date_gmt":"2021-12-08T11:44:10","guid":{"rendered":"https:\/\/www.kirjastokaista.fi\/carola-backstrom-mangkulturell-bemotande-i-biblioteket\/"},"modified":"2022-11-14T10:17:33","modified_gmt":"2022-11-14T08:17:33","slug":"carola-backstrom-mangkulturell-bemotande-i-biblioteket","status":"publish","type":"post","link":"https:\/\/www.kirjastokaista.fi\/sv\/carola-backstrom-mangkulturell-bemotande-i-biblioteket\/","title":{"rendered":"Carola B\u00e4ckstr\u00f6m: M\u00e5ngkulturell bem\u00f6tande i biblioteket"},"content":{"rendered":"<p>Live-stream inspelning fr\u00e5n webbinariet \u201dKirjastot ja kulttuurinen moninaisuus\u201d som h\u00f6lls den 3.12.2021. P\u00e5 den h\u00e4r videon kan du lyssna p\u00e5 Korsn\u00e4s kommunbiblioteks informatiker Carola B\u00e4ckstr\u00f6ms presentation \u201dM\u00e5ngkulturell bem\u00f6tande i biblioteket\u201d.<\/p>\n<p>Fortbildningsdagen \u201cKirjastot ja kulttuurinen moninaisuus\u201d arrangerades av Regionf\u00f6rvaltningsverket i V\u00e4stra och inre Finland och biblioteken som sk\u00f6ter de regionala utvecklingsuppdragen i Vasa och Tammerfors.<\/p>\n<p>L\u00e4s mer:<br \/>\n<a href=\"https:\/\/www.kirjastokaista.fi\/tag\/kirjastot-ja-kulttuurinen-moninaisuus\">Alla videor fr\u00e5n seminariet p\u00e5 finska<\/a><\/p>\n<p>Stream: Solid Stream<br \/>\nProduktion: Solid Stream och som producent Bibliotekskanalen, 2021<\/p>\n","protected":false},"excerpt":{"rendered":"<p>Live-stream inspelning fr\u00e5n webbinariet \u201dKirjastot ja kulttuurinen moninaisuus\u201d som h\u00f6lls den 3.12.2021. P\u00e5 den h\u00e4r videon kan du lyssna p\u00e5 Korsn\u00e4s kommunbiblioteks informatiker Carola B\u00e4ckstr\u00f6ms presentation \u201dM\u00e5ngkulturell bem\u00f6tande i biblioteket\u201d. [&hellip;]<\/p>\n","protected":false},"author":3,"featured_media":0,"comment_status":"open","ping_status":"closed","sticky":false,"template":"","format":"video","meta":{"footnotes":""},"categories":[3141],"tags":[6282,17650,21581,22969],"class_list":["post-398170","post","type-post","status-publish","format-video","hentry","category-utbildningskanal","tag-invandrare-sv","tag-mangkulturalism","tag-regionforvaltningsverk","tag-backstrom-carola","post_format-post-format-video"],"youtube_id":"","vimeo_id":"654223947","duration":"1079","number_of_plays_sum":"435","videoembed_videoembed":"<iframe src=\"https:\/\/player.vimeo.com\/video\/654223947\" width=\"550\" height=\"315\" frameborder=\"0\" webkitAllowFullScreen mozallowfullscreen allowFullScreen><\/iframe>","video_language":"svenska","video_thumbnail_large":"https:\/\/i.vimeocdn.com\/video\/1320563232-cac79a34e39172baa31cb85ec379aa0166214dfc553736b303428da80bdcf5d6-d_640x360","video_thumbnail_medium":"https:\/\/i.vimeocdn.com\/video\/1320563232-cac79a34e39172baa31cb85ec379aa0166214dfc553736b303428da80bdcf5d6-d_200x150","video_thumbnail_small":"https:\/\/i.vimeocdn.com\/video\/1320563232-cac79a34e39172baa31cb85ec379aa0166214dfc553736b303428da80bdcf5d6-d_100x75","yoast_head":"<!-- This site is optimized with the Yoast SEO plugin v23.8 - https:\/\/yoast.com\/wordpress\/plugins\/seo\/ -->\n<title>Carola B\u00e4ckstr\u00f6m: M\u00e5ngkulturell bem\u00f6tande i biblioteket - Kirjastokaista<\/title>\n<meta name=\"description\" content=\"P\u00e5 den h\u00e4r videon kan du lyssna p\u00e5 Korsn\u00e4s kommunbiblioteks informatiker Carola B\u00e4ckstr\u00f6ms presentation \u201dM\u00e5ngkulturell bem\u00f6tande i biblioteket\u201d.\" \/>\n<meta name=\"robots\" content=\"index, follow, max-snippet:-1, max-image-preview:large, max-video-preview:-1\" \/>\n<link rel=\"canonical\" href=\"https:\/\/www.kirjastokaista.fi\/sv\/carola-backstrom-mangkulturell-bemotande-i-biblioteket\/\" \/>\n<meta property=\"og:locale\" content=\"fi_FI\" \/>\n<meta property=\"og:type\" content=\"article\" \/>\n<meta property=\"og:title\" content=\"Carola B\u00e4ckstr\u00f6m: M\u00e5ngkulturell bem\u00f6tande i biblioteket - Kirjastokaista\" \/>\n<meta property=\"og:description\" content=\"P\u00e5 den h\u00e4r videon kan du lyssna p\u00e5 Korsn\u00e4s kommunbiblioteks informatiker Carola B\u00e4ckstr\u00f6ms presentation \u201dM\u00e5ngkulturell bem\u00f6tande i biblioteket\u201d.\" \/>\n<meta property=\"og:url\" content=\"https:\/\/www.kirjastokaista.fi\/sv\/carola-backstrom-mangkulturell-bemotande-i-biblioteket\/\" \/>\n<meta property=\"og:site_name\" content=\"Kirjastokaista\" \/>\n<meta property=\"article:published_time\" content=\"2021-12-08T11:44:10+00:00\" \/>\n<meta property=\"article:modified_time\" content=\"2022-11-14T08:17:33+00:00\" \/>\n<meta property=\"og:image\" content=\"https:\/\/www.kirjastokaista.fi\/app\/uploads\/2021\/12\/Carola_Backstrom.png\" \/>\n\t<meta property=\"og:image:width\" content=\"1440\" \/>\n\t<meta property=\"og:image:height\" content=\"900\" \/>\n\t<meta property=\"og:image:type\" content=\"image\/png\" \/>\n<meta name=\"author\" content=\"Riitta\" \/>\n<meta name=\"twitter:label1\" content=\"Written by\" \/>\n\t<meta name=\"twitter:data1\" content=\"Riitta\" \/>\n\t<meta name=\"twitter:label2\" content=\"Est. reading time\" \/>\n\t<meta name=\"twitter:data2\" content=\"1 minute\" \/>\n<script type=\"application\/ld+json\" class=\"yoast-schema-graph\">{\"@context\":\"https:\/\/schema.org\",\"@graph\":[{\"@type\":\"WebPage\",\"@id\":\"https:\/\/www.kirjastokaista.fi\/sv\/carola-backstrom-mangkulturell-bemotande-i-biblioteket\/\",\"url\":\"https:\/\/www.kirjastokaista.fi\/sv\/carola-backstrom-mangkulturell-bemotande-i-biblioteket\/\",\"name\":\"Carola B\u00e4ckstr\u00f6m: M\u00e5ngkulturell bem\u00f6tande i biblioteket - Kirjastokaista\",\"isPartOf\":{\"@id\":\"https:\/\/www.kirjastokaista.fi\/#website\"},\"datePublished\":\"2021-12-08T11:44:10+00:00\",\"dateModified\":\"2022-11-14T08:17:33+00:00\",\"author\":{\"@id\":\"https:\/\/www.kirjastokaista.fi\/#\/schema\/person\/8272e6b4176d7a435301d1595244f87e\"},\"description\":\"P\u00e5 den h\u00e4r videon kan du lyssna p\u00e5 Korsn\u00e4s kommunbiblioteks informatiker Carola B\u00e4ckstr\u00f6ms presentation \u201dM\u00e5ngkulturell bem\u00f6tande i biblioteket\u201d.\",\"breadcrumb\":{\"@id\":\"https:\/\/www.kirjastokaista.fi\/sv\/carola-backstrom-mangkulturell-bemotande-i-biblioteket\/#breadcrumb\"},\"inLanguage\":\"fi\",\"potentialAction\":[{\"@type\":\"ReadAction\",\"target\":[\"https:\/\/www.kirjastokaista.fi\/sv\/carola-backstrom-mangkulturell-bemotande-i-biblioteket\/\"]}]},{\"@type\":\"BreadcrumbList\",\"@id\":\"https:\/\/www.kirjastokaista.fi\/sv\/carola-backstrom-mangkulturell-bemotande-i-biblioteket\/#breadcrumb\",\"itemListElement\":[{\"@type\":\"ListItem\",\"position\":1,\"name\":\"Etusivu\",\"item\":\"https:\/\/www.kirjastokaista.fi\/\"},{\"@type\":\"ListItem\",\"position\":2,\"name\":\"Carola B\u00e4ckstr\u00f6m: M\u00e5ngkulturell bem\u00f6tande i biblioteket\"}]},{\"@type\":\"WebSite\",\"@id\":\"https:\/\/www.kirjastokaista.fi\/#website\",\"url\":\"https:\/\/www.kirjastokaista.fi\/\",\"name\":\"Kirjastokaista\",\"description\":\"LIBRARY CHANNEL \u2014 Library WebTV\",\"potentialAction\":[{\"@type\":\"SearchAction\",\"target\":{\"@type\":\"EntryPoint\",\"urlTemplate\":\"https:\/\/www.kirjastokaista.fi\/?s={search_term_string}\"},\"query-input\":{\"@type\":\"PropertyValueSpecification\",\"valueRequired\":true,\"valueName\":\"search_term_string\"}}],\"inLanguage\":\"fi\"},{\"@type\":\"Person\",\"@id\":\"https:\/\/www.kirjastokaista.fi\/#\/schema\/person\/8272e6b4176d7a435301d1595244f87e\",\"name\":\"Riitta\",\"image\":{\"@type\":\"ImageObject\",\"inLanguage\":\"fi\",\"@id\":\"https:\/\/www.kirjastokaista.fi\/#\/schema\/person\/image\/\",\"url\":\"https:\/\/secure.gravatar.com\/avatar\/5e7bcb38fde8f54416389d5a36025a08?s=96&d=mm&r=g\",\"contentUrl\":\"https:\/\/secure.gravatar.com\/avatar\/5e7bcb38fde8f54416389d5a36025a08?s=96&d=mm&r=g\",\"caption\":\"Riitta\"},\"sameAs\":[\"https:\/\/x.com\/rtaarasti\"],\"url\":\"https:\/\/www.kirjastokaista.fi\/author\/riitta\/\"}]}<\/script>\n<meta property=\"og:video\" content=\"https:\/\/player.vimeo.com\/video\/654223947\" \/>\n<meta property=\"og:video:type\" content=\"text\/html\" \/>\n<meta property=\"og:video:duration\" content=\"1079\" \/>\n<meta property=\"og:video:width\" content=\"1920\" \/>\n<meta property=\"og:video:height\" content=\"1080\" \/>\n<meta property=\"ya:ovs:adult\" content=\"false\" \/>\n<meta property=\"ya:ovs:upload_date\" content=\"2021-12-08T11:44:10+00:00\" \/>\n<meta property=\"ya:ovs:allow_embed\" content=\"true\" \/>\n<!-- \/ Yoast SEO plugin. -->","yoast_head_json":{"title":"Carola B\u00e4ckstr\u00f6m: M\u00e5ngkulturell bem\u00f6tande i biblioteket - Kirjastokaista","description":"P\u00e5 den h\u00e4r videon kan du lyssna p\u00e5 Korsn\u00e4s kommunbiblioteks informatiker Carola B\u00e4ckstr\u00f6ms presentation \u201dM\u00e5ngkulturell bem\u00f6tande i biblioteket\u201d.","robots":{"index":"index","follow":"follow","max-snippet":"max-snippet:-1","max-image-preview":"max-image-preview:large","max-video-preview":"max-video-preview:-1"},"canonical":"https:\/\/www.kirjastokaista.fi\/sv\/carola-backstrom-mangkulturell-bemotande-i-biblioteket\/","og_locale":"fi_FI","og_type":"article","og_title":"Carola B\u00e4ckstr\u00f6m: M\u00e5ngkulturell bem\u00f6tande i biblioteket - Kirjastokaista","og_description":"P\u00e5 den h\u00e4r videon kan du lyssna p\u00e5 Korsn\u00e4s kommunbiblioteks informatiker Carola B\u00e4ckstr\u00f6ms presentation \u201dM\u00e5ngkulturell bem\u00f6tande i biblioteket\u201d.","og_url":"https:\/\/www.kirjastokaista.fi\/sv\/carola-backstrom-mangkulturell-bemotande-i-biblioteket\/","og_site_name":"Kirjastokaista","article_published_time":"2021-12-08T11:44:10+00:00","article_modified_time":"2022-11-14T08:17:33+00:00","og_image":[{"width":1440,"height":900,"url":"https:\/\/www.kirjastokaista.fi\/app\/uploads\/2021\/12\/Carola_Backstrom.png","type":"image\/png"}],"author":"Riitta","twitter_misc":{"Written by":"Riitta","Est. reading time":"1 minute"},"schema":{"@context":"https:\/\/schema.org","@graph":[{"@type":"WebPage","@id":"https:\/\/www.kirjastokaista.fi\/sv\/carola-backstrom-mangkulturell-bemotande-i-biblioteket\/","url":"https:\/\/www.kirjastokaista.fi\/sv\/carola-backstrom-mangkulturell-bemotande-i-biblioteket\/","name":"Carola B\u00e4ckstr\u00f6m: M\u00e5ngkulturell bem\u00f6tande i biblioteket - Kirjastokaista","isPartOf":{"@id":"https:\/\/www.kirjastokaista.fi\/#website"},"datePublished":"2021-12-08T11:44:10+00:00","dateModified":"2022-11-14T08:17:33+00:00","author":{"@id":"https:\/\/www.kirjastokaista.fi\/#\/schema\/person\/8272e6b4176d7a435301d1595244f87e"},"description":"P\u00e5 den h\u00e4r videon kan du lyssna p\u00e5 Korsn\u00e4s kommunbiblioteks informatiker Carola B\u00e4ckstr\u00f6ms presentation \u201dM\u00e5ngkulturell bem\u00f6tande i biblioteket\u201d.","breadcrumb":{"@id":"https:\/\/www.kirjastokaista.fi\/sv\/carola-backstrom-mangkulturell-bemotande-i-biblioteket\/#breadcrumb"},"inLanguage":"fi","potentialAction":[{"@type":"ReadAction","target":["https:\/\/www.kirjastokaista.fi\/sv\/carola-backstrom-mangkulturell-bemotande-i-biblioteket\/"]}]},{"@type":"BreadcrumbList","@id":"https:\/\/www.kirjastokaista.fi\/sv\/carola-backstrom-mangkulturell-bemotande-i-biblioteket\/#breadcrumb","itemListElement":[{"@type":"ListItem","position":1,"name":"Etusivu","item":"https:\/\/www.kirjastokaista.fi\/"},{"@type":"ListItem","position":2,"name":"Carola B\u00e4ckstr\u00f6m: M\u00e5ngkulturell bem\u00f6tande i biblioteket"}]},{"@type":"WebSite","@id":"https:\/\/www.kirjastokaista.fi\/#website","url":"https:\/\/www.kirjastokaista.fi\/","name":"Kirjastokaista","description":"LIBRARY CHANNEL \u2014 Library WebTV","potentialAction":[{"@type":"SearchAction","target":{"@type":"EntryPoint","urlTemplate":"https:\/\/www.kirjastokaista.fi\/?s={search_term_string}"},"query-input":{"@type":"PropertyValueSpecification","valueRequired":true,"valueName":"search_term_string"}}],"inLanguage":"fi"},{"@type":"Person","@id":"https:\/\/www.kirjastokaista.fi\/#\/schema\/person\/8272e6b4176d7a435301d1595244f87e","name":"Riitta","image":{"@type":"ImageObject","inLanguage":"fi","@id":"https:\/\/www.kirjastokaista.fi\/#\/schema\/person\/image\/","url":"https:\/\/secure.gravatar.com\/avatar\/5e7bcb38fde8f54416389d5a36025a08?s=96&d=mm&r=g","contentUrl":"https:\/\/secure.gravatar.com\/avatar\/5e7bcb38fde8f54416389d5a36025a08?s=96&d=mm&r=g","caption":"Riitta"},"sameAs":["https:\/\/x.com\/rtaarasti"],"url":"https:\/\/www.kirjastokaista.fi\/author\/riitta\/"}]},"og_video":"https:\/\/player.vimeo.com\/video\/654223947","og_video_type":"text\/html","og_video_duration":"1079","og_video_width":"1920","og_video_height":"1080","ya_ovs_adult":"false","ya_ovs_upload_date":"2021-12-08T11:44:10+00:00","ya_ovs_allow_embed":"true"},"_links":{"self":[{"href":"https:\/\/www.kirjastokaista.fi\/wp-json\/wp\/v2\/posts\/398170","targetHints":{"allow":["GET"]}}],"collection":[{"href":"https:\/\/www.kirjastokaista.fi\/wp-json\/wp\/v2\/posts"}],"about":[{"href":"https:\/\/www.kirjastokaista.fi\/wp-json\/wp\/v2\/types\/post"}],"author":[{"embeddable":true,"href":"https:\/\/www.kirjastokaista.fi\/wp-json\/wp\/v2\/users\/3"}],"replies":[{"embeddable":true,"href":"https:\/\/www.kirjastokaista.fi\/wp-json\/wp\/v2\/comments?post=398170"}],"version-history":[{"count":2,"href":"https:\/\/www.kirjastokaista.fi\/wp-json\/wp\/v2\/posts\/398170\/revisions"}],"predecessor-version":[{"id":398183,"href":"https:\/\/www.kirjastokaista.fi\/wp-json\/wp\/v2\/posts\/398170\/revisions\/398183"}],"wp:attachment":[{"href":"https:\/\/www.kirjastokaista.fi\/wp-json\/wp\/v2\/media?parent=398170"}],"wp:term":[{"taxonomy":"category","embeddable":true,"href":"https:\/\/www.kirjastokaista.fi\/wp-json\/wp\/v2\/categories?post=398170"},{"taxonomy":"post_tag","embeddable":true,"href":"https:\/\/www.kirjastokaista.fi\/wp-json\/wp\/v2\/tags?post=398170"}],"curies":[{"name":"wp","href":"https:\/\/api.w.org\/{rel}","templated":true}]}}