{"id":397924,"date":"2021-11-23T13:43:01","date_gmt":"2021-11-23T11:43:01","guid":{"rendered":"http:\/\/www.kirjastokaista.fi\/?p=397924"},"modified":"2022-11-14T10:17:40","modified_gmt":"2022-11-14T08:17:40","slug":"biblioteken-som-forum-for-folkstyret-jakobstads-stadsbibliotek","status":"publish","type":"post","link":"https:\/\/www.kirjastokaista.fi\/sv\/biblioteken-som-forum-for-folkstyret-jakobstads-stadsbibliotek\/","title":{"rendered":"Biblioteken som forum f\u00f6r folkstyret: Jakobstads stadsbibliotek"},"content":{"rendered":"<p>Jakobstads stadsbibliotek \u00e4r ett av pilotbiblioteken f\u00f6r Sitras projekthelhet Biblioteken som forum f\u00f6r folkstyret. Bibliotekens arbete f\u00f6r att fr\u00e4mja demokratin forts\u00e4tter med riksdagens finansiering och med hj\u00e4lp av regionf\u00f6rvaltningsverket. Presentation av Jakobstads stadsbiblioteks verksamhetsmodell Hoppsan \u2013 jag \u00e4r en p\u00e5verkare.<\/p>\n<p>Mer information om underst\u00f6d och projekt f\u00f6r bibliotekens demokratiarbete:<br \/>\n<a href=\"https:\/\/www.sitra.fi\/sv\/projekt\/biblioteken-blir-forum-for-folkstyret\/\">Sitra<\/a><br \/>\n<a href=\"https:\/\/aviavustukset.fi\/sv\/specialunderstod-for-utveckling-av-allmanna-bibliotek-som-forum-for-dialog-mellan-medborgare-och-beslutsfattare\/\">Regionf\u00f6rvaltningsverket<\/a><\/p>\n<p>Videon har producerats av regionf\u00f6rvaltningsverket, undervisnings- och kulturministeriet och Sitra i samarbete med PaikallisTV.<\/p>\n","protected":false},"excerpt":{"rendered":"<p>Jakobstads stadsbibliotek \u00e4r ett av pilotbiblioteken f\u00f6r Sitras projekthelhet Biblioteken som forum f\u00f6r folkstyret. Bibliotekens arbete f\u00f6r att fr\u00e4mja demokratin forts\u00e4tter med riksdagens finansiering och med hj\u00e4lp av regionf\u00f6rvaltningsverket. Presentation [&hellip;]<\/p>\n","protected":false},"author":3,"featured_media":0,"comment_status":"open","ping_status":"closed","sticky":false,"template":"","format":"video","meta":{"footnotes":""},"categories":[22940,3150,3141],"tags":[22933,22934,22935,22936,22937,22938,22939,3853,18582,21581],"class_list":["post-397924","post","type-post","status-publish","format-video","hentry","category-regionforvaltningsverket","category-andras-videor","category-utbildningskanal","tag-delaktighet","tag-medborgaraktivitet","tag-vaxelverkan","tag-sitra-sv","tag-wikblad-frank-sv","tag-hyytinen-marja-leena-sv","tag-storbjork-leif-sv","tag-demokrati","tag-jakobstads-stadsbibliotek","tag-regionforvaltningsverk","post_format-post-format-video"],"youtube_id":"UXEiV-XwXkY","vimeo_id":"","duration":"","number_of_plays_sum":"134","videoembed_videoembed":"<iframe width=\"560\" height=\"315\" src=\"https:\/\/www.youtube.com\/embed\/UXEiV-XwXkY?rel=0&wmode=opaque\" frameborder=\"0\" allowfullscreen><\/iframe>","video_language":"suomi, svenska","video_thumbnail_large":"https:\/\/i.ytimg.com\/vi\/UXEiV-XwXkY\/hqdefault.jpg","video_thumbnail_medium":"https:\/\/i.ytimg.com\/vi\/UXEiV-XwXkY\/mqdefault.jpg","video_thumbnail_small":"https:\/\/i.ytimg.com\/vi\/UXEiV-XwXkY\/default.jpg","yoast_head":"<!-- This site is optimized with the Yoast SEO plugin v23.8 - https:\/\/yoast.com\/wordpress\/plugins\/seo\/ -->\n<title>Biblioteken som forum f\u00f6r folkstyret: Jakobstads stadsbibliotek - Kirjastokaista<\/title>\n<meta name=\"description\" content=\"Jakobstads stadsbibliotek \u00e4r ett av pilotbiblioteken f\u00f6r Sitras projekthelhet Biblioteken som forum f\u00f6r folkstyret. Presentation av Jakobstads stadsbiblioteks verksamhetsmodell Hoppsan \u2013 jag \u00e4r en p\u00e5verkare.\" \/>\n<meta name=\"robots\" content=\"index, follow, max-snippet:-1, max-image-preview:large, max-video-preview:-1\" \/>\n<link rel=\"canonical\" href=\"https:\/\/www.kirjastokaista.fi\/sv\/biblioteken-som-forum-for-folkstyret-jakobstads-stadsbibliotek\/\" \/>\n<meta property=\"og:locale\" content=\"fi_FI\" \/>\n<meta property=\"og:type\" content=\"article\" \/>\n<meta property=\"og:title\" content=\"Biblioteken som forum f\u00f6r folkstyret: Jakobstads stadsbibliotek - Kirjastokaista\" \/>\n<meta property=\"og:description\" content=\"Jakobstads stadsbibliotek \u00e4r ett av pilotbiblioteken f\u00f6r Sitras projekthelhet Biblioteken som forum f\u00f6r folkstyret. Presentation av Jakobstads stadsbiblioteks verksamhetsmodell Hoppsan \u2013 jag \u00e4r en p\u00e5verkare.\" \/>\n<meta property=\"og:url\" content=\"https:\/\/www.kirjastokaista.fi\/sv\/biblioteken-som-forum-for-folkstyret-jakobstads-stadsbibliotek\/\" \/>\n<meta property=\"og:site_name\" content=\"Kirjastokaista\" \/>\n<meta property=\"article:published_time\" content=\"2021-11-23T11:43:01+00:00\" \/>\n<meta property=\"article:modified_time\" content=\"2022-11-14T08:17:40+00:00\" \/>\n<meta name=\"author\" content=\"Riitta\" \/>\n<meta name=\"twitter:label1\" content=\"Written by\" \/>\n\t<meta name=\"twitter:data1\" content=\"Riitta\" \/>\n\t<meta name=\"twitter:label2\" content=\"Est. reading time\" \/>\n\t<meta name=\"twitter:data2\" content=\"1 minute\" \/>\n<script type=\"application\/ld+json\" class=\"yoast-schema-graph\">{\"@context\":\"https:\/\/schema.org\",\"@graph\":[{\"@type\":\"WebPage\",\"@id\":\"https:\/\/www.kirjastokaista.fi\/sv\/biblioteken-som-forum-for-folkstyret-jakobstads-stadsbibliotek\/\",\"url\":\"https:\/\/www.kirjastokaista.fi\/sv\/biblioteken-som-forum-for-folkstyret-jakobstads-stadsbibliotek\/\",\"name\":\"Biblioteken som forum f\u00f6r folkstyret: Jakobstads stadsbibliotek - Kirjastokaista\",\"isPartOf\":{\"@id\":\"https:\/\/www.kirjastokaista.fi\/#website\"},\"datePublished\":\"2021-11-23T11:43:01+00:00\",\"dateModified\":\"2022-11-14T08:17:40+00:00\",\"author\":{\"@id\":\"https:\/\/www.kirjastokaista.fi\/#\/schema\/person\/8272e6b4176d7a435301d1595244f87e\"},\"description\":\"Jakobstads stadsbibliotek \u00e4r ett av pilotbiblioteken f\u00f6r Sitras projekthelhet Biblioteken som forum f\u00f6r folkstyret. Presentation av Jakobstads stadsbiblioteks verksamhetsmodell Hoppsan \u2013 jag \u00e4r en p\u00e5verkare.\",\"breadcrumb\":{\"@id\":\"https:\/\/www.kirjastokaista.fi\/sv\/biblioteken-som-forum-for-folkstyret-jakobstads-stadsbibliotek\/#breadcrumb\"},\"inLanguage\":\"fi\",\"potentialAction\":[{\"@type\":\"ReadAction\",\"target\":[\"https:\/\/www.kirjastokaista.fi\/sv\/biblioteken-som-forum-for-folkstyret-jakobstads-stadsbibliotek\/\"]}]},{\"@type\":\"BreadcrumbList\",\"@id\":\"https:\/\/www.kirjastokaista.fi\/sv\/biblioteken-som-forum-for-folkstyret-jakobstads-stadsbibliotek\/#breadcrumb\",\"itemListElement\":[{\"@type\":\"ListItem\",\"position\":1,\"name\":\"Etusivu\",\"item\":\"https:\/\/www.kirjastokaista.fi\/\"},{\"@type\":\"ListItem\",\"position\":2,\"name\":\"Biblioteken som forum f\u00f6r folkstyret: Jakobstads stadsbibliotek\"}]},{\"@type\":\"WebSite\",\"@id\":\"https:\/\/www.kirjastokaista.fi\/#website\",\"url\":\"https:\/\/www.kirjastokaista.fi\/\",\"name\":\"Kirjastokaista\",\"description\":\"LIBRARY CHANNEL \u2014 Library WebTV\",\"potentialAction\":[{\"@type\":\"SearchAction\",\"target\":{\"@type\":\"EntryPoint\",\"urlTemplate\":\"https:\/\/www.kirjastokaista.fi\/?s={search_term_string}\"},\"query-input\":{\"@type\":\"PropertyValueSpecification\",\"valueRequired\":true,\"valueName\":\"search_term_string\"}}],\"inLanguage\":\"fi\"},{\"@type\":\"Person\",\"@id\":\"https:\/\/www.kirjastokaista.fi\/#\/schema\/person\/8272e6b4176d7a435301d1595244f87e\",\"name\":\"Riitta\",\"image\":{\"@type\":\"ImageObject\",\"inLanguage\":\"fi\",\"@id\":\"https:\/\/www.kirjastokaista.fi\/#\/schema\/person\/image\/\",\"url\":\"https:\/\/secure.gravatar.com\/avatar\/5e7bcb38fde8f54416389d5a36025a08?s=96&d=mm&r=g\",\"contentUrl\":\"https:\/\/secure.gravatar.com\/avatar\/5e7bcb38fde8f54416389d5a36025a08?s=96&d=mm&r=g\",\"caption\":\"Riitta\"},\"sameAs\":[\"https:\/\/x.com\/rtaarasti\"],\"url\":\"https:\/\/www.kirjastokaista.fi\/author\/riitta\/\"}]}<\/script>\n<meta property=\"og:video\" content=\"https:\/\/www.youtube.com\/embed\/UXEiV-XwXkY\" \/>\n<meta property=\"og:video:type\" content=\"text\/html\" \/>\n<meta property=\"og:video:duration\" content=\"268\" \/>\n<meta property=\"og:video:width\" content=\"480\" \/>\n<meta property=\"og:video:height\" content=\"270\" \/>\n<meta property=\"ya:ovs:adult\" content=\"false\" \/>\n<meta property=\"ya:ovs:upload_date\" content=\"2021-11-23T11:43:01+00:00\" \/>\n<meta property=\"ya:ovs:allow_embed\" content=\"true\" \/>\n<!-- \/ Yoast SEO plugin. -->","yoast_head_json":{"title":"Biblioteken som forum f\u00f6r folkstyret: Jakobstads stadsbibliotek - Kirjastokaista","description":"Jakobstads stadsbibliotek \u00e4r ett av pilotbiblioteken f\u00f6r Sitras projekthelhet Biblioteken som forum f\u00f6r folkstyret. Presentation av Jakobstads stadsbiblioteks verksamhetsmodell Hoppsan \u2013 jag \u00e4r en p\u00e5verkare.","robots":{"index":"index","follow":"follow","max-snippet":"max-snippet:-1","max-image-preview":"max-image-preview:large","max-video-preview":"max-video-preview:-1"},"canonical":"https:\/\/www.kirjastokaista.fi\/sv\/biblioteken-som-forum-for-folkstyret-jakobstads-stadsbibliotek\/","og_locale":"fi_FI","og_type":"article","og_title":"Biblioteken som forum f\u00f6r folkstyret: Jakobstads stadsbibliotek - Kirjastokaista","og_description":"Jakobstads stadsbibliotek \u00e4r ett av pilotbiblioteken f\u00f6r Sitras projekthelhet Biblioteken som forum f\u00f6r folkstyret. Presentation av Jakobstads stadsbiblioteks verksamhetsmodell Hoppsan \u2013 jag \u00e4r en p\u00e5verkare.","og_url":"https:\/\/www.kirjastokaista.fi\/sv\/biblioteken-som-forum-for-folkstyret-jakobstads-stadsbibliotek\/","og_site_name":"Kirjastokaista","article_published_time":"2021-11-23T11:43:01+00:00","article_modified_time":"2022-11-14T08:17:40+00:00","author":"Riitta","twitter_misc":{"Written by":"Riitta","Est. reading time":"1 minute"},"schema":{"@context":"https:\/\/schema.org","@graph":[{"@type":"WebPage","@id":"https:\/\/www.kirjastokaista.fi\/sv\/biblioteken-som-forum-for-folkstyret-jakobstads-stadsbibliotek\/","url":"https:\/\/www.kirjastokaista.fi\/sv\/biblioteken-som-forum-for-folkstyret-jakobstads-stadsbibliotek\/","name":"Biblioteken som forum f\u00f6r folkstyret: Jakobstads stadsbibliotek - Kirjastokaista","isPartOf":{"@id":"https:\/\/www.kirjastokaista.fi\/#website"},"datePublished":"2021-11-23T11:43:01+00:00","dateModified":"2022-11-14T08:17:40+00:00","author":{"@id":"https:\/\/www.kirjastokaista.fi\/#\/schema\/person\/8272e6b4176d7a435301d1595244f87e"},"description":"Jakobstads stadsbibliotek \u00e4r ett av pilotbiblioteken f\u00f6r Sitras projekthelhet Biblioteken som forum f\u00f6r folkstyret. Presentation av Jakobstads stadsbiblioteks verksamhetsmodell Hoppsan \u2013 jag \u00e4r en p\u00e5verkare.","breadcrumb":{"@id":"https:\/\/www.kirjastokaista.fi\/sv\/biblioteken-som-forum-for-folkstyret-jakobstads-stadsbibliotek\/#breadcrumb"},"inLanguage":"fi","potentialAction":[{"@type":"ReadAction","target":["https:\/\/www.kirjastokaista.fi\/sv\/biblioteken-som-forum-for-folkstyret-jakobstads-stadsbibliotek\/"]}]},{"@type":"BreadcrumbList","@id":"https:\/\/www.kirjastokaista.fi\/sv\/biblioteken-som-forum-for-folkstyret-jakobstads-stadsbibliotek\/#breadcrumb","itemListElement":[{"@type":"ListItem","position":1,"name":"Etusivu","item":"https:\/\/www.kirjastokaista.fi\/"},{"@type":"ListItem","position":2,"name":"Biblioteken som forum f\u00f6r folkstyret: Jakobstads stadsbibliotek"}]},{"@type":"WebSite","@id":"https:\/\/www.kirjastokaista.fi\/#website","url":"https:\/\/www.kirjastokaista.fi\/","name":"Kirjastokaista","description":"LIBRARY CHANNEL \u2014 Library WebTV","potentialAction":[{"@type":"SearchAction","target":{"@type":"EntryPoint","urlTemplate":"https:\/\/www.kirjastokaista.fi\/?s={search_term_string}"},"query-input":{"@type":"PropertyValueSpecification","valueRequired":true,"valueName":"search_term_string"}}],"inLanguage":"fi"},{"@type":"Person","@id":"https:\/\/www.kirjastokaista.fi\/#\/schema\/person\/8272e6b4176d7a435301d1595244f87e","name":"Riitta","image":{"@type":"ImageObject","inLanguage":"fi","@id":"https:\/\/www.kirjastokaista.fi\/#\/schema\/person\/image\/","url":"https:\/\/secure.gravatar.com\/avatar\/5e7bcb38fde8f54416389d5a36025a08?s=96&d=mm&r=g","contentUrl":"https:\/\/secure.gravatar.com\/avatar\/5e7bcb38fde8f54416389d5a36025a08?s=96&d=mm&r=g","caption":"Riitta"},"sameAs":["https:\/\/x.com\/rtaarasti"],"url":"https:\/\/www.kirjastokaista.fi\/author\/riitta\/"}]},"og_video":"https:\/\/www.youtube.com\/embed\/UXEiV-XwXkY","og_video_type":"text\/html","og_video_duration":"268","og_video_width":"480","og_video_height":"270","ya_ovs_adult":"false","ya_ovs_upload_date":"2021-11-23T11:43:01+00:00","ya_ovs_allow_embed":"true"},"_links":{"self":[{"href":"https:\/\/www.kirjastokaista.fi\/wp-json\/wp\/v2\/posts\/397924","targetHints":{"allow":["GET"]}}],"collection":[{"href":"https:\/\/www.kirjastokaista.fi\/wp-json\/wp\/v2\/posts"}],"about":[{"href":"https:\/\/www.kirjastokaista.fi\/wp-json\/wp\/v2\/types\/post"}],"author":[{"embeddable":true,"href":"https:\/\/www.kirjastokaista.fi\/wp-json\/wp\/v2\/users\/3"}],"replies":[{"embeddable":true,"href":"https:\/\/www.kirjastokaista.fi\/wp-json\/wp\/v2\/comments?post=397924"}],"version-history":[{"count":1,"href":"https:\/\/www.kirjastokaista.fi\/wp-json\/wp\/v2\/posts\/397924\/revisions"}],"predecessor-version":[{"id":397962,"href":"https:\/\/www.kirjastokaista.fi\/wp-json\/wp\/v2\/posts\/397924\/revisions\/397962"}],"wp:attachment":[{"href":"https:\/\/www.kirjastokaista.fi\/wp-json\/wp\/v2\/media?parent=397924"}],"wp:term":[{"taxonomy":"category","embeddable":true,"href":"https:\/\/www.kirjastokaista.fi\/wp-json\/wp\/v2\/categories?post=397924"},{"taxonomy":"post_tag","embeddable":true,"href":"https:\/\/www.kirjastokaista.fi\/wp-json\/wp\/v2\/tags?post=397924"}],"curies":[{"name":"wp","href":"https:\/\/api.w.org\/{rel}","templated":true}]}}