{"id":397070,"date":"2021-10-15T12:30:00","date_gmt":"2021-10-15T09:30:00","guid":{"rendered":"https:\/\/www.kirjastokaista.fi\/tim-sparv-som-laslovets-resekompis\/"},"modified":"2022-01-27T18:43:54","modified_gmt":"2022-01-27T16:43:54","slug":"tim-sparv-som-laslovets-resekompis","status":"publish","type":"post","link":"https:\/\/www.kirjastokaista.fi\/sv\/tim-sparv-som-laslovets-resekompis\/","title":{"rendered":"Tim Sparv som L\u00e4slovets resekompis"},"content":{"rendered":"<p>Fotbollsspelaren <strong>Tim Sparv<\/strong> \u00e4r med p\u00e5 din resa till L\u00e4slovet! Hur b\u00f6rjade hans egen l\u00e4sresa och vad har han f\u00f6r tips att ge l\u00e4sresen\u00e4ren? Se videon som \u00e4r filmad p\u00e5 Bolt Arenan i september 2021.<\/p>\n<p>Kampanjen L\u00e4slov, som \u00e4r ett gemensamt initiativ av organisationer inom bokbranschen och det l\u00e4sfr\u00e4mjande arbetet, genomf\u00f6rs igen under skolornas h\u00f6stlov.<\/p>\n<p>Under kampanjen uppmuntras familjerna att fira l\u00e4slov genom att l\u00e4sa tillsammans. \u00c5r 2021 \u00e4r kampanjens tema \u201dAlla \u00e4r vi l\u00e4sare\u201d. Som kampanjens resekompisar fungerar en grupp finl\u00e4ndare i olika \u00e5ldrar och med olika bakgrund. I videoh\u00e4lsningar ber\u00e4ttar de om sin egen resa till l\u00e4sare och uppmuntrar att fira l\u00e4slov. Som resekompisar fungerar fotbollsspelarna Tim Sparv och Linda S\u00e4llstr\u00f6m, rapparen F, redakt\u00f6ren och verkst\u00e4llande direkt\u00f6ren f\u00f6r F\u00f6retagarna i Finland Mikael Pentik\u00e4inen samt youtubaren Lukuhirmu Hertta.<\/p>\n<p>Kampanjen organiseras av Finlands svenska f\u00f6rfattaref\u00f6rening, Kirjakauppaliitto, Boksampo, Bibliotekskanalen, Barnboksinstitutet, L\u00e4sr\u00f6relsen vid Utbildningsstyrelsen, L\u00e4scentrum, Sidosp\u00e5r, Suomen Kirjailijaliitto, Finlands Biblioteksf\u00f6rening, Finlands bokstiftelse, Finlands f\u00f6rlagsf\u00f6rening, Finlands facklitter\u00e4ra f\u00f6rfattare och \u00c4idinkielen opettajain liitto.<\/p>\n<p><a href=\"http:\/\/www.kirjastokaista.fi\/app\/uploads\/2021\/10\/TIM_SPARV_SWE_thumbnal.png\"><img loading=\"lazy\" decoding=\"async\" class=\"alignnone size-medium wp-image-397085\" src=\"http:\/\/www.kirjastokaista.fi\/app\/uploads\/2021\/10\/TIM_SPARV_SWE_thumbnal-300x169.png\" alt=\"Mannens ansikte \" width=\"300\" height=\"169\" srcset=\"https:\/\/www.kirjastokaista.fi\/app\/uploads\/2021\/10\/TIM_SPARV_SWE_thumbnal-300x169.png 300w, https:\/\/www.kirjastokaista.fi\/app\/uploads\/2021\/10\/TIM_SPARV_SWE_thumbnal-1024x576.png 1024w, https:\/\/www.kirjastokaista.fi\/app\/uploads\/2021\/10\/TIM_SPARV_SWE_thumbnal-768x432.png 768w, https:\/\/www.kirjastokaista.fi\/app\/uploads\/2021\/10\/TIM_SPARV_SWE_thumbnal-1536x864.png 1536w, https:\/\/www.kirjastokaista.fi\/app\/uploads\/2021\/10\/TIM_SPARV_SWE_thumbnal-112x63.png 112w, https:\/\/www.kirjastokaista.fi\/app\/uploads\/2021\/10\/TIM_SPARV_SWE_thumbnal-800x451.png 800w, https:\/\/www.kirjastokaista.fi\/app\/uploads\/2021\/10\/TIM_SPARV_SWE_thumbnal.png 1920w\" sizes=\"auto, (max-width: 300px) 100vw, 300px\" \/><\/a><\/p>\n<p>Mera information:<br \/>\n<a href=\"https:\/\/www.lukuloma.fi\">L\u00e4slovets webbsida<\/a><br \/>\n<a href=\"https:\/\/www.boksampo.fi\/sv\/sivupiiri\">Boktips f\u00f6r barn och unga p\u00e5 Sidosp\u00e5r<\/a><br \/>\n<a href=\"https:\/\/www.boksampo.fi\/sv\/node\/13009\">Boktips f\u00f6r vuxna p\u00e5 Boksampo<\/a><br \/>\n<a href=\"https:\/\/www.kirjastokaista.fi\/tag\/lukuloma\">L\u00e4slov-videor p\u00e5 finska<\/a><br \/>\n<a href=\"https:\/\/www.kirjastokaista.fi\/sv\/tag\/laslov\">L\u00e4slov-videor p\u00e5 svenska<\/a><\/p>\n<p>Film: Mikko Helander och Joonas Nevalainen<br \/>\nEditering och animation: Joonas Nevalainen<br \/>\nProducent och redakt\u00f6r: Riitta Taarasti<br \/>\nMusik: Storyblocks.com<br \/>\nProduktion: Bibliotekskanalen och kampanjen L\u00e4slov, 2021<\/p>\n","protected":false},"excerpt":{"rendered":"<p>Fotbollsspelaren Tim Sparv \u00e4r med p\u00e5 din resa till L\u00e4slovet! Hur b\u00f6rjade hans egen l\u00e4sresa och vad har han f\u00f6r tips att ge l\u00e4sresen\u00e4ren? Se videon som \u00e4r filmad p\u00e5 [&hellip;]<\/p>\n","protected":false},"author":3,"featured_media":0,"comment_status":"open","ping_status":"closed","sticky":false,"template":"","format":"video","meta":{"footnotes":""},"categories":[3101,3107],"tags":[5857,6661,7053,19586,21636,22785,22786],"class_list":["post-397070","post","type-post","status-publish","format-video","hentry","category-litteratur-och-kultur","category-laskampanj","tag-lasning","tag-ungdomar-sv","tag-bocker-sv","tag-ungdomslitteratur","tag-laslov","tag-fotbollsspelare","tag-sparv-tim-sv","post_format-post-format-video"],"youtube_id":"","vimeo_id":"617919535","duration":"92","number_of_plays_sum":"410","videoembed_videoembed":"<iframe src=\"https:\/\/player.vimeo.com\/video\/617919535\" width=\"550\" height=\"315\" frameborder=\"0\" webkitAllowFullScreen mozallowfullscreen allowFullScreen><\/iframe>","video_language":"svenska","video_thumbnail_large":"https:\/\/i.vimeocdn.com\/video\/1260002391-1852dbf722314d3a8005e0b8e14b2a4404dfc9b09364c9e68_640x360","video_thumbnail_medium":"https:\/\/i.vimeocdn.com\/video\/1260002391-1852dbf722314d3a8005e0b8e14b2a4404dfc9b09364c9e68_200x150","video_thumbnail_small":"https:\/\/i.vimeocdn.com\/video\/1260002391-1852dbf722314d3a8005e0b8e14b2a4404dfc9b09364c9e68_100x75","yoast_head":"<!-- This site is optimized with the Yoast SEO plugin v23.8 - https:\/\/yoast.com\/wordpress\/plugins\/seo\/ -->\n<title>Tim Sparv som L\u00e4slovets resekompis - Kirjastokaista<\/title>\n<meta name=\"description\" content=\"Fotbollsspelaren Tim Sparv \u00e4r med p\u00e5 din resa till L\u00e4slovet! Se videon som \u00e4r filmad p\u00e5 Bolt Arenan i september 2021.\" \/>\n<meta name=\"robots\" content=\"index, follow, max-snippet:-1, max-image-preview:large, max-video-preview:-1\" \/>\n<link rel=\"canonical\" href=\"https:\/\/www.kirjastokaista.fi\/sv\/tim-sparv-som-laslovets-resekompis\/\" \/>\n<meta property=\"og:locale\" content=\"fi_FI\" \/>\n<meta property=\"og:type\" content=\"article\" \/>\n<meta property=\"og:title\" content=\"Tim Sparv som L\u00e4slovets resekompis - Kirjastokaista\" \/>\n<meta property=\"og:description\" content=\"Fotbollsspelaren Tim Sparv \u00e4r med p\u00e5 din resa till L\u00e4slovet! Se videon som \u00e4r filmad p\u00e5 Bolt Arenan i september 2021.\" \/>\n<meta property=\"og:url\" content=\"https:\/\/www.kirjastokaista.fi\/sv\/tim-sparv-som-laslovets-resekompis\/\" \/>\n<meta property=\"og:site_name\" content=\"Kirjastokaista\" \/>\n<meta property=\"article:published_time\" content=\"2021-10-15T09:30:00+00:00\" \/>\n<meta property=\"article:modified_time\" content=\"2022-01-27T16:43:54+00:00\" \/>\n<meta property=\"og:image\" content=\"https:\/\/www.kirjastokaista.fi\/app\/uploads\/2021\/10\/TIM_SPARV_SWE_thumbnal.png\" \/>\n\t<meta property=\"og:image:width\" content=\"1920\" \/>\n\t<meta property=\"og:image:height\" content=\"1080\" \/>\n\t<meta property=\"og:image:type\" content=\"image\/png\" \/>\n<meta name=\"author\" content=\"Riitta\" \/>\n<meta name=\"twitter:label1\" content=\"Written by\" \/>\n\t<meta name=\"twitter:data1\" content=\"Riitta\" \/>\n\t<meta name=\"twitter:label2\" content=\"Est. reading time\" \/>\n\t<meta name=\"twitter:data2\" content=\"2 minutes\" \/>\n<script type=\"application\/ld+json\" class=\"yoast-schema-graph\">{\"@context\":\"https:\/\/schema.org\",\"@graph\":[{\"@type\":\"WebPage\",\"@id\":\"https:\/\/www.kirjastokaista.fi\/sv\/tim-sparv-som-laslovets-resekompis\/\",\"url\":\"https:\/\/www.kirjastokaista.fi\/sv\/tim-sparv-som-laslovets-resekompis\/\",\"name\":\"Tim Sparv som L\u00e4slovets resekompis - Kirjastokaista\",\"isPartOf\":{\"@id\":\"https:\/\/www.kirjastokaista.fi\/#website\"},\"primaryImageOfPage\":{\"@id\":\"https:\/\/www.kirjastokaista.fi\/sv\/tim-sparv-som-laslovets-resekompis\/#primaryimage\"},\"image\":{\"@id\":\"https:\/\/www.kirjastokaista.fi\/sv\/tim-sparv-som-laslovets-resekompis\/#primaryimage\"},\"thumbnailUrl\":\"http:\/\/www.kirjastokaista.fi\/app\/uploads\/2021\/10\/TIM_SPARV_SWE_thumbnal-300x169.png\",\"datePublished\":\"2021-10-15T09:30:00+00:00\",\"dateModified\":\"2022-01-27T16:43:54+00:00\",\"author\":{\"@id\":\"https:\/\/www.kirjastokaista.fi\/#\/schema\/person\/8272e6b4176d7a435301d1595244f87e\"},\"description\":\"Fotbollsspelaren Tim Sparv \u00e4r med p\u00e5 din resa till L\u00e4slovet! Se videon som \u00e4r filmad p\u00e5 Bolt Arenan i september 2021.\",\"breadcrumb\":{\"@id\":\"https:\/\/www.kirjastokaista.fi\/sv\/tim-sparv-som-laslovets-resekompis\/#breadcrumb\"},\"inLanguage\":\"fi\",\"potentialAction\":[{\"@type\":\"ReadAction\",\"target\":[\"https:\/\/www.kirjastokaista.fi\/sv\/tim-sparv-som-laslovets-resekompis\/\"]}]},{\"@type\":\"ImageObject\",\"inLanguage\":\"fi\",\"@id\":\"https:\/\/www.kirjastokaista.fi\/sv\/tim-sparv-som-laslovets-resekompis\/#primaryimage\",\"url\":\"http:\/\/www.kirjastokaista.fi\/app\/uploads\/2021\/10\/TIM_SPARV_SWE_thumbnal-300x169.png\",\"contentUrl\":\"http:\/\/www.kirjastokaista.fi\/app\/uploads\/2021\/10\/TIM_SPARV_SWE_thumbnal-300x169.png\"},{\"@type\":\"BreadcrumbList\",\"@id\":\"https:\/\/www.kirjastokaista.fi\/sv\/tim-sparv-som-laslovets-resekompis\/#breadcrumb\",\"itemListElement\":[{\"@type\":\"ListItem\",\"position\":1,\"name\":\"Etusivu\",\"item\":\"https:\/\/www.kirjastokaista.fi\/\"},{\"@type\":\"ListItem\",\"position\":2,\"name\":\"Tim Sparv som L\u00e4slovets resekompis\"}]},{\"@type\":\"WebSite\",\"@id\":\"https:\/\/www.kirjastokaista.fi\/#website\",\"url\":\"https:\/\/www.kirjastokaista.fi\/\",\"name\":\"Kirjastokaista\",\"description\":\"LIBRARY CHANNEL \u2014 Library WebTV\",\"potentialAction\":[{\"@type\":\"SearchAction\",\"target\":{\"@type\":\"EntryPoint\",\"urlTemplate\":\"https:\/\/www.kirjastokaista.fi\/?s={search_term_string}\"},\"query-input\":{\"@type\":\"PropertyValueSpecification\",\"valueRequired\":true,\"valueName\":\"search_term_string\"}}],\"inLanguage\":\"fi\"},{\"@type\":\"Person\",\"@id\":\"https:\/\/www.kirjastokaista.fi\/#\/schema\/person\/8272e6b4176d7a435301d1595244f87e\",\"name\":\"Riitta\",\"image\":{\"@type\":\"ImageObject\",\"inLanguage\":\"fi\",\"@id\":\"https:\/\/www.kirjastokaista.fi\/#\/schema\/person\/image\/\",\"url\":\"https:\/\/secure.gravatar.com\/avatar\/5e7bcb38fde8f54416389d5a36025a08?s=96&d=mm&r=g\",\"contentUrl\":\"https:\/\/secure.gravatar.com\/avatar\/5e7bcb38fde8f54416389d5a36025a08?s=96&d=mm&r=g\",\"caption\":\"Riitta\"},\"sameAs\":[\"https:\/\/x.com\/rtaarasti\"],\"url\":\"https:\/\/www.kirjastokaista.fi\/author\/riitta\/\"}]}<\/script>\n<meta property=\"og:video\" content=\"https:\/\/player.vimeo.com\/video\/617919535\" \/>\n<meta property=\"og:video:type\" content=\"text\/html\" \/>\n<meta property=\"og:video:duration\" content=\"92\" \/>\n<meta property=\"og:video:width\" content=\"1920\" \/>\n<meta property=\"og:video:height\" content=\"1080\" \/>\n<meta property=\"ya:ovs:adult\" content=\"false\" \/>\n<meta property=\"ya:ovs:upload_date\" content=\"2021-10-15T09:30:00+00:00\" \/>\n<meta property=\"ya:ovs:allow_embed\" content=\"true\" \/>\n<!-- \/ Yoast SEO plugin. -->","yoast_head_json":{"title":"Tim Sparv som L\u00e4slovets resekompis - Kirjastokaista","description":"Fotbollsspelaren Tim Sparv \u00e4r med p\u00e5 din resa till L\u00e4slovet! Se videon som \u00e4r filmad p\u00e5 Bolt Arenan i september 2021.","robots":{"index":"index","follow":"follow","max-snippet":"max-snippet:-1","max-image-preview":"max-image-preview:large","max-video-preview":"max-video-preview:-1"},"canonical":"https:\/\/www.kirjastokaista.fi\/sv\/tim-sparv-som-laslovets-resekompis\/","og_locale":"fi_FI","og_type":"article","og_title":"Tim Sparv som L\u00e4slovets resekompis - Kirjastokaista","og_description":"Fotbollsspelaren Tim Sparv \u00e4r med p\u00e5 din resa till L\u00e4slovet! Se videon som \u00e4r filmad p\u00e5 Bolt Arenan i september 2021.","og_url":"https:\/\/www.kirjastokaista.fi\/sv\/tim-sparv-som-laslovets-resekompis\/","og_site_name":"Kirjastokaista","article_published_time":"2021-10-15T09:30:00+00:00","article_modified_time":"2022-01-27T16:43:54+00:00","og_image":[{"width":1920,"height":1080,"url":"https:\/\/www.kirjastokaista.fi\/app\/uploads\/2021\/10\/TIM_SPARV_SWE_thumbnal.png","type":"image\/png"}],"author":"Riitta","twitter_misc":{"Written by":"Riitta","Est. reading time":"2 minutes"},"schema":{"@context":"https:\/\/schema.org","@graph":[{"@type":"WebPage","@id":"https:\/\/www.kirjastokaista.fi\/sv\/tim-sparv-som-laslovets-resekompis\/","url":"https:\/\/www.kirjastokaista.fi\/sv\/tim-sparv-som-laslovets-resekompis\/","name":"Tim Sparv som L\u00e4slovets resekompis - Kirjastokaista","isPartOf":{"@id":"https:\/\/www.kirjastokaista.fi\/#website"},"primaryImageOfPage":{"@id":"https:\/\/www.kirjastokaista.fi\/sv\/tim-sparv-som-laslovets-resekompis\/#primaryimage"},"image":{"@id":"https:\/\/www.kirjastokaista.fi\/sv\/tim-sparv-som-laslovets-resekompis\/#primaryimage"},"thumbnailUrl":"http:\/\/www.kirjastokaista.fi\/app\/uploads\/2021\/10\/TIM_SPARV_SWE_thumbnal-300x169.png","datePublished":"2021-10-15T09:30:00+00:00","dateModified":"2022-01-27T16:43:54+00:00","author":{"@id":"https:\/\/www.kirjastokaista.fi\/#\/schema\/person\/8272e6b4176d7a435301d1595244f87e"},"description":"Fotbollsspelaren Tim Sparv \u00e4r med p\u00e5 din resa till L\u00e4slovet! Se videon som \u00e4r filmad p\u00e5 Bolt Arenan i september 2021.","breadcrumb":{"@id":"https:\/\/www.kirjastokaista.fi\/sv\/tim-sparv-som-laslovets-resekompis\/#breadcrumb"},"inLanguage":"fi","potentialAction":[{"@type":"ReadAction","target":["https:\/\/www.kirjastokaista.fi\/sv\/tim-sparv-som-laslovets-resekompis\/"]}]},{"@type":"ImageObject","inLanguage":"fi","@id":"https:\/\/www.kirjastokaista.fi\/sv\/tim-sparv-som-laslovets-resekompis\/#primaryimage","url":"http:\/\/www.kirjastokaista.fi\/app\/uploads\/2021\/10\/TIM_SPARV_SWE_thumbnal-300x169.png","contentUrl":"http:\/\/www.kirjastokaista.fi\/app\/uploads\/2021\/10\/TIM_SPARV_SWE_thumbnal-300x169.png"},{"@type":"BreadcrumbList","@id":"https:\/\/www.kirjastokaista.fi\/sv\/tim-sparv-som-laslovets-resekompis\/#breadcrumb","itemListElement":[{"@type":"ListItem","position":1,"name":"Etusivu","item":"https:\/\/www.kirjastokaista.fi\/"},{"@type":"ListItem","position":2,"name":"Tim Sparv som L\u00e4slovets resekompis"}]},{"@type":"WebSite","@id":"https:\/\/www.kirjastokaista.fi\/#website","url":"https:\/\/www.kirjastokaista.fi\/","name":"Kirjastokaista","description":"LIBRARY CHANNEL \u2014 Library WebTV","potentialAction":[{"@type":"SearchAction","target":{"@type":"EntryPoint","urlTemplate":"https:\/\/www.kirjastokaista.fi\/?s={search_term_string}"},"query-input":{"@type":"PropertyValueSpecification","valueRequired":true,"valueName":"search_term_string"}}],"inLanguage":"fi"},{"@type":"Person","@id":"https:\/\/www.kirjastokaista.fi\/#\/schema\/person\/8272e6b4176d7a435301d1595244f87e","name":"Riitta","image":{"@type":"ImageObject","inLanguage":"fi","@id":"https:\/\/www.kirjastokaista.fi\/#\/schema\/person\/image\/","url":"https:\/\/secure.gravatar.com\/avatar\/5e7bcb38fde8f54416389d5a36025a08?s=96&d=mm&r=g","contentUrl":"https:\/\/secure.gravatar.com\/avatar\/5e7bcb38fde8f54416389d5a36025a08?s=96&d=mm&r=g","caption":"Riitta"},"sameAs":["https:\/\/x.com\/rtaarasti"],"url":"https:\/\/www.kirjastokaista.fi\/author\/riitta\/"}]},"og_video":"https:\/\/player.vimeo.com\/video\/617919535","og_video_type":"text\/html","og_video_duration":"92","og_video_width":"1920","og_video_height":"1080","ya_ovs_adult":"false","ya_ovs_upload_date":"2021-10-15T09:30:00+00:00","ya_ovs_allow_embed":"true"},"_links":{"self":[{"href":"https:\/\/www.kirjastokaista.fi\/wp-json\/wp\/v2\/posts\/397070","targetHints":{"allow":["GET"]}}],"collection":[{"href":"https:\/\/www.kirjastokaista.fi\/wp-json\/wp\/v2\/posts"}],"about":[{"href":"https:\/\/www.kirjastokaista.fi\/wp-json\/wp\/v2\/types\/post"}],"author":[{"embeddable":true,"href":"https:\/\/www.kirjastokaista.fi\/wp-json\/wp\/v2\/users\/3"}],"replies":[{"embeddable":true,"href":"https:\/\/www.kirjastokaista.fi\/wp-json\/wp\/v2\/comments?post=397070"}],"version-history":[{"count":6,"href":"https:\/\/www.kirjastokaista.fi\/wp-json\/wp\/v2\/posts\/397070\/revisions"}],"predecessor-version":[{"id":397275,"href":"https:\/\/www.kirjastokaista.fi\/wp-json\/wp\/v2\/posts\/397070\/revisions\/397275"}],"wp:attachment":[{"href":"https:\/\/www.kirjastokaista.fi\/wp-json\/wp\/v2\/media?parent=397070"}],"wp:term":[{"taxonomy":"category","embeddable":true,"href":"https:\/\/www.kirjastokaista.fi\/wp-json\/wp\/v2\/categories?post=397070"},{"taxonomy":"post_tag","embeddable":true,"href":"https:\/\/www.kirjastokaista.fi\/wp-json\/wp\/v2\/tags?post=397070"}],"curies":[{"name":"wp","href":"https:\/\/api.w.org\/{rel}","templated":true}]}}