{"id":396806,"date":"2021-10-05T01:38:00","date_gmt":"2021-10-04T22:38:00","guid":{"rendered":"https:\/\/www.kirjastokaista.fi\/lasfest-2021-valkommen-och-aktuellt-fran-erte\/"},"modified":"2021-10-24T15:11:18","modified_gmt":"2021-10-24T12:11:18","slug":"lasfest-2021-valkommen-och-aktuellt-fran-erte","status":"publish","type":"post","link":"https:\/\/www.kirjastokaista.fi\/sv\/lasfest-2021-valkommen-och-aktuellt-fran-erte\/","title":{"rendered":"L\u00e4sfest 2021: V\u00e4lkommen och aktuellt fr\u00e5n Erte"},"content":{"rendered":"<p>Live-stream inspelning fr\u00e5n webbinariet \u201cLukulystit \u2013 L\u00e4sfest\u201d som h\u00f6lls den 15-16 september 2021. P\u00e5 den h\u00e4r videon kan du lyssna p\u00e5 Lena S\u00e5gfors presentation &#8221;V\u00e4lkommen och aktuellt fr\u00e5n Erte\u201d. Med Lena \u00e4r Mervi Heikkil\u00e4, Anna-Maija Koskimies och Emilia Koski.<\/p>\n<p>P\u00e5 den finskspr\u00e5kiga dagen, onsdag 15.9, och p\u00e5 den svenskspr\u00e5kiga dagen, torsdag 16.9, kan du ta del av ett brett utbud av olika projekt, id\u00e9er och forskningsresultat fr\u00e5n Finland och \u00f6vriga v\u00e4rlden.<\/p>\n<p>\u201cLukulystit \u2013 L\u00e4sfest\u201d arrangerades av Sein\u00e4joki stadsbibliotek som har ett riksomfattande specialuppdrag att st\u00f6da barn och ungas l\u00e4sande och l\u00e4skunnighet genom biblioteken. Verksamheten finansieras av Undervisnings- och kulturministeriet.<\/p>\n<p>L\u00e4s mer:<br \/>\n<a href=\"https:\/\/www.biblioteken.fi\/lubu\">Lubu-sidor p\u00e5 Biblioteken.fi<\/a><br \/>\n<a href=\"https:\/\/www.kirjastokaista.fi\/sv\/tag\/lasfest-lukulystit-2021\/\">Alla videor fr\u00e5n L\u00e4sfest-seminariet 2021<\/a><br \/>\n<a href=\"https:\/\/www.kirjastokaista.fi\/sv\/tag\/lasfest-lukulystit-2020\/\">Alla videor fr\u00e5n L\u00e4sfest-seminariet 2020<\/a><\/p>\n<p>Live-stream: Mikko Helander och Joonas Nevalainen<br \/>\nProducent: Riitta Taarasti<br \/>\nProduktion: Bibliotekskanalen (Kirjastokaista), 2021<\/p>\n","protected":false},"excerpt":{"rendered":"<p>Live-stream inspelning fr\u00e5n webbinariet \u201cLukulystit \u2013 L\u00e4sfest\u201d som h\u00f6lls den 15-16 september 2021. P\u00e5 den h\u00e4r videon kan du lyssna p\u00e5 Lena S\u00e5gfors presentation &#8221;V\u00e4lkommen och aktuellt fr\u00e5n Erte\u201d. Med [&hellip;]<\/p>\n","protected":false},"author":3,"featured_media":0,"comment_status":"open","ping_status":"closed","sticky":false,"template":"","format":"video","meta":{"footnotes":""},"categories":[3141,3236,3268],"tags":[5857,18683,21745,21746,22752,22757],"class_list":["post-396806","post","type-post","status-publish","format-video","hentry","category-utbildningskanal","category-lasframjande-2","category-live-arkiv","tag-lasning","tag-sagfors-lena","tag-heikkila-mervi","tag-koskimies-anna-maija-sv","tag-lasfest-lukulystit-2021","tag-koski-emilia-sv","post_format-post-format-video"],"youtube_id":"","vimeo_id":"609522611","duration":"868","number_of_plays_sum":"522","videoembed_videoembed":"<iframe src=\"https:\/\/player.vimeo.com\/video\/609522611\" width=\"550\" height=\"315\" frameborder=\"0\" webkitAllowFullScreen mozallowfullscreen allowFullScreen><\/iframe>","video_language":"svenska","video_thumbnail_large":"https:\/\/i.vimeocdn.com\/video\/1247839413-0c8f2864f975c24ba2747b81fc21c946004715ea0d5508e1d6b711b858c96d30-d_640x360","video_thumbnail_medium":"https:\/\/i.vimeocdn.com\/video\/1247839413-0c8f2864f975c24ba2747b81fc21c946004715ea0d5508e1d6b711b858c96d30-d_200x150","video_thumbnail_small":"https:\/\/i.vimeocdn.com\/video\/1247839413-0c8f2864f975c24ba2747b81fc21c946004715ea0d5508e1d6b711b858c96d30-d_100x75","yoast_head":"<!-- This site is optimized with the Yoast SEO plugin v23.8 - https:\/\/yoast.com\/wordpress\/plugins\/seo\/ -->\n<title>L\u00e4sfest 2021: V\u00e4lkommen och aktuellt fr\u00e5n Erte - Kirjastokaista<\/title>\n<meta name=\"description\" content=\"L\u00e4sfest 2021: V\u00e4lkommen och aktuellt fr\u00e5n Erte. Live-stream inspelning fr\u00e5n webbinariet \u201cLukulystit \u2013 L\u00e4slyst\u201d som h\u00f6lls den 15-16 september 2021.\" \/>\n<meta name=\"robots\" content=\"index, follow, max-snippet:-1, max-image-preview:large, max-video-preview:-1\" \/>\n<link rel=\"canonical\" href=\"https:\/\/www.kirjastokaista.fi\/sv\/lasfest-2021-valkommen-och-aktuellt-fran-erte\/\" \/>\n<meta property=\"og:locale\" content=\"fi_FI\" \/>\n<meta property=\"og:type\" content=\"article\" \/>\n<meta property=\"og:title\" content=\"L\u00e4sfest 2021: V\u00e4lkommen och aktuellt fr\u00e5n Erte - Kirjastokaista\" \/>\n<meta property=\"og:description\" content=\"L\u00e4sfest 2021: V\u00e4lkommen och aktuellt fr\u00e5n Erte. Live-stream inspelning fr\u00e5n webbinariet \u201cLukulystit \u2013 L\u00e4slyst\u201d som h\u00f6lls den 15-16 september 2021.\" \/>\n<meta property=\"og:url\" content=\"https:\/\/www.kirjastokaista.fi\/sv\/lasfest-2021-valkommen-och-aktuellt-fran-erte\/\" \/>\n<meta property=\"og:site_name\" content=\"Kirjastokaista\" \/>\n<meta property=\"article:published_time\" content=\"2021-10-04T22:38:00+00:00\" \/>\n<meta property=\"article:modified_time\" content=\"2021-10-24T12:11:18+00:00\" \/>\n<meta property=\"og:image\" content=\"https:\/\/www.kirjastokaista.fi\/app\/uploads\/2021\/10\/Lasfest_2021_Valkommen_och_aktuellt_fran_Erte.jpg\" \/>\n\t<meta property=\"og:image:width\" content=\"1440\" \/>\n\t<meta property=\"og:image:height\" content=\"798\" \/>\n\t<meta property=\"og:image:type\" content=\"image\/jpeg\" \/>\n<meta name=\"author\" content=\"Riitta\" \/>\n<meta name=\"twitter:label1\" content=\"Written by\" \/>\n\t<meta name=\"twitter:data1\" content=\"Riitta\" \/>\n\t<meta name=\"twitter:label2\" content=\"Est. reading time\" \/>\n\t<meta name=\"twitter:data2\" content=\"1 minute\" \/>\n<script type=\"application\/ld+json\" class=\"yoast-schema-graph\">{\"@context\":\"https:\/\/schema.org\",\"@graph\":[{\"@type\":\"WebPage\",\"@id\":\"https:\/\/www.kirjastokaista.fi\/sv\/lasfest-2021-valkommen-och-aktuellt-fran-erte\/\",\"url\":\"https:\/\/www.kirjastokaista.fi\/sv\/lasfest-2021-valkommen-och-aktuellt-fran-erte\/\",\"name\":\"L\u00e4sfest 2021: V\u00e4lkommen och aktuellt fr\u00e5n Erte - Kirjastokaista\",\"isPartOf\":{\"@id\":\"https:\/\/www.kirjastokaista.fi\/#website\"},\"datePublished\":\"2021-10-04T22:38:00+00:00\",\"dateModified\":\"2021-10-24T12:11:18+00:00\",\"author\":{\"@id\":\"https:\/\/www.kirjastokaista.fi\/#\/schema\/person\/8272e6b4176d7a435301d1595244f87e\"},\"description\":\"L\u00e4sfest 2021: V\u00e4lkommen och aktuellt fr\u00e5n Erte. Live-stream inspelning fr\u00e5n webbinariet \u201cLukulystit \u2013 L\u00e4slyst\u201d som h\u00f6lls den 15-16 september 2021.\",\"breadcrumb\":{\"@id\":\"https:\/\/www.kirjastokaista.fi\/sv\/lasfest-2021-valkommen-och-aktuellt-fran-erte\/#breadcrumb\"},\"inLanguage\":\"fi\",\"potentialAction\":[{\"@type\":\"ReadAction\",\"target\":[\"https:\/\/www.kirjastokaista.fi\/sv\/lasfest-2021-valkommen-och-aktuellt-fran-erte\/\"]}]},{\"@type\":\"BreadcrumbList\",\"@id\":\"https:\/\/www.kirjastokaista.fi\/sv\/lasfest-2021-valkommen-och-aktuellt-fran-erte\/#breadcrumb\",\"itemListElement\":[{\"@type\":\"ListItem\",\"position\":1,\"name\":\"Etusivu\",\"item\":\"https:\/\/www.kirjastokaista.fi\/\"},{\"@type\":\"ListItem\",\"position\":2,\"name\":\"L\u00e4sfest 2021: V\u00e4lkommen och aktuellt fr\u00e5n Erte\"}]},{\"@type\":\"WebSite\",\"@id\":\"https:\/\/www.kirjastokaista.fi\/#website\",\"url\":\"https:\/\/www.kirjastokaista.fi\/\",\"name\":\"Kirjastokaista\",\"description\":\"LIBRARY CHANNEL \u2014 Library WebTV\",\"potentialAction\":[{\"@type\":\"SearchAction\",\"target\":{\"@type\":\"EntryPoint\",\"urlTemplate\":\"https:\/\/www.kirjastokaista.fi\/?s={search_term_string}\"},\"query-input\":{\"@type\":\"PropertyValueSpecification\",\"valueRequired\":true,\"valueName\":\"search_term_string\"}}],\"inLanguage\":\"fi\"},{\"@type\":\"Person\",\"@id\":\"https:\/\/www.kirjastokaista.fi\/#\/schema\/person\/8272e6b4176d7a435301d1595244f87e\",\"name\":\"Riitta\",\"image\":{\"@type\":\"ImageObject\",\"inLanguage\":\"fi\",\"@id\":\"https:\/\/www.kirjastokaista.fi\/#\/schema\/person\/image\/\",\"url\":\"https:\/\/secure.gravatar.com\/avatar\/5e7bcb38fde8f54416389d5a36025a08?s=96&d=mm&r=g\",\"contentUrl\":\"https:\/\/secure.gravatar.com\/avatar\/5e7bcb38fde8f54416389d5a36025a08?s=96&d=mm&r=g\",\"caption\":\"Riitta\"},\"sameAs\":[\"https:\/\/x.com\/rtaarasti\"],\"url\":\"https:\/\/www.kirjastokaista.fi\/author\/riitta\/\"}]}<\/script>\n<meta property=\"og:video\" content=\"https:\/\/player.vimeo.com\/video\/609522611\" \/>\n<meta property=\"og:video:type\" content=\"text\/html\" \/>\n<meta property=\"og:video:duration\" content=\"868\" \/>\n<meta property=\"og:video:width\" content=\"1920\" \/>\n<meta property=\"og:video:height\" content=\"1080\" \/>\n<meta property=\"ya:ovs:adult\" content=\"false\" \/>\n<meta property=\"ya:ovs:upload_date\" content=\"2021-10-04T22:38:00+00:00\" \/>\n<meta property=\"ya:ovs:allow_embed\" content=\"true\" \/>\n<!-- \/ Yoast SEO plugin. -->","yoast_head_json":{"title":"L\u00e4sfest 2021: V\u00e4lkommen och aktuellt fr\u00e5n Erte - Kirjastokaista","description":"L\u00e4sfest 2021: V\u00e4lkommen och aktuellt fr\u00e5n Erte. Live-stream inspelning fr\u00e5n webbinariet \u201cLukulystit \u2013 L\u00e4slyst\u201d som h\u00f6lls den 15-16 september 2021.","robots":{"index":"index","follow":"follow","max-snippet":"max-snippet:-1","max-image-preview":"max-image-preview:large","max-video-preview":"max-video-preview:-1"},"canonical":"https:\/\/www.kirjastokaista.fi\/sv\/lasfest-2021-valkommen-och-aktuellt-fran-erte\/","og_locale":"fi_FI","og_type":"article","og_title":"L\u00e4sfest 2021: V\u00e4lkommen och aktuellt fr\u00e5n Erte - Kirjastokaista","og_description":"L\u00e4sfest 2021: V\u00e4lkommen och aktuellt fr\u00e5n Erte. Live-stream inspelning fr\u00e5n webbinariet \u201cLukulystit \u2013 L\u00e4slyst\u201d som h\u00f6lls den 15-16 september 2021.","og_url":"https:\/\/www.kirjastokaista.fi\/sv\/lasfest-2021-valkommen-och-aktuellt-fran-erte\/","og_site_name":"Kirjastokaista","article_published_time":"2021-10-04T22:38:00+00:00","article_modified_time":"2021-10-24T12:11:18+00:00","og_image":[{"width":1440,"height":798,"url":"https:\/\/www.kirjastokaista.fi\/app\/uploads\/2021\/10\/Lasfest_2021_Valkommen_och_aktuellt_fran_Erte.jpg","type":"image\/jpeg"}],"author":"Riitta","twitter_misc":{"Written by":"Riitta","Est. reading time":"1 minute"},"schema":{"@context":"https:\/\/schema.org","@graph":[{"@type":"WebPage","@id":"https:\/\/www.kirjastokaista.fi\/sv\/lasfest-2021-valkommen-och-aktuellt-fran-erte\/","url":"https:\/\/www.kirjastokaista.fi\/sv\/lasfest-2021-valkommen-och-aktuellt-fran-erte\/","name":"L\u00e4sfest 2021: V\u00e4lkommen och aktuellt fr\u00e5n Erte - Kirjastokaista","isPartOf":{"@id":"https:\/\/www.kirjastokaista.fi\/#website"},"datePublished":"2021-10-04T22:38:00+00:00","dateModified":"2021-10-24T12:11:18+00:00","author":{"@id":"https:\/\/www.kirjastokaista.fi\/#\/schema\/person\/8272e6b4176d7a435301d1595244f87e"},"description":"L\u00e4sfest 2021: V\u00e4lkommen och aktuellt fr\u00e5n Erte. Live-stream inspelning fr\u00e5n webbinariet \u201cLukulystit \u2013 L\u00e4slyst\u201d som h\u00f6lls den 15-16 september 2021.","breadcrumb":{"@id":"https:\/\/www.kirjastokaista.fi\/sv\/lasfest-2021-valkommen-och-aktuellt-fran-erte\/#breadcrumb"},"inLanguage":"fi","potentialAction":[{"@type":"ReadAction","target":["https:\/\/www.kirjastokaista.fi\/sv\/lasfest-2021-valkommen-och-aktuellt-fran-erte\/"]}]},{"@type":"BreadcrumbList","@id":"https:\/\/www.kirjastokaista.fi\/sv\/lasfest-2021-valkommen-och-aktuellt-fran-erte\/#breadcrumb","itemListElement":[{"@type":"ListItem","position":1,"name":"Etusivu","item":"https:\/\/www.kirjastokaista.fi\/"},{"@type":"ListItem","position":2,"name":"L\u00e4sfest 2021: V\u00e4lkommen och aktuellt fr\u00e5n Erte"}]},{"@type":"WebSite","@id":"https:\/\/www.kirjastokaista.fi\/#website","url":"https:\/\/www.kirjastokaista.fi\/","name":"Kirjastokaista","description":"LIBRARY CHANNEL \u2014 Library WebTV","potentialAction":[{"@type":"SearchAction","target":{"@type":"EntryPoint","urlTemplate":"https:\/\/www.kirjastokaista.fi\/?s={search_term_string}"},"query-input":{"@type":"PropertyValueSpecification","valueRequired":true,"valueName":"search_term_string"}}],"inLanguage":"fi"},{"@type":"Person","@id":"https:\/\/www.kirjastokaista.fi\/#\/schema\/person\/8272e6b4176d7a435301d1595244f87e","name":"Riitta","image":{"@type":"ImageObject","inLanguage":"fi","@id":"https:\/\/www.kirjastokaista.fi\/#\/schema\/person\/image\/","url":"https:\/\/secure.gravatar.com\/avatar\/5e7bcb38fde8f54416389d5a36025a08?s=96&d=mm&r=g","contentUrl":"https:\/\/secure.gravatar.com\/avatar\/5e7bcb38fde8f54416389d5a36025a08?s=96&d=mm&r=g","caption":"Riitta"},"sameAs":["https:\/\/x.com\/rtaarasti"],"url":"https:\/\/www.kirjastokaista.fi\/author\/riitta\/"}]},"og_video":"https:\/\/player.vimeo.com\/video\/609522611","og_video_type":"text\/html","og_video_duration":"868","og_video_width":"1920","og_video_height":"1080","ya_ovs_adult":"false","ya_ovs_upload_date":"2021-10-04T22:38:00+00:00","ya_ovs_allow_embed":"true"},"_links":{"self":[{"href":"https:\/\/www.kirjastokaista.fi\/wp-json\/wp\/v2\/posts\/396806","targetHints":{"allow":["GET"]}}],"collection":[{"href":"https:\/\/www.kirjastokaista.fi\/wp-json\/wp\/v2\/posts"}],"about":[{"href":"https:\/\/www.kirjastokaista.fi\/wp-json\/wp\/v2\/types\/post"}],"author":[{"embeddable":true,"href":"https:\/\/www.kirjastokaista.fi\/wp-json\/wp\/v2\/users\/3"}],"replies":[{"embeddable":true,"href":"https:\/\/www.kirjastokaista.fi\/wp-json\/wp\/v2\/comments?post=396806"}],"version-history":[{"count":3,"href":"https:\/\/www.kirjastokaista.fi\/wp-json\/wp\/v2\/posts\/396806\/revisions"}],"predecessor-version":[{"id":396868,"href":"https:\/\/www.kirjastokaista.fi\/wp-json\/wp\/v2\/posts\/396806\/revisions\/396868"}],"wp:attachment":[{"href":"https:\/\/www.kirjastokaista.fi\/wp-json\/wp\/v2\/media?parent=396806"}],"wp:term":[{"taxonomy":"category","embeddable":true,"href":"https:\/\/www.kirjastokaista.fi\/wp-json\/wp\/v2\/categories?post=396806"},{"taxonomy":"post_tag","embeddable":true,"href":"https:\/\/www.kirjastokaista.fi\/wp-json\/wp\/v2\/tags?post=396806"}],"curies":[{"name":"wp","href":"https:\/\/api.w.org\/{rel}","templated":true}]}}