{"id":392233,"date":"2020-12-02T07:05:33","date_gmt":"2020-12-02T05:05:33","guid":{"rendered":"http:\/\/www.kirjastokaista.fi\/tobias-larsson-lasinspiration-for-barn-och-unga\/"},"modified":"2021-01-27T16:13:36","modified_gmt":"2021-01-27T14:13:36","slug":"tobias-larsson-lasinspiration-for-barn-och-unga","status":"publish","type":"post","link":"https:\/\/www.kirjastokaista.fi\/sv\/tobias-larsson-lasinspiration-for-barn-och-unga\/","title":{"rendered":"Tobias Larsson: L\u00e4sinspiration f\u00f6r barn och unga"},"content":{"rendered":"<p>Live-stream inspelning fr\u00e5n webbinariet \u201cLukulystit \u2013 L\u00e4sfest\u201d som h\u00f6lls den 25-26 november 2020. P\u00e5 den h\u00e4r videon kan du lyssna p\u00e5 Helsingfors stadsbiblioteks bibliotekspedagog Tobias Larssons presentation \u201cL\u00e4sinspiration f\u00f6r barn och unga (Bokprat med en agenda)\u201d.<\/p>\n<p>\u201cLukulystit \u2013 L\u00e4sfest\u201d arrangerades av Sein\u00e4joki stadsbibliotek som har ett riksomfattande specialuppdrag att st\u00f6da barn och ungas l\u00e4sande och l\u00e4skunnighet genom biblioteken. Verksamheten finansieras av Undervisnings- och kulturministeriet.<\/p>\n<p>L\u00e4s mer:<br \/>\n<a href=\"https:\/\/www.biblioteken.fi\/lubu\">Lubu-sidor p\u00e5 Biblioteken.fi<\/a><br \/>\n<a href=\"https:\/\/www.kirjastokaista.fi\/sv\/tag\/lasfest-lukulystit-2020\/\">Alla videor fr\u00e5n seminariet p\u00e5 svenska<\/a><a href=\"https:\/\/www.kirjastokaista.fi\/tag\/lukulystit-lasfest-2020\"><br \/>\n<\/a><a href=\"https:\/\/www.kirjastokaista.fi\/tag\/lukulystit-lasfest-2020\">Alla videor fr\u00e5n seminariet p\u00e5 finska<\/a><\/p>\n<p>Live-stream: Panu Somerma och Mikko Helander<br \/>\nProducent: Riitta Taarasti<br \/>\nProduktion: Bibliotekskanalen (Kirjastokaista), 2020<\/p>\n","protected":false},"excerpt":{"rendered":"<p>Live-stream inspelning fr\u00e5n webbinariet \u201cLukulystit \u2013 L\u00e4sfest\u201d som h\u00f6lls den 25-26 november 2020. P\u00e5 den h\u00e4r videon kan du lyssna p\u00e5 Helsingfors stadsbiblioteks bibliotekspedagog Tobias Larssons presentation \u201cL\u00e4sinspiration f\u00f6r barn [&hellip;]<\/p>\n","protected":false},"author":3,"featured_media":0,"comment_status":"open","ping_status":"closed","sticky":false,"template":"","format":"video","meta":{"footnotes":""},"categories":[3141,3236,3268],"tags":[21739,21743,5857,6661,18552],"class_list":["post-392233","post","type-post","status-publish","format-video","hentry","category-utbildningskanal","category-lasframjande-2","category-live-arkiv","tag-larsson-tobias","tag-lasfest-lukulystit-2020","tag-lasning","tag-ungdomar-sv","tag-barn-aldersgrupper","post_format-post-format-video"],"youtube_id":"","vimeo_id":"485470467","duration":"2877","number_of_plays_sum":"871","videoembed_videoembed":"<iframe src=\"https:\/\/player.vimeo.com\/video\/485470467\" width=\"550\" height=\"315\" frameborder=\"0\" webkitAllowFullScreen mozallowfullscreen allowFullScreen><\/iframe>","video_language":"svenska","video_thumbnail_large":"https:\/\/i.vimeocdn.com\/video\/1006323311-49a948e417d1f36e9fcd5db0e836b9a77cea3c76351cd49c116a28f9809c8719-d_640x360","video_thumbnail_medium":"https:\/\/i.vimeocdn.com\/video\/1006323311-49a948e417d1f36e9fcd5db0e836b9a77cea3c76351cd49c116a28f9809c8719-d_200x150","video_thumbnail_small":"https:\/\/i.vimeocdn.com\/video\/1006323311-49a948e417d1f36e9fcd5db0e836b9a77cea3c76351cd49c116a28f9809c8719-d_100x75","yoast_head":"<!-- This site is optimized with the Yoast SEO plugin v23.8 - https:\/\/yoast.com\/wordpress\/plugins\/seo\/ -->\n<title>Tobias Larsson: L\u00e4sinspiration f\u00f6r barn och unga - Kirjastokaista<\/title>\n<meta name=\"description\" content=\"P\u00e5 den h\u00e4r videon kan du lyssna p\u00e5 Helsingfors stadsbiblioteks bibliotekspedagog Tobias Larssons presentation \u201cL\u00e4sinspiration f\u00f6r barn och unga\u201d.\" \/>\n<meta name=\"robots\" content=\"index, follow, max-snippet:-1, max-image-preview:large, max-video-preview:-1\" \/>\n<link rel=\"canonical\" href=\"https:\/\/www.kirjastokaista.fi\/sv\/tobias-larsson-lasinspiration-for-barn-och-unga\/\" \/>\n<meta property=\"og:locale\" content=\"fi_FI\" \/>\n<meta property=\"og:type\" content=\"article\" \/>\n<meta property=\"og:title\" content=\"Tobias Larsson: L\u00e4sinspiration f\u00f6r barn och unga - Kirjastokaista\" \/>\n<meta property=\"og:description\" content=\"P\u00e5 den h\u00e4r videon kan du lyssna p\u00e5 Helsingfors stadsbiblioteks bibliotekspedagog Tobias Larssons presentation \u201cL\u00e4sinspiration f\u00f6r barn och unga\u201d.\" \/>\n<meta property=\"og:url\" content=\"https:\/\/www.kirjastokaista.fi\/sv\/tobias-larsson-lasinspiration-for-barn-och-unga\/\" \/>\n<meta property=\"og:site_name\" content=\"Kirjastokaista\" \/>\n<meta property=\"article:published_time\" content=\"2020-12-02T05:05:33+00:00\" \/>\n<meta property=\"article:modified_time\" content=\"2021-01-27T14:13:36+00:00\" \/>\n<meta name=\"author\" content=\"Riitta\" \/>\n<meta name=\"twitter:label1\" content=\"Written by\" \/>\n\t<meta name=\"twitter:data1\" content=\"Riitta\" \/>\n\t<meta name=\"twitter:label2\" content=\"Est. reading time\" \/>\n\t<meta name=\"twitter:data2\" content=\"1 minute\" \/>\n<script type=\"application\/ld+json\" class=\"yoast-schema-graph\">{\"@context\":\"https:\/\/schema.org\",\"@graph\":[{\"@type\":\"WebPage\",\"@id\":\"https:\/\/www.kirjastokaista.fi\/sv\/tobias-larsson-lasinspiration-for-barn-och-unga\/\",\"url\":\"https:\/\/www.kirjastokaista.fi\/sv\/tobias-larsson-lasinspiration-for-barn-och-unga\/\",\"name\":\"Tobias Larsson: L\u00e4sinspiration f\u00f6r barn och unga - Kirjastokaista\",\"isPartOf\":{\"@id\":\"https:\/\/www.kirjastokaista.fi\/#website\"},\"datePublished\":\"2020-12-02T05:05:33+00:00\",\"dateModified\":\"2021-01-27T14:13:36+00:00\",\"author\":{\"@id\":\"https:\/\/www.kirjastokaista.fi\/#\/schema\/person\/8272e6b4176d7a435301d1595244f87e\"},\"description\":\"P\u00e5 den h\u00e4r videon kan du lyssna p\u00e5 Helsingfors stadsbiblioteks bibliotekspedagog Tobias Larssons presentation \u201cL\u00e4sinspiration f\u00f6r barn och unga\u201d.\",\"breadcrumb\":{\"@id\":\"https:\/\/www.kirjastokaista.fi\/sv\/tobias-larsson-lasinspiration-for-barn-och-unga\/#breadcrumb\"},\"inLanguage\":\"fi\",\"potentialAction\":[{\"@type\":\"ReadAction\",\"target\":[\"https:\/\/www.kirjastokaista.fi\/sv\/tobias-larsson-lasinspiration-for-barn-och-unga\/\"]}]},{\"@type\":\"BreadcrumbList\",\"@id\":\"https:\/\/www.kirjastokaista.fi\/sv\/tobias-larsson-lasinspiration-for-barn-och-unga\/#breadcrumb\",\"itemListElement\":[{\"@type\":\"ListItem\",\"position\":1,\"name\":\"Etusivu\",\"item\":\"https:\/\/www.kirjastokaista.fi\/\"},{\"@type\":\"ListItem\",\"position\":2,\"name\":\"Tobias Larsson: L\u00e4sinspiration f\u00f6r barn och unga\"}]},{\"@type\":\"WebSite\",\"@id\":\"https:\/\/www.kirjastokaista.fi\/#website\",\"url\":\"https:\/\/www.kirjastokaista.fi\/\",\"name\":\"Kirjastokaista\",\"description\":\"LIBRARY CHANNEL \u2014 Library WebTV\",\"potentialAction\":[{\"@type\":\"SearchAction\",\"target\":{\"@type\":\"EntryPoint\",\"urlTemplate\":\"https:\/\/www.kirjastokaista.fi\/?s={search_term_string}\"},\"query-input\":{\"@type\":\"PropertyValueSpecification\",\"valueRequired\":true,\"valueName\":\"search_term_string\"}}],\"inLanguage\":\"fi\"},{\"@type\":\"Person\",\"@id\":\"https:\/\/www.kirjastokaista.fi\/#\/schema\/person\/8272e6b4176d7a435301d1595244f87e\",\"name\":\"Riitta\",\"image\":{\"@type\":\"ImageObject\",\"inLanguage\":\"fi\",\"@id\":\"https:\/\/www.kirjastokaista.fi\/#\/schema\/person\/image\/\",\"url\":\"https:\/\/secure.gravatar.com\/avatar\/5e7bcb38fde8f54416389d5a36025a08?s=96&d=mm&r=g\",\"contentUrl\":\"https:\/\/secure.gravatar.com\/avatar\/5e7bcb38fde8f54416389d5a36025a08?s=96&d=mm&r=g\",\"caption\":\"Riitta\"},\"sameAs\":[\"https:\/\/x.com\/rtaarasti\"],\"url\":\"https:\/\/www.kirjastokaista.fi\/author\/riitta\/\"}]}<\/script>\n<meta property=\"og:video\" content=\"https:\/\/player.vimeo.com\/video\/485470467\" \/>\n<meta property=\"og:video:type\" content=\"text\/html\" \/>\n<meta property=\"og:video:duration\" content=\"2877\" \/>\n<meta property=\"og:video:width\" content=\"1920\" \/>\n<meta property=\"og:video:height\" content=\"1080\" \/>\n<meta property=\"ya:ovs:adult\" content=\"false\" \/>\n<meta property=\"ya:ovs:upload_date\" content=\"2020-12-02T05:05:33+00:00\" \/>\n<meta property=\"ya:ovs:allow_embed\" content=\"true\" \/>\n<!-- \/ Yoast SEO plugin. -->","yoast_head_json":{"title":"Tobias Larsson: L\u00e4sinspiration f\u00f6r barn och unga - Kirjastokaista","description":"P\u00e5 den h\u00e4r videon kan du lyssna p\u00e5 Helsingfors stadsbiblioteks bibliotekspedagog Tobias Larssons presentation \u201cL\u00e4sinspiration f\u00f6r barn och unga\u201d.","robots":{"index":"index","follow":"follow","max-snippet":"max-snippet:-1","max-image-preview":"max-image-preview:large","max-video-preview":"max-video-preview:-1"},"canonical":"https:\/\/www.kirjastokaista.fi\/sv\/tobias-larsson-lasinspiration-for-barn-och-unga\/","og_locale":"fi_FI","og_type":"article","og_title":"Tobias Larsson: L\u00e4sinspiration f\u00f6r barn och unga - Kirjastokaista","og_description":"P\u00e5 den h\u00e4r videon kan du lyssna p\u00e5 Helsingfors stadsbiblioteks bibliotekspedagog Tobias Larssons presentation \u201cL\u00e4sinspiration f\u00f6r barn och unga\u201d.","og_url":"https:\/\/www.kirjastokaista.fi\/sv\/tobias-larsson-lasinspiration-for-barn-och-unga\/","og_site_name":"Kirjastokaista","article_published_time":"2020-12-02T05:05:33+00:00","article_modified_time":"2021-01-27T14:13:36+00:00","author":"Riitta","twitter_misc":{"Written by":"Riitta","Est. reading time":"1 minute"},"schema":{"@context":"https:\/\/schema.org","@graph":[{"@type":"WebPage","@id":"https:\/\/www.kirjastokaista.fi\/sv\/tobias-larsson-lasinspiration-for-barn-och-unga\/","url":"https:\/\/www.kirjastokaista.fi\/sv\/tobias-larsson-lasinspiration-for-barn-och-unga\/","name":"Tobias Larsson: L\u00e4sinspiration f\u00f6r barn och unga - Kirjastokaista","isPartOf":{"@id":"https:\/\/www.kirjastokaista.fi\/#website"},"datePublished":"2020-12-02T05:05:33+00:00","dateModified":"2021-01-27T14:13:36+00:00","author":{"@id":"https:\/\/www.kirjastokaista.fi\/#\/schema\/person\/8272e6b4176d7a435301d1595244f87e"},"description":"P\u00e5 den h\u00e4r videon kan du lyssna p\u00e5 Helsingfors stadsbiblioteks bibliotekspedagog Tobias Larssons presentation \u201cL\u00e4sinspiration f\u00f6r barn och unga\u201d.","breadcrumb":{"@id":"https:\/\/www.kirjastokaista.fi\/sv\/tobias-larsson-lasinspiration-for-barn-och-unga\/#breadcrumb"},"inLanguage":"fi","potentialAction":[{"@type":"ReadAction","target":["https:\/\/www.kirjastokaista.fi\/sv\/tobias-larsson-lasinspiration-for-barn-och-unga\/"]}]},{"@type":"BreadcrumbList","@id":"https:\/\/www.kirjastokaista.fi\/sv\/tobias-larsson-lasinspiration-for-barn-och-unga\/#breadcrumb","itemListElement":[{"@type":"ListItem","position":1,"name":"Etusivu","item":"https:\/\/www.kirjastokaista.fi\/"},{"@type":"ListItem","position":2,"name":"Tobias Larsson: L\u00e4sinspiration f\u00f6r barn och unga"}]},{"@type":"WebSite","@id":"https:\/\/www.kirjastokaista.fi\/#website","url":"https:\/\/www.kirjastokaista.fi\/","name":"Kirjastokaista","description":"LIBRARY CHANNEL \u2014 Library WebTV","potentialAction":[{"@type":"SearchAction","target":{"@type":"EntryPoint","urlTemplate":"https:\/\/www.kirjastokaista.fi\/?s={search_term_string}"},"query-input":{"@type":"PropertyValueSpecification","valueRequired":true,"valueName":"search_term_string"}}],"inLanguage":"fi"},{"@type":"Person","@id":"https:\/\/www.kirjastokaista.fi\/#\/schema\/person\/8272e6b4176d7a435301d1595244f87e","name":"Riitta","image":{"@type":"ImageObject","inLanguage":"fi","@id":"https:\/\/www.kirjastokaista.fi\/#\/schema\/person\/image\/","url":"https:\/\/secure.gravatar.com\/avatar\/5e7bcb38fde8f54416389d5a36025a08?s=96&d=mm&r=g","contentUrl":"https:\/\/secure.gravatar.com\/avatar\/5e7bcb38fde8f54416389d5a36025a08?s=96&d=mm&r=g","caption":"Riitta"},"sameAs":["https:\/\/x.com\/rtaarasti"],"url":"https:\/\/www.kirjastokaista.fi\/author\/riitta\/"}]},"og_video":"https:\/\/player.vimeo.com\/video\/485470467","og_video_type":"text\/html","og_video_duration":"2877","og_video_width":"1920","og_video_height":"1080","ya_ovs_adult":"false","ya_ovs_upload_date":"2020-12-02T05:05:33+00:00","ya_ovs_allow_embed":"true"},"_links":{"self":[{"href":"https:\/\/www.kirjastokaista.fi\/wp-json\/wp\/v2\/posts\/392233","targetHints":{"allow":["GET"]}}],"collection":[{"href":"https:\/\/www.kirjastokaista.fi\/wp-json\/wp\/v2\/posts"}],"about":[{"href":"https:\/\/www.kirjastokaista.fi\/wp-json\/wp\/v2\/types\/post"}],"author":[{"embeddable":true,"href":"https:\/\/www.kirjastokaista.fi\/wp-json\/wp\/v2\/users\/3"}],"replies":[{"embeddable":true,"href":"https:\/\/www.kirjastokaista.fi\/wp-json\/wp\/v2\/comments?post=392233"}],"version-history":[{"count":7,"href":"https:\/\/www.kirjastokaista.fi\/wp-json\/wp\/v2\/posts\/392233\/revisions"}],"predecessor-version":[{"id":392353,"href":"https:\/\/www.kirjastokaista.fi\/wp-json\/wp\/v2\/posts\/392233\/revisions\/392353"}],"wp:attachment":[{"href":"https:\/\/www.kirjastokaista.fi\/wp-json\/wp\/v2\/media?parent=392233"}],"wp:term":[{"taxonomy":"category","embeddable":true,"href":"https:\/\/www.kirjastokaista.fi\/wp-json\/wp\/v2\/categories?post=392233"},{"taxonomy":"post_tag","embeddable":true,"href":"https:\/\/www.kirjastokaista.fi\/wp-json\/wp\/v2\/tags?post=392233"}],"curies":[{"name":"wp","href":"https:\/\/api.w.org\/{rel}","templated":true}]}}