{"id":389656,"date":"2020-04-30T10:13:51","date_gmt":"2020-04-30T07:13:51","guid":{"rendered":"http:\/\/www.kirjastokaista.fi\/?p=389656"},"modified":"2021-01-21T15:16:10","modified_gmt":"2021-01-21T13:16:10","slug":"de-modiga-pojkarna-muntligt-berattad","status":"publish","type":"post","link":"https:\/\/www.kirjastokaista.fi\/sv\/de-modiga-pojkarna-muntligt-berattad\/","title":{"rendered":"De modiga pojkarna (muntligt ber\u00e4ttad)"},"content":{"rendered":"<p>L\u00e4sinspirat\u00f6ren, specialbiblioteksfunktion\u00e4ren Agneta (Netta) M\u00f6ller-Salmela ber\u00e4ttar i Upplevelserummet i Hang\u00f6 stadsbibliotek ber\u00e4ttelsen De modiga pojkarna, som handlar om hur man kan vara modiga p\u00e5 m\u00e5nga olika s\u00e4tt.<\/p>\n<p>SAMTAL:<br><span style=\"font-size: inherit;\">Hur m\u00e5nga modiga pojkar tyckte du att det fanns i ber\u00e4ttelsen?<br><\/span><span style=\"font-size: inherit;\">Ber\u00e4tta vilka pojkar?<br><\/span><span style=\"font-size: inherit;\">Hur tror du att h\u00f6vdingen t\u00e4nkte d\u00e5 alla pojkar fick den v\u00e4rmande filten?<\/span><span style=\"font-size: inherit;\">Vad tror du att pojkarnas f\u00f6r\u00e4ldrar sade till dem sedan d\u00e5 de gick in f\u00f6r att l\u00e4gga sig f\u00f6r att sova sent p\u00e5 kv\u00e4llen i sina hyddor?<br><\/span><span style=\"font-size: inherit;\">Hur tror du att pojkarna k\u00e4nde sig f\u00f6ljande g\u00e5ng d\u00e5 de skulle g\u00e5 till grannbyn?<br><\/span><span style=\"font-size: inherit;\">Vad kunde du g\u00f6ra f\u00f6r att man om dig skulle s\u00e4ga att du \u00e4r modig \u2013 hemma?<br><\/span><span style=\"font-size: inherit;\">Vad kunde du g\u00f6ra f\u00f6r att man om dig skulle s\u00e4ga att du \u00e4r modig \u2013 i skolan?<br><\/span><span style=\"font-size: inherit;\">Vad kunde du g\u00f6ra f\u00f6r att man om dig skulle s\u00e4ga att du \u00e4r modig \u2013 i v\u00e4rlden?<br><\/span><span style=\"font-size: inherit;\">\u00c4r det f\u00f6r dig viktigt att vara modig?<\/span><\/p>\n<p>RITA ELLER M\u00c5LA:<br><span style=\"font-size: inherit;\">N\u00e5gonting som du skulle vara v\u00e4ldigt r\u00e4dd f\u00f6r att m\u00f6ta p\u00e5 riktigt!<\/span><\/p>\n<p>SKRIV:<br><span style=\"font-size: inherit;\">En dikt, vers eller text som skulle skr\u00e4mma bort det som du m\u00e5lade p\u00e5 din teckning!<\/span><\/p>\n<p>Agneta M\u00f6ller-Salmela, L\u00e4sinspirat\u00f6r<\/p>\n<p>L\u00e4s mer:<br><a href=\"https:\/\/www.hanko.fi\/sv\/kultur_fritid_och_ungdomar\/biblioteket\">Hang\u00f6 stadsbibliotek<\/a><\/p>\n<p>Produktion: Hang\u00f6 stadsbibliotek, 2020<\/p>\n\n\n<p><\/p>\n","protected":false},"excerpt":{"rendered":"<p>L\u00e4sinspirat\u00f6ren, specialbiblioteksfunktion\u00e4ren Agneta (Netta) M\u00f6ller-Salmela ber\u00e4ttar i Upplevelserummet i Hang\u00f6 stadsbibliotek ber\u00e4ttelsen De modiga pojkarna, som handlar om hur man kan vara modiga p\u00e5 m\u00e5nga olika s\u00e4tt. SAMTAL:Hur m\u00e5nga modiga [&hellip;]<\/p>\n","protected":false},"author":3,"featured_media":0,"comment_status":"open","ping_status":"closed","sticky":false,"template":"","format":"video","meta":{"footnotes":""},"categories":[21841,3150],"tags":[21873,21879,21880,21885,21968,6655,13388,16760,16762,18552,18701,21843,21846],"class_list":["post-389656","post","type-post","status-publish","format-video","hentry","category-hango","category-andras-videor","tag-uppgifter","tag-lardom","tag-farliga-situationer","tag-upplevelserummet","tag-mod","tag-barn-sv","tag-moller-salmela-agneta-sv","tag-hango-stadsbibliotek-sv","tag-berattelser","tag-barn-aldersgrupper","tag-pojkar","tag-sagner","tag-djarvhet","post_format-post-format-video"],"youtube_id":"pUtrRpZ5dWk","vimeo_id":"","duration":"","number_of_plays_sum":"135","videoembed_videoembed":"<iframe width=\"560\" height=\"315\" src=\"https:\/\/www.youtube.com\/embed\/pUtrRpZ5dWk?rel=0&wmode=opaque\" frameborder=\"0\" allowfullscreen><\/iframe>","video_language":"svenska","video_thumbnail_large":"https:\/\/i.ytimg.com\/vi\/pUtrRpZ5dWk\/hqdefault.jpg","video_thumbnail_medium":"https:\/\/i.ytimg.com\/vi\/pUtrRpZ5dWk\/mqdefault.jpg","video_thumbnail_small":"https:\/\/i.ytimg.com\/vi\/pUtrRpZ5dWk\/default.jpg","yoast_head":"<!-- This site is optimized with the Yoast SEO plugin v23.8 - https:\/\/yoast.com\/wordpress\/plugins\/seo\/ -->\n<title>De modiga pojkarna (muntligt ber\u00e4ttad) - Kirjastokaista<\/title>\n<meta name=\"description\" content=\"Kan man vara modig p\u00e5 m\u00e5nga olika s\u00e4tt?I ber\u00e4ttelsen De modiga pojkarna hamnar barn i fara, barn som reagerar p\u00e5 olika s\u00e4tt. Ber\u00e4ttare Agneta M\u00f6ller-Salmela\" \/>\n<meta name=\"robots\" content=\"index, follow, max-snippet:-1, max-image-preview:large, max-video-preview:-1\" \/>\n<link rel=\"canonical\" href=\"https:\/\/www.kirjastokaista.fi\/sv\/de-modiga-pojkarna-muntligt-berattad\/\" \/>\n<meta property=\"og:locale\" content=\"fi_FI\" \/>\n<meta property=\"og:type\" content=\"article\" \/>\n<meta property=\"og:title\" content=\"De modiga pojkarna (muntligt ber\u00e4ttad) - Kirjastokaista\" \/>\n<meta property=\"og:description\" content=\"Kan man vara modig p\u00e5 m\u00e5nga olika s\u00e4tt?I ber\u00e4ttelsen De modiga pojkarna hamnar barn i fara, barn som reagerar p\u00e5 olika s\u00e4tt. Ber\u00e4ttare Agneta M\u00f6ller-Salmela\" \/>\n<meta property=\"og:url\" content=\"https:\/\/www.kirjastokaista.fi\/sv\/de-modiga-pojkarna-muntligt-berattad\/\" \/>\n<meta property=\"og:site_name\" content=\"Kirjastokaista\" \/>\n<meta property=\"article:published_time\" content=\"2020-04-30T07:13:51+00:00\" \/>\n<meta property=\"article:modified_time\" content=\"2021-01-21T13:16:10+00:00\" \/>\n<meta name=\"author\" content=\"Riitta\" \/>\n<meta name=\"twitter:label1\" content=\"Written by\" \/>\n\t<meta name=\"twitter:data1\" content=\"Riitta\" \/>\n\t<meta name=\"twitter:label2\" content=\"Est. reading time\" \/>\n\t<meta name=\"twitter:data2\" content=\"1 minute\" \/>\n<script type=\"application\/ld+json\" class=\"yoast-schema-graph\">{\"@context\":\"https:\/\/schema.org\",\"@graph\":[{\"@type\":\"WebPage\",\"@id\":\"https:\/\/www.kirjastokaista.fi\/sv\/de-modiga-pojkarna-muntligt-berattad\/\",\"url\":\"https:\/\/www.kirjastokaista.fi\/sv\/de-modiga-pojkarna-muntligt-berattad\/\",\"name\":\"De modiga pojkarna (muntligt ber\u00e4ttad) - Kirjastokaista\",\"isPartOf\":{\"@id\":\"https:\/\/www.kirjastokaista.fi\/#website\"},\"datePublished\":\"2020-04-30T07:13:51+00:00\",\"dateModified\":\"2021-01-21T13:16:10+00:00\",\"author\":{\"@id\":\"https:\/\/www.kirjastokaista.fi\/#\/schema\/person\/8272e6b4176d7a435301d1595244f87e\"},\"description\":\"Kan man vara modig p\u00e5 m\u00e5nga olika s\u00e4tt?I ber\u00e4ttelsen De modiga pojkarna hamnar barn i fara, barn som reagerar p\u00e5 olika s\u00e4tt. Ber\u00e4ttare Agneta M\u00f6ller-Salmela\",\"breadcrumb\":{\"@id\":\"https:\/\/www.kirjastokaista.fi\/sv\/de-modiga-pojkarna-muntligt-berattad\/#breadcrumb\"},\"inLanguage\":\"fi\",\"potentialAction\":[{\"@type\":\"ReadAction\",\"target\":[\"https:\/\/www.kirjastokaista.fi\/sv\/de-modiga-pojkarna-muntligt-berattad\/\"]}]},{\"@type\":\"BreadcrumbList\",\"@id\":\"https:\/\/www.kirjastokaista.fi\/sv\/de-modiga-pojkarna-muntligt-berattad\/#breadcrumb\",\"itemListElement\":[{\"@type\":\"ListItem\",\"position\":1,\"name\":\"Etusivu\",\"item\":\"https:\/\/www.kirjastokaista.fi\/\"},{\"@type\":\"ListItem\",\"position\":2,\"name\":\"De modiga pojkarna (muntligt ber\u00e4ttad)\"}]},{\"@type\":\"WebSite\",\"@id\":\"https:\/\/www.kirjastokaista.fi\/#website\",\"url\":\"https:\/\/www.kirjastokaista.fi\/\",\"name\":\"Kirjastokaista\",\"description\":\"LIBRARY CHANNEL \u2014 Library WebTV\",\"potentialAction\":[{\"@type\":\"SearchAction\",\"target\":{\"@type\":\"EntryPoint\",\"urlTemplate\":\"https:\/\/www.kirjastokaista.fi\/?s={search_term_string}\"},\"query-input\":{\"@type\":\"PropertyValueSpecification\",\"valueRequired\":true,\"valueName\":\"search_term_string\"}}],\"inLanguage\":\"fi\"},{\"@type\":\"Person\",\"@id\":\"https:\/\/www.kirjastokaista.fi\/#\/schema\/person\/8272e6b4176d7a435301d1595244f87e\",\"name\":\"Riitta\",\"image\":{\"@type\":\"ImageObject\",\"inLanguage\":\"fi\",\"@id\":\"https:\/\/www.kirjastokaista.fi\/#\/schema\/person\/image\/\",\"url\":\"https:\/\/secure.gravatar.com\/avatar\/5e7bcb38fde8f54416389d5a36025a08?s=96&d=mm&r=g\",\"contentUrl\":\"https:\/\/secure.gravatar.com\/avatar\/5e7bcb38fde8f54416389d5a36025a08?s=96&d=mm&r=g\",\"caption\":\"Riitta\"},\"sameAs\":[\"https:\/\/x.com\/rtaarasti\"],\"url\":\"https:\/\/www.kirjastokaista.fi\/author\/riitta\/\"}]}<\/script>\n<meta property=\"og:video\" content=\"https:\/\/www.youtube.com\/embed\/pUtrRpZ5dWk\" \/>\n<meta property=\"og:video:type\" content=\"text\/html\" \/>\n<meta property=\"og:video:duration\" content=\"754\" \/>\n<meta property=\"og:video:width\" content=\"480\" \/>\n<meta property=\"og:video:height\" content=\"270\" \/>\n<meta property=\"ya:ovs:adult\" content=\"false\" \/>\n<meta property=\"ya:ovs:upload_date\" content=\"2020-04-30T07:13:51+00:00\" \/>\n<meta property=\"ya:ovs:allow_embed\" content=\"true\" \/>\n<!-- \/ Yoast SEO plugin. -->","yoast_head_json":{"title":"De modiga pojkarna (muntligt ber\u00e4ttad) - Kirjastokaista","description":"Kan man vara modig p\u00e5 m\u00e5nga olika s\u00e4tt?I ber\u00e4ttelsen De modiga pojkarna hamnar barn i fara, barn som reagerar p\u00e5 olika s\u00e4tt. Ber\u00e4ttare Agneta M\u00f6ller-Salmela","robots":{"index":"index","follow":"follow","max-snippet":"max-snippet:-1","max-image-preview":"max-image-preview:large","max-video-preview":"max-video-preview:-1"},"canonical":"https:\/\/www.kirjastokaista.fi\/sv\/de-modiga-pojkarna-muntligt-berattad\/","og_locale":"fi_FI","og_type":"article","og_title":"De modiga pojkarna (muntligt ber\u00e4ttad) - Kirjastokaista","og_description":"Kan man vara modig p\u00e5 m\u00e5nga olika s\u00e4tt?I ber\u00e4ttelsen De modiga pojkarna hamnar barn i fara, barn som reagerar p\u00e5 olika s\u00e4tt. Ber\u00e4ttare Agneta M\u00f6ller-Salmela","og_url":"https:\/\/www.kirjastokaista.fi\/sv\/de-modiga-pojkarna-muntligt-berattad\/","og_site_name":"Kirjastokaista","article_published_time":"2020-04-30T07:13:51+00:00","article_modified_time":"2021-01-21T13:16:10+00:00","author":"Riitta","twitter_misc":{"Written by":"Riitta","Est. reading time":"1 minute"},"schema":{"@context":"https:\/\/schema.org","@graph":[{"@type":"WebPage","@id":"https:\/\/www.kirjastokaista.fi\/sv\/de-modiga-pojkarna-muntligt-berattad\/","url":"https:\/\/www.kirjastokaista.fi\/sv\/de-modiga-pojkarna-muntligt-berattad\/","name":"De modiga pojkarna (muntligt ber\u00e4ttad) - Kirjastokaista","isPartOf":{"@id":"https:\/\/www.kirjastokaista.fi\/#website"},"datePublished":"2020-04-30T07:13:51+00:00","dateModified":"2021-01-21T13:16:10+00:00","author":{"@id":"https:\/\/www.kirjastokaista.fi\/#\/schema\/person\/8272e6b4176d7a435301d1595244f87e"},"description":"Kan man vara modig p\u00e5 m\u00e5nga olika s\u00e4tt?I ber\u00e4ttelsen De modiga pojkarna hamnar barn i fara, barn som reagerar p\u00e5 olika s\u00e4tt. Ber\u00e4ttare Agneta M\u00f6ller-Salmela","breadcrumb":{"@id":"https:\/\/www.kirjastokaista.fi\/sv\/de-modiga-pojkarna-muntligt-berattad\/#breadcrumb"},"inLanguage":"fi","potentialAction":[{"@type":"ReadAction","target":["https:\/\/www.kirjastokaista.fi\/sv\/de-modiga-pojkarna-muntligt-berattad\/"]}]},{"@type":"BreadcrumbList","@id":"https:\/\/www.kirjastokaista.fi\/sv\/de-modiga-pojkarna-muntligt-berattad\/#breadcrumb","itemListElement":[{"@type":"ListItem","position":1,"name":"Etusivu","item":"https:\/\/www.kirjastokaista.fi\/"},{"@type":"ListItem","position":2,"name":"De modiga pojkarna (muntligt ber\u00e4ttad)"}]},{"@type":"WebSite","@id":"https:\/\/www.kirjastokaista.fi\/#website","url":"https:\/\/www.kirjastokaista.fi\/","name":"Kirjastokaista","description":"LIBRARY CHANNEL \u2014 Library WebTV","potentialAction":[{"@type":"SearchAction","target":{"@type":"EntryPoint","urlTemplate":"https:\/\/www.kirjastokaista.fi\/?s={search_term_string}"},"query-input":{"@type":"PropertyValueSpecification","valueRequired":true,"valueName":"search_term_string"}}],"inLanguage":"fi"},{"@type":"Person","@id":"https:\/\/www.kirjastokaista.fi\/#\/schema\/person\/8272e6b4176d7a435301d1595244f87e","name":"Riitta","image":{"@type":"ImageObject","inLanguage":"fi","@id":"https:\/\/www.kirjastokaista.fi\/#\/schema\/person\/image\/","url":"https:\/\/secure.gravatar.com\/avatar\/5e7bcb38fde8f54416389d5a36025a08?s=96&d=mm&r=g","contentUrl":"https:\/\/secure.gravatar.com\/avatar\/5e7bcb38fde8f54416389d5a36025a08?s=96&d=mm&r=g","caption":"Riitta"},"sameAs":["https:\/\/x.com\/rtaarasti"],"url":"https:\/\/www.kirjastokaista.fi\/author\/riitta\/"}]},"og_video":"https:\/\/www.youtube.com\/embed\/pUtrRpZ5dWk","og_video_type":"text\/html","og_video_duration":"754","og_video_width":"480","og_video_height":"270","ya_ovs_adult":"false","ya_ovs_upload_date":"2020-04-30T07:13:51+00:00","ya_ovs_allow_embed":"true"},"_links":{"self":[{"href":"https:\/\/www.kirjastokaista.fi\/wp-json\/wp\/v2\/posts\/389656","targetHints":{"allow":["GET"]}}],"collection":[{"href":"https:\/\/www.kirjastokaista.fi\/wp-json\/wp\/v2\/posts"}],"about":[{"href":"https:\/\/www.kirjastokaista.fi\/wp-json\/wp\/v2\/types\/post"}],"author":[{"embeddable":true,"href":"https:\/\/www.kirjastokaista.fi\/wp-json\/wp\/v2\/users\/3"}],"replies":[{"embeddable":true,"href":"https:\/\/www.kirjastokaista.fi\/wp-json\/wp\/v2\/comments?post=389656"}],"version-history":[{"count":4,"href":"https:\/\/www.kirjastokaista.fi\/wp-json\/wp\/v2\/posts\/389656\/revisions"}],"predecessor-version":[{"id":392594,"href":"https:\/\/www.kirjastokaista.fi\/wp-json\/wp\/v2\/posts\/389656\/revisions\/392594"}],"wp:attachment":[{"href":"https:\/\/www.kirjastokaista.fi\/wp-json\/wp\/v2\/media?parent=389656"}],"wp:term":[{"taxonomy":"category","embeddable":true,"href":"https:\/\/www.kirjastokaista.fi\/wp-json\/wp\/v2\/categories?post=389656"},{"taxonomy":"post_tag","embeddable":true,"href":"https:\/\/www.kirjastokaista.fi\/wp-json\/wp\/v2\/tags?post=389656"}],"curies":[{"name":"wp","href":"https:\/\/api.w.org\/{rel}","templated":true}]}}