{"id":388435,"date":"2020-03-16T09:00:21","date_gmt":"2020-03-16T07:00:21","guid":{"rendered":"http:\/\/www.kirjastokaista.fi\/kirjaston-paiva-bibliotekets-dag-library-day\/"},"modified":"2024-12-05T12:10:57","modified_gmt":"2024-12-05T10:10:57","slug":"kirjaston-paiva-bibliotekets-dag-library-day","status":"publish","type":"post","link":"https:\/\/www.kirjastokaista.fi\/sv\/kirjaston-paiva-bibliotekets-dag-library-day\/","title":{"rendered":"Bibliotekets dag \u2013 Kirjaston p\u00e4iv\u00e4 \u2013 Library Day"},"content":{"rendered":"<p>Varje dag \u00e4r bibliotekets dag, men den 19 mars firas en temadag kring bibliotek. Samma dag firas ocks\u00e5 j\u00e4mst\u00e4lldhetens och Minna Canths dag. Biblioteket \u00e4r en stark kraft i det finl\u00e4ndska samh\u00e4llet. Bibliotekets dag lyfter fram bibliotekens m\u00e5ngsidiga tj\u00e4nster och deras arbete f\u00f6r j\u00e4mst\u00e4lldhet, j\u00e4mlikhet och l\u00e4sfr\u00e4mjande.<\/p>\n<p>Bibliotekets dag som arrangeras av Finlands biblioteksf\u00f6rening firades f\u00f6r f\u00f6rsta g\u00e5ngen 2019. Biblioteken runt om i landet deltog ivrigt med att ordna olika evenemang under dagen.<\/p>\n<p>\u00c5r 2020 ordnas Bibliotekets dag f\u00f6r andra g\u00e5ngen. Inf\u00f6r dagen har Bibliotekskanalen och Finlands biblioteksf\u00f6rening tillsammans producerat en video, som biblioteken i hela landet kan anv\u00e4nda f\u00f6r att ber\u00e4tta om bibliotekets m\u00e5ngsidiga tj\u00e4nster. Biblioteken kan b\u00e5de visa och dela videon och dessutom b\u00e4dda in den p\u00e5 sina hemsidor och webbibliotek. Videon finns ocks\u00e5 som en Facebook-video, med vilken man kan lyfta fram Bibliotekets dag.<\/p>\n<p>L\u00e4s mera (p\u00e5 finska):<br \/>\n<a href=\"https:\/\/suomenkirjastoseura.fi\/tapahtumat\/kirjaston-paiva\/\">Tietoa Kirjaston p\u00e4iv\u00e4st\u00e4 Kirjastoseuran sivuilla<\/a><\/p>\n<p>Koncept: Panu Somerma<br \/>\nBild: Panu Somerma och Mikko Helander<br \/>\nKlipp: Panu Somerma<br \/>\nF\u00e4rgdefinition: Mikko Helander<br \/>\nVisuella effekter: Mikko Helander<br \/>\nLjudplanering: Tuomas Kyt\u00f6niemi<br \/>\nMusik: Storyblocks.com<br \/>\nProducent: Riitta Taarasti<br \/>\nProduktion: Bibliotekskanalen och Finlands biblioteksf\u00f6rening, 2020<\/p>\n","protected":false},"excerpt":{"rendered":"<p>Varje dag \u00e4r bibliotekets dag, men den 19 mars firas en temadag kring bibliotek. Samma dag firas ocks\u00e5 j\u00e4mst\u00e4lldhetens och Minna Canths dag. Biblioteket \u00e4r en stark kraft i det [&hellip;]<\/p>\n","protected":false},"author":3,"featured_media":0,"comment_status":"open","ping_status":"closed","sticky":false,"template":"","format":"video","meta":{"footnotes":""},"categories":[24187,3153,3204,3151],"tags":[20917,20918,20919,20920,6284,6287,18555,20915,20916],"class_list":["post-388435","post","type-post","status-publish","format-video","hentry","category-aktuellt-om-bibliotek-rekommenderade","category-presentation-av-bibliotekstjanster","category-reklamer","category-aktuellt-om-bibliotek","tag-hemservice","tag-lokaler","tag-sagotimmar","tag-bibliotekets-dag","tag-guidning-sv","tag-biblioteksservice-sv","tag-finlands-biblioteksforening","tag-evenemang","tag-kundservice","post_format-post-format-video"],"youtube_id":"","vimeo_id":"392521155","duration":"76","number_of_plays_sum":"12608","videoembed_videoembed":"<iframe src=\"https:\/\/player.vimeo.com\/video\/392521155\" width=\"550\" height=\"315\" frameborder=\"0\" webkitAllowFullScreen mozallowfullscreen allowFullScreen><\/iframe>","video_language":"music","video_thumbnail_large":"https:\/\/i.vimeocdn.com\/video\/865119683-1341aa4222e803b9452dc6485bb8992970c8f0f4e4cfc42ab82bfbcfd26199d6-d_640x360","video_thumbnail_medium":"https:\/\/i.vimeocdn.com\/video\/865119683-1341aa4222e803b9452dc6485bb8992970c8f0f4e4cfc42ab82bfbcfd26199d6-d_200x150","video_thumbnail_small":"https:\/\/i.vimeocdn.com\/video\/865119683-1341aa4222e803b9452dc6485bb8992970c8f0f4e4cfc42ab82bfbcfd26199d6-d_100x75","yoast_head":"<!-- This site is optimized with the Yoast SEO plugin v23.8 - https:\/\/yoast.com\/wordpress\/plugins\/seo\/ -->\n<title>Bibliotekets dag \u2013 Kirjaston p\u00e4iv\u00e4 \u2013 Library Day - Kirjastokaista<\/title>\n<meta name=\"description\" content=\"Varje dag \u00e4r bibliotekets dag, men den 19 mars firas en temadag kring bibliotek.Bibliotekets dag lyfter fram bibliotekens m\u00e5ngsidiga tj\u00e4nster\" \/>\n<meta name=\"robots\" content=\"index, follow, max-snippet:-1, max-image-preview:large, max-video-preview:-1\" \/>\n<link rel=\"canonical\" href=\"https:\/\/www.kirjastokaista.fi\/sv\/kirjaston-paiva-bibliotekets-dag-library-day\/\" \/>\n<meta property=\"og:locale\" content=\"fi_FI\" \/>\n<meta property=\"og:type\" content=\"article\" \/>\n<meta property=\"og:title\" content=\"Bibliotekets dag \u2013 Kirjaston p\u00e4iv\u00e4 \u2013 Library Day - Kirjastokaista\" \/>\n<meta property=\"og:description\" content=\"Varje dag \u00e4r bibliotekets dag, men den 19 mars firas en temadag kring bibliotek.Bibliotekets dag lyfter fram bibliotekens m\u00e5ngsidiga tj\u00e4nster\" \/>\n<meta property=\"og:url\" content=\"https:\/\/www.kirjastokaista.fi\/sv\/kirjaston-paiva-bibliotekets-dag-library-day\/\" \/>\n<meta property=\"og:site_name\" content=\"Kirjastokaista\" \/>\n<meta property=\"article:published_time\" content=\"2020-03-16T07:00:21+00:00\" \/>\n<meta property=\"article:modified_time\" content=\"2024-12-05T10:10:57+00:00\" \/>\n<meta name=\"author\" content=\"Riitta\" \/>\n<meta name=\"twitter:label1\" content=\"Written by\" \/>\n\t<meta name=\"twitter:data1\" content=\"Riitta\" \/>\n\t<meta name=\"twitter:label2\" content=\"Est. reading time\" \/>\n\t<meta name=\"twitter:data2\" content=\"1 minute\" \/>\n<script type=\"application\/ld+json\" class=\"yoast-schema-graph\">{\"@context\":\"https:\/\/schema.org\",\"@graph\":[{\"@type\":\"WebPage\",\"@id\":\"https:\/\/www.kirjastokaista.fi\/sv\/kirjaston-paiva-bibliotekets-dag-library-day\/\",\"url\":\"https:\/\/www.kirjastokaista.fi\/sv\/kirjaston-paiva-bibliotekets-dag-library-day\/\",\"name\":\"Bibliotekets dag \u2013 Kirjaston p\u00e4iv\u00e4 \u2013 Library Day - Kirjastokaista\",\"isPartOf\":{\"@id\":\"https:\/\/www.kirjastokaista.fi\/#website\"},\"datePublished\":\"2020-03-16T07:00:21+00:00\",\"dateModified\":\"2024-12-05T10:10:57+00:00\",\"author\":{\"@id\":\"https:\/\/www.kirjastokaista.fi\/#\/schema\/person\/8272e6b4176d7a435301d1595244f87e\"},\"description\":\"Varje dag \u00e4r bibliotekets dag, men den 19 mars firas en temadag kring bibliotek.Bibliotekets dag lyfter fram bibliotekens m\u00e5ngsidiga tj\u00e4nster\",\"breadcrumb\":{\"@id\":\"https:\/\/www.kirjastokaista.fi\/sv\/kirjaston-paiva-bibliotekets-dag-library-day\/#breadcrumb\"},\"inLanguage\":\"fi\",\"potentialAction\":[{\"@type\":\"ReadAction\",\"target\":[\"https:\/\/www.kirjastokaista.fi\/sv\/kirjaston-paiva-bibliotekets-dag-library-day\/\"]}]},{\"@type\":\"BreadcrumbList\",\"@id\":\"https:\/\/www.kirjastokaista.fi\/sv\/kirjaston-paiva-bibliotekets-dag-library-day\/#breadcrumb\",\"itemListElement\":[{\"@type\":\"ListItem\",\"position\":1,\"name\":\"Etusivu\",\"item\":\"https:\/\/www.kirjastokaista.fi\/\"},{\"@type\":\"ListItem\",\"position\":2,\"name\":\"Bibliotekets dag \u2013 Kirjaston p\u00e4iv\u00e4 \u2013 Library Day\"}]},{\"@type\":\"WebSite\",\"@id\":\"https:\/\/www.kirjastokaista.fi\/#website\",\"url\":\"https:\/\/www.kirjastokaista.fi\/\",\"name\":\"Kirjastokaista\",\"description\":\"LIBRARY CHANNEL \u2014 Library WebTV\",\"potentialAction\":[{\"@type\":\"SearchAction\",\"target\":{\"@type\":\"EntryPoint\",\"urlTemplate\":\"https:\/\/www.kirjastokaista.fi\/?s={search_term_string}\"},\"query-input\":{\"@type\":\"PropertyValueSpecification\",\"valueRequired\":true,\"valueName\":\"search_term_string\"}}],\"inLanguage\":\"fi\"},{\"@type\":\"Person\",\"@id\":\"https:\/\/www.kirjastokaista.fi\/#\/schema\/person\/8272e6b4176d7a435301d1595244f87e\",\"name\":\"Riitta\",\"image\":{\"@type\":\"ImageObject\",\"inLanguage\":\"fi\",\"@id\":\"https:\/\/www.kirjastokaista.fi\/#\/schema\/person\/image\/\",\"url\":\"https:\/\/secure.gravatar.com\/avatar\/5e7bcb38fde8f54416389d5a36025a08?s=96&d=mm&r=g\",\"contentUrl\":\"https:\/\/secure.gravatar.com\/avatar\/5e7bcb38fde8f54416389d5a36025a08?s=96&d=mm&r=g\",\"caption\":\"Riitta\"},\"sameAs\":[\"https:\/\/x.com\/rtaarasti\"],\"url\":\"https:\/\/www.kirjastokaista.fi\/author\/riitta\/\"}]}<\/script>\n<meta property=\"og:video\" content=\"https:\/\/player.vimeo.com\/video\/392521155\" \/>\n<meta property=\"og:video:type\" content=\"text\/html\" \/>\n<meta property=\"og:video:duration\" content=\"76\" \/>\n<meta property=\"og:video:width\" content=\"1920\" \/>\n<meta property=\"og:video:height\" content=\"1080\" \/>\n<meta property=\"ya:ovs:adult\" content=\"false\" \/>\n<meta property=\"ya:ovs:upload_date\" content=\"2020-03-16T07:00:21+00:00\" \/>\n<meta property=\"ya:ovs:allow_embed\" content=\"true\" \/>\n<!-- \/ Yoast SEO plugin. -->","yoast_head_json":{"title":"Bibliotekets dag \u2013 Kirjaston p\u00e4iv\u00e4 \u2013 Library Day - Kirjastokaista","description":"Varje dag \u00e4r bibliotekets dag, men den 19 mars firas en temadag kring bibliotek.Bibliotekets dag lyfter fram bibliotekens m\u00e5ngsidiga tj\u00e4nster","robots":{"index":"index","follow":"follow","max-snippet":"max-snippet:-1","max-image-preview":"max-image-preview:large","max-video-preview":"max-video-preview:-1"},"canonical":"https:\/\/www.kirjastokaista.fi\/sv\/kirjaston-paiva-bibliotekets-dag-library-day\/","og_locale":"fi_FI","og_type":"article","og_title":"Bibliotekets dag \u2013 Kirjaston p\u00e4iv\u00e4 \u2013 Library Day - Kirjastokaista","og_description":"Varje dag \u00e4r bibliotekets dag, men den 19 mars firas en temadag kring bibliotek.Bibliotekets dag lyfter fram bibliotekens m\u00e5ngsidiga tj\u00e4nster","og_url":"https:\/\/www.kirjastokaista.fi\/sv\/kirjaston-paiva-bibliotekets-dag-library-day\/","og_site_name":"Kirjastokaista","article_published_time":"2020-03-16T07:00:21+00:00","article_modified_time":"2024-12-05T10:10:57+00:00","author":"Riitta","twitter_misc":{"Written by":"Riitta","Est. reading time":"1 minute"},"schema":{"@context":"https:\/\/schema.org","@graph":[{"@type":"WebPage","@id":"https:\/\/www.kirjastokaista.fi\/sv\/kirjaston-paiva-bibliotekets-dag-library-day\/","url":"https:\/\/www.kirjastokaista.fi\/sv\/kirjaston-paiva-bibliotekets-dag-library-day\/","name":"Bibliotekets dag \u2013 Kirjaston p\u00e4iv\u00e4 \u2013 Library Day - Kirjastokaista","isPartOf":{"@id":"https:\/\/www.kirjastokaista.fi\/#website"},"datePublished":"2020-03-16T07:00:21+00:00","dateModified":"2024-12-05T10:10:57+00:00","author":{"@id":"https:\/\/www.kirjastokaista.fi\/#\/schema\/person\/8272e6b4176d7a435301d1595244f87e"},"description":"Varje dag \u00e4r bibliotekets dag, men den 19 mars firas en temadag kring bibliotek.Bibliotekets dag lyfter fram bibliotekens m\u00e5ngsidiga tj\u00e4nster","breadcrumb":{"@id":"https:\/\/www.kirjastokaista.fi\/sv\/kirjaston-paiva-bibliotekets-dag-library-day\/#breadcrumb"},"inLanguage":"fi","potentialAction":[{"@type":"ReadAction","target":["https:\/\/www.kirjastokaista.fi\/sv\/kirjaston-paiva-bibliotekets-dag-library-day\/"]}]},{"@type":"BreadcrumbList","@id":"https:\/\/www.kirjastokaista.fi\/sv\/kirjaston-paiva-bibliotekets-dag-library-day\/#breadcrumb","itemListElement":[{"@type":"ListItem","position":1,"name":"Etusivu","item":"https:\/\/www.kirjastokaista.fi\/"},{"@type":"ListItem","position":2,"name":"Bibliotekets dag \u2013 Kirjaston p\u00e4iv\u00e4 \u2013 Library Day"}]},{"@type":"WebSite","@id":"https:\/\/www.kirjastokaista.fi\/#website","url":"https:\/\/www.kirjastokaista.fi\/","name":"Kirjastokaista","description":"LIBRARY CHANNEL \u2014 Library WebTV","potentialAction":[{"@type":"SearchAction","target":{"@type":"EntryPoint","urlTemplate":"https:\/\/www.kirjastokaista.fi\/?s={search_term_string}"},"query-input":{"@type":"PropertyValueSpecification","valueRequired":true,"valueName":"search_term_string"}}],"inLanguage":"fi"},{"@type":"Person","@id":"https:\/\/www.kirjastokaista.fi\/#\/schema\/person\/8272e6b4176d7a435301d1595244f87e","name":"Riitta","image":{"@type":"ImageObject","inLanguage":"fi","@id":"https:\/\/www.kirjastokaista.fi\/#\/schema\/person\/image\/","url":"https:\/\/secure.gravatar.com\/avatar\/5e7bcb38fde8f54416389d5a36025a08?s=96&d=mm&r=g","contentUrl":"https:\/\/secure.gravatar.com\/avatar\/5e7bcb38fde8f54416389d5a36025a08?s=96&d=mm&r=g","caption":"Riitta"},"sameAs":["https:\/\/x.com\/rtaarasti"],"url":"https:\/\/www.kirjastokaista.fi\/author\/riitta\/"}]},"og_video":"https:\/\/player.vimeo.com\/video\/392521155","og_video_type":"text\/html","og_video_duration":"76","og_video_width":"1920","og_video_height":"1080","ya_ovs_adult":"false","ya_ovs_upload_date":"2020-03-16T07:00:21+00:00","ya_ovs_allow_embed":"true"},"_links":{"self":[{"href":"https:\/\/www.kirjastokaista.fi\/wp-json\/wp\/v2\/posts\/388435","targetHints":{"allow":["GET"]}}],"collection":[{"href":"https:\/\/www.kirjastokaista.fi\/wp-json\/wp\/v2\/posts"}],"about":[{"href":"https:\/\/www.kirjastokaista.fi\/wp-json\/wp\/v2\/types\/post"}],"author":[{"embeddable":true,"href":"https:\/\/www.kirjastokaista.fi\/wp-json\/wp\/v2\/users\/3"}],"replies":[{"embeddable":true,"href":"https:\/\/www.kirjastokaista.fi\/wp-json\/wp\/v2\/comments?post=388435"}],"version-history":[{"count":5,"href":"https:\/\/www.kirjastokaista.fi\/wp-json\/wp\/v2\/posts\/388435\/revisions"}],"predecessor-version":[{"id":396100,"href":"https:\/\/www.kirjastokaista.fi\/wp-json\/wp\/v2\/posts\/388435\/revisions\/396100"}],"wp:attachment":[{"href":"https:\/\/www.kirjastokaista.fi\/wp-json\/wp\/v2\/media?parent=388435"}],"wp:term":[{"taxonomy":"category","embeddable":true,"href":"https:\/\/www.kirjastokaista.fi\/wp-json\/wp\/v2\/categories?post=388435"},{"taxonomy":"post_tag","embeddable":true,"href":"https:\/\/www.kirjastokaista.fi\/wp-json\/wp\/v2\/tags?post=388435"}],"curies":[{"name":"wp","href":"https:\/\/api.w.org\/{rel}","templated":true}]}}