{"id":385599,"date":"2019-09-11T17:58:53","date_gmt":"2019-09-11T14:58:53","guid":{"rendered":"http:\/\/www.kirjastokaista.fi\/upptacktsfarder-pa-musikavdelningar-tillsammans-med-musiker\/"},"modified":"2023-03-23T22:26:53","modified_gmt":"2023-03-23T20:26:53","slug":"upptacktsfarder-pa-musikavdelningar-tillsammans-med-musiker","status":"publish","type":"post","link":"https:\/\/www.kirjastokaista.fi\/sv\/upptacktsfarder-pa-musikavdelningar-tillsammans-med-musiker\/","title":{"rendered":"Uppt\u00e4cktsf\u00e4rder p\u00e5 musikavdelningar tillsammans med musiker"},"content":{"rendered":"<p>Vad h\u00e4nder n\u00e4r en musiker f\u00e5r en inbjudan till bibliotekets musikavdelning och uppgiften att tipsa om tre saker d\u00e4r? Det f\u00e5r du veta i serien P\u00e5 uppt\u00e4cktsf\u00e4rd p\u00e5 musikavdelningen, vars f\u00f6rsta del publicerades 4. september.\u00a0Marko Annala, Aija Puurtinen, Jukka Nousiainen och Kauko R\u00f6yhk\u00e4 medverkar i serien.<\/p>\n<p>Varje onsdag i september publiceras ett nytt avsnitt. Videorna \u00e4r ca fem minuter l\u00e5nga och du kan se dem p\u00e5 Bibliotekskanalen, p\u00e5 v\u00e5r Youtube-kanal och som Facebook-videor. Videorna \u00e4r finskspr\u00e5kiga men \u00e4r textade till svenska.<\/p>\n<p>F\u00f6lj med serien och h\u00f6r p\u00e5 hur bibliotek ser ut och h\u00f6rs p\u00e5 de h\u00e4r uppt\u00e4cktsf\u00e4rderna!<\/p>\n<p><em>\u201dDet l\u00f6nar sig att se p\u00e5 bibliotek\u00a0lite m\u00e5ngsidigare \u00e4n bara som bokutl\u00e5ningsplatser.\u201d<\/em><br \/><em>\u2013 Marko Annala \u2013<\/em><\/p>\n<p><em>\u201dJag \u00e4r ganska f\u00f6rbluffad \u00f6ver vilket utbud som nuf\u00f6rtiden finns h\u00e4r\u201d<\/em><br \/><em>\u2013 Aija Puurtinen \u2013<\/em><\/p>\n<p><em>\u201dJag har inte k\u00e4nt till n\u00e5got s\u00e5nt h\u00e4r heller. Jag m\u00e5ste nog ta \u00e4nnu den h\u00e4r!\u201d<\/em><br \/><em>\u2013 Jukka Nousiainen \u2013<\/em><\/p>\n<p><em>\u201dDe h\u00e4r biblioteksgrejerna \u00e4r bra, f\u00f6r att man kan prova p\u00e5 alla m\u00f6jliga konstiga musikrelaterade saker och se om man hittar n\u00e5t sp\u00e4nnande. Jag beh\u00f6ver hela tiden n\u00e5got nytt. Det stimulerar min egen kreativitet\u201d<\/em><br \/><em>\u2013 Kauko R\u00f6yhk\u00e4 \u2013<\/em><\/p>\n<p><iframe loading=\"lazy\" title=\"vimeo-player\" src=\"https:\/\/player.vimeo.com\/video\/355075969\" width=\"640\" height=\"360\" frameborder=\"0\" allowfullscreen=\"allowfullscreen\"><\/iframe><em><a href=\"https:\/\/www.kirjastokaista.fi\/loytoretki-musiikkiosastolla-teaser\/\">Teaser-video<\/a> f\u00f6r serien P\u00e5 uppt\u00e4cktsf\u00e4rd p\u00e5 musikavdelningen (p\u00e5 finska)<\/em><\/p>\n\n\n<p><br>Delarna i serien publiceras p\u00e5 onsdagar i september 2019 p\u00e5:<br><a href=\"https:\/\/www.kirjastokaista.fi\/sv\/serien-pa-upptacktsfard-pa-musikavdelningen\/\">Bibliotekskanalen<\/a><br>i\u00a0<a href=\"https:\/\/www.facebook.com\/kirjastokaista\/\">Facebook<\/a> och<br><a href=\"https:\/\/www.youtube.com\/user\/Kirjastokaista\">YouTube<\/a><\/p>\n\n\n\n<p>\u2013 Riitta Taarasti och Anna-Maria Malm, 10.9.2019 \u2013<\/p>\n","protected":false},"excerpt":{"rendered":"<p>Vad h\u00e4nder n\u00e4r en musiker f\u00e5r en inbjudan till bibliotekets musikavdelning och uppgiften att tipsa om tre saker d\u00e4r? Det f\u00e5r du veta i serien P\u00e5 uppt\u00e4cktsf\u00e4rd p\u00e5 musikavdelningen, vars [&hellip;]<\/p>\n","protected":false},"author":3,"featured_media":385354,"comment_status":"open","ping_status":"open","sticky":false,"template":"","format":"standard","meta":{"footnotes":""},"categories":[3173],"tags":[20163,20315,20493,20494,20500,6286,18489,19452,19553],"class_list":["post-385599","post","type-post","status-publish","format-standard","has-post-thumbnail","hentry","category-i-fokus","tag-kundupplevelse","tag-annala-marko","tag-musikbibliotek","tag-musik","tag-pa-upptacktsfard-pa-musikavdelningen","tag-biblioteksanvandning-sv","tag-puurtinen-aija","tag-musiker","tag-nousiainen-jukka"],"youtube_id":"","vimeo_id":"","duration":"","number_of_plays_sum":"","videoembed_videoembed":"","video_language":"","video_thumbnail_large":"","video_thumbnail_medium":"","video_thumbnail_small":"","yoast_head":"<!-- This site is optimized with the Yoast SEO plugin v23.8 - https:\/\/yoast.com\/wordpress\/plugins\/seo\/ -->\n<title>Uppt\u00e4cktsf\u00e4rder p\u00e5 musikavdelningar tillsammans med musiker - Kirjastokaista<\/title>\n<meta name=\"description\" content=\"Vad h\u00e4nder n\u00e4r en musiker f\u00e5r en inbjudan till bibliotekets musikavdelning och uppgiften att tipsa om tre saker d\u00e4r? Det f\u00e5r du veta i serien P\u00e5 Vad h\u00e4nder n\u00e4r en musiker f\u00e5r en inbjudan till bibliotekets musikavdelning och uppgiften att tipsa om tre saker d\u00e4r? Det f\u00e5r du veta i serien P\u00e5 uppt\u00e4cktsf\u00e4rd p\u00e5 musikavdelningen, vars f\u00f6rsta del publicerades 4. september.\u00a0Marko Annala, Aija Puurtinen, Jukka Nousiainen och Kauko R\u00f6yhk\u00e4 medverkar i serien.\" \/>\n<meta name=\"robots\" content=\"index, follow, max-snippet:-1, max-image-preview:large, max-video-preview:-1\" \/>\n<link rel=\"canonical\" href=\"https:\/\/www.kirjastokaista.fi\/sv\/upptacktsfarder-pa-musikavdelningar-tillsammans-med-musiker\/\" \/>\n<meta property=\"og:locale\" content=\"fi_FI\" \/>\n<meta property=\"og:type\" content=\"article\" \/>\n<meta property=\"og:title\" content=\"Uppt\u00e4cktsf\u00e4rder p\u00e5 musikavdelningar tillsammans med musiker - Kirjastokaista\" \/>\n<meta property=\"og:description\" content=\"Vad h\u00e4nder n\u00e4r en musiker f\u00e5r en inbjudan till bibliotekets musikavdelning och uppgiften att tipsa om tre saker d\u00e4r? Det f\u00e5r du veta i serien P\u00e5 Vad h\u00e4nder n\u00e4r en musiker f\u00e5r en inbjudan till bibliotekets musikavdelning och uppgiften att tipsa om tre saker d\u00e4r? Det f\u00e5r du veta i serien P\u00e5 uppt\u00e4cktsf\u00e4rd p\u00e5 musikavdelningen, vars f\u00f6rsta del publicerades 4. september.\u00a0Marko Annala, Aija Puurtinen, Jukka Nousiainen och Kauko R\u00f6yhk\u00e4 medverkar i serien.\" \/>\n<meta property=\"og:url\" content=\"https:\/\/www.kirjastokaista.fi\/sv\/upptacktsfarder-pa-musikavdelningar-tillsammans-med-musiker\/\" \/>\n<meta property=\"og:site_name\" content=\"Kirjastokaista\" \/>\n<meta property=\"article:published_time\" content=\"2019-09-11T14:58:53+00:00\" \/>\n<meta property=\"article:modified_time\" content=\"2023-03-23T20:26:53+00:00\" \/>\n<meta property=\"og:image\" content=\"https:\/\/www.kirjastokaista.fi\/app\/uploads\/2019\/08\/Loytoretki_musiikkiosastolla_ValokeilassaNYT.jpg\" \/>\n\t<meta property=\"og:image:width\" content=\"771\" \/>\n\t<meta property=\"og:image:height\" content=\"440\" \/>\n\t<meta property=\"og:image:type\" content=\"image\/jpeg\" \/>\n<meta name=\"author\" content=\"Riitta\" \/>\n<meta name=\"twitter:label1\" content=\"Written by\" \/>\n\t<meta name=\"twitter:data1\" content=\"Riitta\" \/>\n\t<meta name=\"twitter:label2\" content=\"Est. reading time\" \/>\n\t<meta name=\"twitter:data2\" content=\"1 minute\" \/>\n<script type=\"application\/ld+json\" class=\"yoast-schema-graph\">{\"@context\":\"https:\/\/schema.org\",\"@graph\":[{\"@type\":\"WebPage\",\"@id\":\"https:\/\/www.kirjastokaista.fi\/sv\/upptacktsfarder-pa-musikavdelningar-tillsammans-med-musiker\/\",\"url\":\"https:\/\/www.kirjastokaista.fi\/sv\/upptacktsfarder-pa-musikavdelningar-tillsammans-med-musiker\/\",\"name\":\"Uppt\u00e4cktsf\u00e4rder p\u00e5 musikavdelningar tillsammans med musiker - Kirjastokaista\",\"isPartOf\":{\"@id\":\"https:\/\/www.kirjastokaista.fi\/#website\"},\"primaryImageOfPage\":{\"@id\":\"https:\/\/www.kirjastokaista.fi\/sv\/upptacktsfarder-pa-musikavdelningar-tillsammans-med-musiker\/#primaryimage\"},\"image\":{\"@id\":\"https:\/\/www.kirjastokaista.fi\/sv\/upptacktsfarder-pa-musikavdelningar-tillsammans-med-musiker\/#primaryimage\"},\"thumbnailUrl\":\"https:\/\/www.kirjastokaista.fi\/app\/uploads\/2019\/08\/Loytoretki_musiikkiosastolla_ValokeilassaNYT.jpg\",\"datePublished\":\"2019-09-11T14:58:53+00:00\",\"dateModified\":\"2023-03-23T20:26:53+00:00\",\"author\":{\"@id\":\"https:\/\/www.kirjastokaista.fi\/#\/schema\/person\/8272e6b4176d7a435301d1595244f87e\"},\"description\":\"Vad h\u00e4nder n\u00e4r en musiker f\u00e5r en inbjudan till bibliotekets musikavdelning och uppgiften att tipsa om tre saker d\u00e4r? Det f\u00e5r du veta i serien P\u00e5 Vad h\u00e4nder n\u00e4r en musiker f\u00e5r en inbjudan till bibliotekets musikavdelning och uppgiften att tipsa om tre saker d\u00e4r? Det f\u00e5r du veta i serien P\u00e5 uppt\u00e4cktsf\u00e4rd p\u00e5 musikavdelningen, vars f\u00f6rsta del publicerades 4. september.\u00a0Marko Annala, Aija Puurtinen, Jukka Nousiainen och Kauko R\u00f6yhk\u00e4 medverkar i serien.\",\"breadcrumb\":{\"@id\":\"https:\/\/www.kirjastokaista.fi\/sv\/upptacktsfarder-pa-musikavdelningar-tillsammans-med-musiker\/#breadcrumb\"},\"inLanguage\":\"fi\",\"potentialAction\":[{\"@type\":\"ReadAction\",\"target\":[\"https:\/\/www.kirjastokaista.fi\/sv\/upptacktsfarder-pa-musikavdelningar-tillsammans-med-musiker\/\"]}]},{\"@type\":\"ImageObject\",\"inLanguage\":\"fi\",\"@id\":\"https:\/\/www.kirjastokaista.fi\/sv\/upptacktsfarder-pa-musikavdelningar-tillsammans-med-musiker\/#primaryimage\",\"url\":\"https:\/\/www.kirjastokaista.fi\/app\/uploads\/2019\/08\/Loytoretki_musiikkiosastolla_ValokeilassaNYT.jpg\",\"contentUrl\":\"https:\/\/www.kirjastokaista.fi\/app\/uploads\/2019\/08\/Loytoretki_musiikkiosastolla_ValokeilassaNYT.jpg\",\"width\":771,\"height\":440,\"caption\":\"Nelj\u00e4 henkil\u00f6\u00e4 yhteiskuvassa.\"},{\"@type\":\"BreadcrumbList\",\"@id\":\"https:\/\/www.kirjastokaista.fi\/sv\/upptacktsfarder-pa-musikavdelningar-tillsammans-med-musiker\/#breadcrumb\",\"itemListElement\":[{\"@type\":\"ListItem\",\"position\":1,\"name\":\"Etusivu\",\"item\":\"https:\/\/www.kirjastokaista.fi\/\"},{\"@type\":\"ListItem\",\"position\":2,\"name\":\"Uppt\u00e4cktsf\u00e4rder p\u00e5 musikavdelningar tillsammans med musiker\"}]},{\"@type\":\"WebSite\",\"@id\":\"https:\/\/www.kirjastokaista.fi\/#website\",\"url\":\"https:\/\/www.kirjastokaista.fi\/\",\"name\":\"Kirjastokaista\",\"description\":\"LIBRARY CHANNEL \u2014 Library WebTV\",\"potentialAction\":[{\"@type\":\"SearchAction\",\"target\":{\"@type\":\"EntryPoint\",\"urlTemplate\":\"https:\/\/www.kirjastokaista.fi\/?s={search_term_string}\"},\"query-input\":{\"@type\":\"PropertyValueSpecification\",\"valueRequired\":true,\"valueName\":\"search_term_string\"}}],\"inLanguage\":\"fi\"},{\"@type\":\"Person\",\"@id\":\"https:\/\/www.kirjastokaista.fi\/#\/schema\/person\/8272e6b4176d7a435301d1595244f87e\",\"name\":\"Riitta\",\"image\":{\"@type\":\"ImageObject\",\"inLanguage\":\"fi\",\"@id\":\"https:\/\/www.kirjastokaista.fi\/#\/schema\/person\/image\/\",\"url\":\"https:\/\/secure.gravatar.com\/avatar\/5e7bcb38fde8f54416389d5a36025a08?s=96&d=mm&r=g\",\"contentUrl\":\"https:\/\/secure.gravatar.com\/avatar\/5e7bcb38fde8f54416389d5a36025a08?s=96&d=mm&r=g\",\"caption\":\"Riitta\"},\"sameAs\":[\"https:\/\/x.com\/rtaarasti\"],\"url\":\"https:\/\/www.kirjastokaista.fi\/author\/riitta\/\"}]}<\/script>\n<meta property=\"og:video\" content=\"https:\/\/player.vimeo.com\/video\/355075969\" \/>\n<meta property=\"og:video:type\" content=\"text\/html\" \/>\n<meta property=\"og:video:duration\" content=\"36\" \/>\n<meta property=\"og:video:width\" content=\"1920\" \/>\n<meta property=\"og:video:height\" content=\"1080\" \/>\n<meta property=\"ya:ovs:adult\" content=\"false\" \/>\n<meta property=\"ya:ovs:upload_date\" content=\"2019-09-11T14:58:53+00:00\" \/>\n<meta property=\"ya:ovs:allow_embed\" content=\"true\" \/>\n<!-- \/ Yoast SEO plugin. -->","yoast_head_json":{"title":"Uppt\u00e4cktsf\u00e4rder p\u00e5 musikavdelningar tillsammans med musiker - Kirjastokaista","description":"Vad h\u00e4nder n\u00e4r en musiker f\u00e5r en inbjudan till bibliotekets musikavdelning och uppgiften att tipsa om tre saker d\u00e4r? Det f\u00e5r du veta i serien P\u00e5 Vad h\u00e4nder n\u00e4r en musiker f\u00e5r en inbjudan till bibliotekets musikavdelning och uppgiften att tipsa om tre saker d\u00e4r? Det f\u00e5r du veta i serien P\u00e5 uppt\u00e4cktsf\u00e4rd p\u00e5 musikavdelningen, vars f\u00f6rsta del publicerades 4. september.\u00a0Marko Annala, Aija Puurtinen, Jukka Nousiainen och Kauko R\u00f6yhk\u00e4 medverkar i serien.","robots":{"index":"index","follow":"follow","max-snippet":"max-snippet:-1","max-image-preview":"max-image-preview:large","max-video-preview":"max-video-preview:-1"},"canonical":"https:\/\/www.kirjastokaista.fi\/sv\/upptacktsfarder-pa-musikavdelningar-tillsammans-med-musiker\/","og_locale":"fi_FI","og_type":"article","og_title":"Uppt\u00e4cktsf\u00e4rder p\u00e5 musikavdelningar tillsammans med musiker - Kirjastokaista","og_description":"Vad h\u00e4nder n\u00e4r en musiker f\u00e5r en inbjudan till bibliotekets musikavdelning och uppgiften att tipsa om tre saker d\u00e4r? Det f\u00e5r du veta i serien P\u00e5 Vad h\u00e4nder n\u00e4r en musiker f\u00e5r en inbjudan till bibliotekets musikavdelning och uppgiften att tipsa om tre saker d\u00e4r? Det f\u00e5r du veta i serien P\u00e5 uppt\u00e4cktsf\u00e4rd p\u00e5 musikavdelningen, vars f\u00f6rsta del publicerades 4. september.\u00a0Marko Annala, Aija Puurtinen, Jukka Nousiainen och Kauko R\u00f6yhk\u00e4 medverkar i serien.","og_url":"https:\/\/www.kirjastokaista.fi\/sv\/upptacktsfarder-pa-musikavdelningar-tillsammans-med-musiker\/","og_site_name":"Kirjastokaista","article_published_time":"2019-09-11T14:58:53+00:00","article_modified_time":"2023-03-23T20:26:53+00:00","og_image":[{"width":771,"height":440,"url":"https:\/\/www.kirjastokaista.fi\/app\/uploads\/2019\/08\/Loytoretki_musiikkiosastolla_ValokeilassaNYT.jpg","type":"image\/jpeg"}],"author":"Riitta","twitter_misc":{"Written by":"Riitta","Est. reading time":"1 minute"},"schema":{"@context":"https:\/\/schema.org","@graph":[{"@type":"WebPage","@id":"https:\/\/www.kirjastokaista.fi\/sv\/upptacktsfarder-pa-musikavdelningar-tillsammans-med-musiker\/","url":"https:\/\/www.kirjastokaista.fi\/sv\/upptacktsfarder-pa-musikavdelningar-tillsammans-med-musiker\/","name":"Uppt\u00e4cktsf\u00e4rder p\u00e5 musikavdelningar tillsammans med musiker - Kirjastokaista","isPartOf":{"@id":"https:\/\/www.kirjastokaista.fi\/#website"},"primaryImageOfPage":{"@id":"https:\/\/www.kirjastokaista.fi\/sv\/upptacktsfarder-pa-musikavdelningar-tillsammans-med-musiker\/#primaryimage"},"image":{"@id":"https:\/\/www.kirjastokaista.fi\/sv\/upptacktsfarder-pa-musikavdelningar-tillsammans-med-musiker\/#primaryimage"},"thumbnailUrl":"https:\/\/www.kirjastokaista.fi\/app\/uploads\/2019\/08\/Loytoretki_musiikkiosastolla_ValokeilassaNYT.jpg","datePublished":"2019-09-11T14:58:53+00:00","dateModified":"2023-03-23T20:26:53+00:00","author":{"@id":"https:\/\/www.kirjastokaista.fi\/#\/schema\/person\/8272e6b4176d7a435301d1595244f87e"},"description":"Vad h\u00e4nder n\u00e4r en musiker f\u00e5r en inbjudan till bibliotekets musikavdelning och uppgiften att tipsa om tre saker d\u00e4r? Det f\u00e5r du veta i serien P\u00e5 Vad h\u00e4nder n\u00e4r en musiker f\u00e5r en inbjudan till bibliotekets musikavdelning och uppgiften att tipsa om tre saker d\u00e4r? Det f\u00e5r du veta i serien P\u00e5 uppt\u00e4cktsf\u00e4rd p\u00e5 musikavdelningen, vars f\u00f6rsta del publicerades 4. september.\u00a0Marko Annala, Aija Puurtinen, Jukka Nousiainen och Kauko R\u00f6yhk\u00e4 medverkar i serien.","breadcrumb":{"@id":"https:\/\/www.kirjastokaista.fi\/sv\/upptacktsfarder-pa-musikavdelningar-tillsammans-med-musiker\/#breadcrumb"},"inLanguage":"fi","potentialAction":[{"@type":"ReadAction","target":["https:\/\/www.kirjastokaista.fi\/sv\/upptacktsfarder-pa-musikavdelningar-tillsammans-med-musiker\/"]}]},{"@type":"ImageObject","inLanguage":"fi","@id":"https:\/\/www.kirjastokaista.fi\/sv\/upptacktsfarder-pa-musikavdelningar-tillsammans-med-musiker\/#primaryimage","url":"https:\/\/www.kirjastokaista.fi\/app\/uploads\/2019\/08\/Loytoretki_musiikkiosastolla_ValokeilassaNYT.jpg","contentUrl":"https:\/\/www.kirjastokaista.fi\/app\/uploads\/2019\/08\/Loytoretki_musiikkiosastolla_ValokeilassaNYT.jpg","width":771,"height":440,"caption":"Nelj\u00e4 henkil\u00f6\u00e4 yhteiskuvassa."},{"@type":"BreadcrumbList","@id":"https:\/\/www.kirjastokaista.fi\/sv\/upptacktsfarder-pa-musikavdelningar-tillsammans-med-musiker\/#breadcrumb","itemListElement":[{"@type":"ListItem","position":1,"name":"Etusivu","item":"https:\/\/www.kirjastokaista.fi\/"},{"@type":"ListItem","position":2,"name":"Uppt\u00e4cktsf\u00e4rder p\u00e5 musikavdelningar tillsammans med musiker"}]},{"@type":"WebSite","@id":"https:\/\/www.kirjastokaista.fi\/#website","url":"https:\/\/www.kirjastokaista.fi\/","name":"Kirjastokaista","description":"LIBRARY CHANNEL \u2014 Library WebTV","potentialAction":[{"@type":"SearchAction","target":{"@type":"EntryPoint","urlTemplate":"https:\/\/www.kirjastokaista.fi\/?s={search_term_string}"},"query-input":{"@type":"PropertyValueSpecification","valueRequired":true,"valueName":"search_term_string"}}],"inLanguage":"fi"},{"@type":"Person","@id":"https:\/\/www.kirjastokaista.fi\/#\/schema\/person\/8272e6b4176d7a435301d1595244f87e","name":"Riitta","image":{"@type":"ImageObject","inLanguage":"fi","@id":"https:\/\/www.kirjastokaista.fi\/#\/schema\/person\/image\/","url":"https:\/\/secure.gravatar.com\/avatar\/5e7bcb38fde8f54416389d5a36025a08?s=96&d=mm&r=g","contentUrl":"https:\/\/secure.gravatar.com\/avatar\/5e7bcb38fde8f54416389d5a36025a08?s=96&d=mm&r=g","caption":"Riitta"},"sameAs":["https:\/\/x.com\/rtaarasti"],"url":"https:\/\/www.kirjastokaista.fi\/author\/riitta\/"}]},"og_video":"https:\/\/player.vimeo.com\/video\/355075969","og_video_type":"text\/html","og_video_duration":"36","og_video_width":"1920","og_video_height":"1080","ya_ovs_adult":"false","ya_ovs_upload_date":"2019-09-11T14:58:53+00:00","ya_ovs_allow_embed":"true"},"_links":{"self":[{"href":"https:\/\/www.kirjastokaista.fi\/wp-json\/wp\/v2\/posts\/385599","targetHints":{"allow":["GET"]}}],"collection":[{"href":"https:\/\/www.kirjastokaista.fi\/wp-json\/wp\/v2\/posts"}],"about":[{"href":"https:\/\/www.kirjastokaista.fi\/wp-json\/wp\/v2\/types\/post"}],"author":[{"embeddable":true,"href":"https:\/\/www.kirjastokaista.fi\/wp-json\/wp\/v2\/users\/3"}],"replies":[{"embeddable":true,"href":"https:\/\/www.kirjastokaista.fi\/wp-json\/wp\/v2\/comments?post=385599"}],"version-history":[{"count":7,"href":"https:\/\/www.kirjastokaista.fi\/wp-json\/wp\/v2\/posts\/385599\/revisions"}],"predecessor-version":[{"id":403433,"href":"https:\/\/www.kirjastokaista.fi\/wp-json\/wp\/v2\/posts\/385599\/revisions\/403433"}],"wp:featuredmedia":[{"embeddable":true,"href":"https:\/\/www.kirjastokaista.fi\/wp-json\/wp\/v2\/media\/385354"}],"wp:attachment":[{"href":"https:\/\/www.kirjastokaista.fi\/wp-json\/wp\/v2\/media?parent=385599"}],"wp:term":[{"taxonomy":"category","embeddable":true,"href":"https:\/\/www.kirjastokaista.fi\/wp-json\/wp\/v2\/categories?post=385599"},{"taxonomy":"post_tag","embeddable":true,"href":"https:\/\/www.kirjastokaista.fi\/wp-json\/wp\/v2\/tags?post=385599"}],"curies":[{"name":"wp","href":"https:\/\/api.w.org\/{rel}","templated":true}]}}