{"id":379497,"date":"2018-10-30T13:53:34","date_gmt":"2018-10-30T11:53:34","guid":{"rendered":"http:\/\/www.kirjastokaista.fi\/bibliotekens-mangsidiga-roll-i-dag-susanne-ahlroth\/"},"modified":"2022-11-14T10:19:14","modified_gmt":"2022-11-14T08:19:14","slug":"bibliotekens-mangsidiga-roll-i-dag-susanne-ahlroth","status":"publish","type":"post","link":"https:\/\/www.kirjastokaista.fi\/sv\/bibliotekens-mangsidiga-roll-i-dag-susanne-ahlroth\/","title":{"rendered":"Bibliotekens m\u00e5ngsidiga roll i dag &#8211; Susanne Ahlroth"},"content":{"rendered":"<p>Bibliotekens m\u00e5ngsidiga roll i dag. Susanne Ahlroth, \u00f6verinspekt\u00f6r vid Regionf\u00f6rvaltningsverket ber\u00e4ttar under V\u00e4gledardagarna 2018 om vilka nyckelkompetenser hon anser att bibliotekspersonalen beh\u00f6ver f\u00f6r att svara p\u00e5 bes\u00f6karnas behov. Hon anser att det fortfarande \u00e4r viktig att leta fram information fr\u00e5n olika k\u00e4llor, men ocks\u00e5 att kunna analysera och evaluera k\u00e4llorna. Det \u00e4r ocks\u00e5 viktigt att kunna handleda biblioteksbes\u00f6karna t.ex. i digitala tj\u00e4nster. Ocks\u00e5 litteraturk\u00e4nnedomen \u00e4r fortfarande viktig och biblioteken har f\u00e5tt en st\u00f6rre l\u00e4sfr\u00e4mjande roll. \u00a0Framf\u00f6rallt \u00e4r det viktigt att kunna bem\u00f6ta olika slags m\u00e4nniskor.<\/p>\n<p>Intervjuare:\u00a0Carola\u00a0Bryggman<br \/>\nFilm:\u00a0Fredrik\u00a0\u00c5man<\/p>\n","protected":false},"excerpt":{"rendered":"<p>Bibliotekens m\u00e5ngsidiga roll i dag. Susanne Ahlroth, \u00f6verinspekt\u00f6r vid Regionf\u00f6rvaltningsverket ber\u00e4ttar under V\u00e4gledardagarna 2018 om vilka nyckelkompetenser hon anser att bibliotekspersonalen beh\u00f6ver f\u00f6r att svara p\u00e5 bes\u00f6karnas behov. Hon anser [&hellip;]<\/p>\n","protected":false},"author":3,"featured_media":0,"comment_status":"open","ping_status":"closed","sticky":false,"template":"","format":"video","meta":{"footnotes":""},"categories":[3141,3264],"tags":[21581,18689,18693,19337,19888,19889],"class_list":["post-379497","post","type-post","status-publish","format-video","hentry","category-utbildningskanal","category-bibliotekspersonalens_kompetens","tag-regionforvaltningsverk","tag-biblioteksarbete","tag-kompetens","tag-ahlroth-susanne","tag-personal","tag-utbildning","post_format-post-format-video"],"youtube_id":"zZvSVRTWy_U","vimeo_id":"","duration":"","number_of_plays_sum":"115","videoembed_videoembed":"<iframe width=\"560\" height=\"315\" src=\"https:\/\/www.youtube.com\/embed\/zZvSVRTWy_U?rel=0&wmode=opaque\" frameborder=\"0\" allowfullscreen><\/iframe>","video_language":"svenska","video_thumbnail_large":"https:\/\/i.ytimg.com\/vi\/zZvSVRTWy_U\/hqdefault.jpg","video_thumbnail_medium":"https:\/\/i.ytimg.com\/vi\/zZvSVRTWy_U\/mqdefault.jpg","video_thumbnail_small":"https:\/\/i.ytimg.com\/vi\/zZvSVRTWy_U\/default.jpg","yoast_head":"<!-- This site is optimized with the Yoast SEO plugin v23.8 - https:\/\/yoast.com\/wordpress\/plugins\/seo\/ -->\n<title>Bibliotekens m\u00e5ngsidiga roll i dag - Susanne Ahlroth - Kirjastokaista<\/title>\n<meta name=\"description\" content=\"Bibliotekens m\u00e5ngsidiga roll i dag. Susanne Ahlroth, \u00f6verinspekt\u00f6r vid Regionf\u00f6rvaltningsverket ber\u00e4ttar under V\u00e4gledardagarna 2018 om vilka nyckelkompetenser hon anser att bibliotekspersonalen beh\u00f6ver f\u00f6r att svara p\u00e5 bes\u00f6karnas behov.\" \/>\n<meta name=\"robots\" content=\"index, follow, max-snippet:-1, max-image-preview:large, max-video-preview:-1\" \/>\n<link rel=\"canonical\" href=\"https:\/\/www.kirjastokaista.fi\/sv\/bibliotekens-mangsidiga-roll-i-dag-susanne-ahlroth\/\" \/>\n<meta property=\"og:locale\" content=\"fi_FI\" \/>\n<meta property=\"og:type\" content=\"article\" \/>\n<meta property=\"og:title\" content=\"Bibliotekens m\u00e5ngsidiga roll i dag - Susanne Ahlroth - Kirjastokaista\" \/>\n<meta property=\"og:description\" content=\"Bibliotekens m\u00e5ngsidiga roll i dag. Susanne Ahlroth, \u00f6verinspekt\u00f6r vid Regionf\u00f6rvaltningsverket ber\u00e4ttar under V\u00e4gledardagarna 2018 om vilka nyckelkompetenser hon anser att bibliotekspersonalen beh\u00f6ver f\u00f6r att svara p\u00e5 bes\u00f6karnas behov.\" \/>\n<meta property=\"og:url\" content=\"https:\/\/www.kirjastokaista.fi\/sv\/bibliotekens-mangsidiga-roll-i-dag-susanne-ahlroth\/\" \/>\n<meta property=\"og:site_name\" content=\"Kirjastokaista\" \/>\n<meta property=\"article:published_time\" content=\"2018-10-30T11:53:34+00:00\" \/>\n<meta property=\"article:modified_time\" content=\"2022-11-14T08:19:14+00:00\" \/>\n<meta name=\"author\" content=\"Riitta\" \/>\n<meta name=\"twitter:label1\" content=\"Written by\" \/>\n\t<meta name=\"twitter:data1\" content=\"Riitta\" \/>\n\t<meta name=\"twitter:label2\" content=\"Est. reading time\" \/>\n\t<meta name=\"twitter:data2\" content=\"1 minute\" \/>\n<script type=\"application\/ld+json\" class=\"yoast-schema-graph\">{\"@context\":\"https:\/\/schema.org\",\"@graph\":[{\"@type\":\"WebPage\",\"@id\":\"https:\/\/www.kirjastokaista.fi\/sv\/bibliotekens-mangsidiga-roll-i-dag-susanne-ahlroth\/\",\"url\":\"https:\/\/www.kirjastokaista.fi\/sv\/bibliotekens-mangsidiga-roll-i-dag-susanne-ahlroth\/\",\"name\":\"Bibliotekens m\u00e5ngsidiga roll i dag - Susanne Ahlroth - Kirjastokaista\",\"isPartOf\":{\"@id\":\"https:\/\/www.kirjastokaista.fi\/#website\"},\"datePublished\":\"2018-10-30T11:53:34+00:00\",\"dateModified\":\"2022-11-14T08:19:14+00:00\",\"author\":{\"@id\":\"https:\/\/www.kirjastokaista.fi\/#\/schema\/person\/8272e6b4176d7a435301d1595244f87e\"},\"description\":\"Bibliotekens m\u00e5ngsidiga roll i dag. Susanne Ahlroth, \u00f6verinspekt\u00f6r vid Regionf\u00f6rvaltningsverket ber\u00e4ttar under V\u00e4gledardagarna 2018 om vilka nyckelkompetenser hon anser att bibliotekspersonalen beh\u00f6ver f\u00f6r att svara p\u00e5 bes\u00f6karnas behov.\",\"breadcrumb\":{\"@id\":\"https:\/\/www.kirjastokaista.fi\/sv\/bibliotekens-mangsidiga-roll-i-dag-susanne-ahlroth\/#breadcrumb\"},\"inLanguage\":\"fi\",\"potentialAction\":[{\"@type\":\"ReadAction\",\"target\":[\"https:\/\/www.kirjastokaista.fi\/sv\/bibliotekens-mangsidiga-roll-i-dag-susanne-ahlroth\/\"]}]},{\"@type\":\"BreadcrumbList\",\"@id\":\"https:\/\/www.kirjastokaista.fi\/sv\/bibliotekens-mangsidiga-roll-i-dag-susanne-ahlroth\/#breadcrumb\",\"itemListElement\":[{\"@type\":\"ListItem\",\"position\":1,\"name\":\"Etusivu\",\"item\":\"https:\/\/www.kirjastokaista.fi\/\"},{\"@type\":\"ListItem\",\"position\":2,\"name\":\"Bibliotekens m\u00e5ngsidiga roll i dag &#8211; Susanne Ahlroth\"}]},{\"@type\":\"WebSite\",\"@id\":\"https:\/\/www.kirjastokaista.fi\/#website\",\"url\":\"https:\/\/www.kirjastokaista.fi\/\",\"name\":\"Kirjastokaista\",\"description\":\"LIBRARY CHANNEL \u2014 Library WebTV\",\"potentialAction\":[{\"@type\":\"SearchAction\",\"target\":{\"@type\":\"EntryPoint\",\"urlTemplate\":\"https:\/\/www.kirjastokaista.fi\/?s={search_term_string}\"},\"query-input\":{\"@type\":\"PropertyValueSpecification\",\"valueRequired\":true,\"valueName\":\"search_term_string\"}}],\"inLanguage\":\"fi\"},{\"@type\":\"Person\",\"@id\":\"https:\/\/www.kirjastokaista.fi\/#\/schema\/person\/8272e6b4176d7a435301d1595244f87e\",\"name\":\"Riitta\",\"image\":{\"@type\":\"ImageObject\",\"inLanguage\":\"fi\",\"@id\":\"https:\/\/www.kirjastokaista.fi\/#\/schema\/person\/image\/\",\"url\":\"https:\/\/secure.gravatar.com\/avatar\/5e7bcb38fde8f54416389d5a36025a08?s=96&d=mm&r=g\",\"contentUrl\":\"https:\/\/secure.gravatar.com\/avatar\/5e7bcb38fde8f54416389d5a36025a08?s=96&d=mm&r=g\",\"caption\":\"Riitta\"},\"sameAs\":[\"https:\/\/x.com\/rtaarasti\"],\"url\":\"https:\/\/www.kirjastokaista.fi\/author\/riitta\/\"}]}<\/script>\n<meta property=\"og:video\" content=\"https:\/\/www.youtube.com\/embed\/zZvSVRTWy_U\" \/>\n<meta property=\"og:video:type\" content=\"text\/html\" \/>\n<meta property=\"og:video:duration\" content=\"253\" \/>\n<meta property=\"og:video:width\" content=\"480\" \/>\n<meta property=\"og:video:height\" content=\"270\" \/>\n<meta property=\"ya:ovs:adult\" content=\"false\" \/>\n<meta property=\"ya:ovs:upload_date\" content=\"2018-10-30T11:53:34+00:00\" \/>\n<meta property=\"ya:ovs:allow_embed\" content=\"true\" \/>\n<!-- \/ Yoast SEO plugin. -->","yoast_head_json":{"title":"Bibliotekens m\u00e5ngsidiga roll i dag - Susanne Ahlroth - Kirjastokaista","description":"Bibliotekens m\u00e5ngsidiga roll i dag. Susanne Ahlroth, \u00f6verinspekt\u00f6r vid Regionf\u00f6rvaltningsverket ber\u00e4ttar under V\u00e4gledardagarna 2018 om vilka nyckelkompetenser hon anser att bibliotekspersonalen beh\u00f6ver f\u00f6r att svara p\u00e5 bes\u00f6karnas behov.","robots":{"index":"index","follow":"follow","max-snippet":"max-snippet:-1","max-image-preview":"max-image-preview:large","max-video-preview":"max-video-preview:-1"},"canonical":"https:\/\/www.kirjastokaista.fi\/sv\/bibliotekens-mangsidiga-roll-i-dag-susanne-ahlroth\/","og_locale":"fi_FI","og_type":"article","og_title":"Bibliotekens m\u00e5ngsidiga roll i dag - Susanne Ahlroth - Kirjastokaista","og_description":"Bibliotekens m\u00e5ngsidiga roll i dag. Susanne Ahlroth, \u00f6verinspekt\u00f6r vid Regionf\u00f6rvaltningsverket ber\u00e4ttar under V\u00e4gledardagarna 2018 om vilka nyckelkompetenser hon anser att bibliotekspersonalen beh\u00f6ver f\u00f6r att svara p\u00e5 bes\u00f6karnas behov.","og_url":"https:\/\/www.kirjastokaista.fi\/sv\/bibliotekens-mangsidiga-roll-i-dag-susanne-ahlroth\/","og_site_name":"Kirjastokaista","article_published_time":"2018-10-30T11:53:34+00:00","article_modified_time":"2022-11-14T08:19:14+00:00","author":"Riitta","twitter_misc":{"Written by":"Riitta","Est. reading time":"1 minute"},"schema":{"@context":"https:\/\/schema.org","@graph":[{"@type":"WebPage","@id":"https:\/\/www.kirjastokaista.fi\/sv\/bibliotekens-mangsidiga-roll-i-dag-susanne-ahlroth\/","url":"https:\/\/www.kirjastokaista.fi\/sv\/bibliotekens-mangsidiga-roll-i-dag-susanne-ahlroth\/","name":"Bibliotekens m\u00e5ngsidiga roll i dag - Susanne Ahlroth - Kirjastokaista","isPartOf":{"@id":"https:\/\/www.kirjastokaista.fi\/#website"},"datePublished":"2018-10-30T11:53:34+00:00","dateModified":"2022-11-14T08:19:14+00:00","author":{"@id":"https:\/\/www.kirjastokaista.fi\/#\/schema\/person\/8272e6b4176d7a435301d1595244f87e"},"description":"Bibliotekens m\u00e5ngsidiga roll i dag. Susanne Ahlroth, \u00f6verinspekt\u00f6r vid Regionf\u00f6rvaltningsverket ber\u00e4ttar under V\u00e4gledardagarna 2018 om vilka nyckelkompetenser hon anser att bibliotekspersonalen beh\u00f6ver f\u00f6r att svara p\u00e5 bes\u00f6karnas behov.","breadcrumb":{"@id":"https:\/\/www.kirjastokaista.fi\/sv\/bibliotekens-mangsidiga-roll-i-dag-susanne-ahlroth\/#breadcrumb"},"inLanguage":"fi","potentialAction":[{"@type":"ReadAction","target":["https:\/\/www.kirjastokaista.fi\/sv\/bibliotekens-mangsidiga-roll-i-dag-susanne-ahlroth\/"]}]},{"@type":"BreadcrumbList","@id":"https:\/\/www.kirjastokaista.fi\/sv\/bibliotekens-mangsidiga-roll-i-dag-susanne-ahlroth\/#breadcrumb","itemListElement":[{"@type":"ListItem","position":1,"name":"Etusivu","item":"https:\/\/www.kirjastokaista.fi\/"},{"@type":"ListItem","position":2,"name":"Bibliotekens m\u00e5ngsidiga roll i dag &#8211; Susanne Ahlroth"}]},{"@type":"WebSite","@id":"https:\/\/www.kirjastokaista.fi\/#website","url":"https:\/\/www.kirjastokaista.fi\/","name":"Kirjastokaista","description":"LIBRARY CHANNEL \u2014 Library WebTV","potentialAction":[{"@type":"SearchAction","target":{"@type":"EntryPoint","urlTemplate":"https:\/\/www.kirjastokaista.fi\/?s={search_term_string}"},"query-input":{"@type":"PropertyValueSpecification","valueRequired":true,"valueName":"search_term_string"}}],"inLanguage":"fi"},{"@type":"Person","@id":"https:\/\/www.kirjastokaista.fi\/#\/schema\/person\/8272e6b4176d7a435301d1595244f87e","name":"Riitta","image":{"@type":"ImageObject","inLanguage":"fi","@id":"https:\/\/www.kirjastokaista.fi\/#\/schema\/person\/image\/","url":"https:\/\/secure.gravatar.com\/avatar\/5e7bcb38fde8f54416389d5a36025a08?s=96&d=mm&r=g","contentUrl":"https:\/\/secure.gravatar.com\/avatar\/5e7bcb38fde8f54416389d5a36025a08?s=96&d=mm&r=g","caption":"Riitta"},"sameAs":["https:\/\/x.com\/rtaarasti"],"url":"https:\/\/www.kirjastokaista.fi\/author\/riitta\/"}]},"og_video":"https:\/\/www.youtube.com\/embed\/zZvSVRTWy_U","og_video_type":"text\/html","og_video_duration":"253","og_video_width":"480","og_video_height":"270","ya_ovs_adult":"false","ya_ovs_upload_date":"2018-10-30T11:53:34+00:00","ya_ovs_allow_embed":"true"},"_links":{"self":[{"href":"https:\/\/www.kirjastokaista.fi\/wp-json\/wp\/v2\/posts\/379497","targetHints":{"allow":["GET"]}}],"collection":[{"href":"https:\/\/www.kirjastokaista.fi\/wp-json\/wp\/v2\/posts"}],"about":[{"href":"https:\/\/www.kirjastokaista.fi\/wp-json\/wp\/v2\/types\/post"}],"author":[{"embeddable":true,"href":"https:\/\/www.kirjastokaista.fi\/wp-json\/wp\/v2\/users\/3"}],"replies":[{"embeddable":true,"href":"https:\/\/www.kirjastokaista.fi\/wp-json\/wp\/v2\/comments?post=379497"}],"version-history":[{"count":3,"href":"https:\/\/www.kirjastokaista.fi\/wp-json\/wp\/v2\/posts\/379497\/revisions"}],"predecessor-version":[{"id":392675,"href":"https:\/\/www.kirjastokaista.fi\/wp-json\/wp\/v2\/posts\/379497\/revisions\/392675"}],"wp:attachment":[{"href":"https:\/\/www.kirjastokaista.fi\/wp-json\/wp\/v2\/media?parent=379497"}],"wp:term":[{"taxonomy":"category","embeddable":true,"href":"https:\/\/www.kirjastokaista.fi\/wp-json\/wp\/v2\/categories?post=379497"},{"taxonomy":"post_tag","embeddable":true,"href":"https:\/\/www.kirjastokaista.fi\/wp-json\/wp\/v2\/tags?post=379497"}],"curies":[{"name":"wp","href":"https:\/\/api.w.org\/{rel}","templated":true}]}}