{"id":375502,"date":"2018-03-15T13:00:25","date_gmt":"2018-03-15T11:00:25","guid":{"rendered":"http:\/\/www.kirjastokaista.fi\/tre-fragor-om-bibliotek-kjell-westo\/"},"modified":"2024-12-05T12:11:44","modified_gmt":"2024-12-05T10:11:44","slug":"tre-fragor-om-bibliotek-kjell-westo","status":"publish","type":"post","link":"https:\/\/www.kirjastokaista.fi\/sv\/tre-fragor-om-bibliotek-kjell-westo\/","title":{"rendered":"Tre fr\u00e5gor om bibliotek \u2013 Kjell West\u00f6"},"content":{"rendered":"<p>F\u00f6rfattaren <strong>Kjell West\u00f6<\/strong> ber\u00e4ttar i Bibliotekskanalens (Kirjastokaista) \u201dTre fr\u00e5gor om bibliotek\u201d -serie om sitt barndomsbibliotek, sitt senaste biblioteksbes\u00f6k och beskriver biblioteket med tre ord.<\/p>\n<p><em>\u201dDet fanns \u00e5r d\u00e5 jag praktiskt taget\u00a0bodde d\u00e4r\u201d<\/em>, s\u00e4ger Kjell West\u00f6<!--more--> om sin barndoms bibliotek.<\/p>\n<p>Se ocks\u00e5:<br \/>\n<a href=\"http:\/\/www.boksampo.fi\/sv\/kulsa\/kauno%253Aperson_123175963753312\">Kjell West\u00f6 i Boksampo<\/a><br \/>\n<a href=\"https:\/\/www.kirjastokaista.fi\/kolme-kysymysta-kirjastosta\">Kolme kysymyst\u00e4 kirjastosta \u2013sarja<\/a> (p\u00e5 finska)<\/p>\n<p>Intervjuare: Anna-Maria Malm<br \/>\nFilm: Panu Somerma och Mikko Helander<br \/>\nKlipp: Panu Somerma<br \/>\nGrafik: Mikko Helander<br \/>\nMusiik: \u201dThe Professor\u2019s Lab\u201d by Christian Bjoerklund (virb.com\/cbjorklund)<br \/>\nProducent: Riitta Taarasti<br \/>\nProduktion: Bibliotekskanalen \u2013 Biblioteken.fi, 2018<\/p>\n","protected":false},"excerpt":{"rendered":"<p>F\u00f6rfattaren Kjell West\u00f6 ber\u00e4ttar i Bibliotekskanalens (Kirjastokaista) \u201dTre fr\u00e5gor om bibliotek\u201d -serie om sitt barndomsbibliotek, sitt senaste biblioteksbes\u00f6k och beskriver biblioteket med tre ord. \u201dDet fanns \u00e5r d\u00e5 jag praktiskt [&hellip;]<\/p>\n","protected":false},"author":3,"featured_media":375504,"comment_status":"open","ping_status":"closed","sticky":false,"template":"","format":"video","meta":{"footnotes":""},"categories":[19565,24187,3151,8836],"tags":[24021,6286,8645,19563,20163],"class_list":["post-375502","post","type-post","status-publish","format-video","has-post-thumbnail","hentry","category-tre-fragor-om-bibliotek","category-aktuellt-om-bibliotek-rekommenderade","category-aktuellt-om-bibliotek","category-rekommenderade","tag-westo-kjell-sv","tag-biblioteksanvandning-sv","tag-forfattare-sv","tag-tre-fragor-om-bibliotek","tag-kundupplevelse","post_format-post-format-video"],"youtube_id":"","vimeo_id":"259673852","duration":"140","number_of_plays_sum":"3089","videoembed_videoembed":"<iframe src=\"https:\/\/player.vimeo.com\/video\/259673852\" width=\"550\" height=\"315\" frameborder=\"0\" webkitAllowFullScreen mozallowfullscreen allowFullScreen><\/iframe>","video_language":"svenska","video_thumbnail_large":"https:\/\/i.vimeocdn.com\/video\/688850930-57b589b334e7570e4e8cc181609223f0fd4d5ab320c1acde4c99488a8ec83718-d_640x360","video_thumbnail_medium":"https:\/\/i.vimeocdn.com\/video\/688850930-57b589b334e7570e4e8cc181609223f0fd4d5ab320c1acde4c99488a8ec83718-d_200x150","video_thumbnail_small":"https:\/\/i.vimeocdn.com\/video\/688850930-57b589b334e7570e4e8cc181609223f0fd4d5ab320c1acde4c99488a8ec83718-d_100x75","yoast_head":"<!-- This site is optimized with the Yoast SEO plugin v23.8 - https:\/\/yoast.com\/wordpress\/plugins\/seo\/ -->\n<title>Tre fr\u00e5gor om bibliotek \u2013 Kjell West\u00f6 - Kirjastokaista<\/title>\n<meta name=\"description\" content=\"Kjell West\u00f6 ber\u00e4ttar i Bibliotekskanalens (Kirjastokaista) \u201dTre fr\u00e5gor om bibliotek\u201d \u2013serie om sitt barndomsbibliotek och sitt senaste biblioteksbes\u00f6k\" \/>\n<meta name=\"robots\" content=\"index, follow, max-snippet:-1, max-image-preview:large, max-video-preview:-1\" \/>\n<link rel=\"canonical\" href=\"http:\/\/www.kirjastokaista.fi\/sv\/tre-fragor-om-bibliotek-kjell-westo\/\" \/>\n<meta property=\"og:locale\" content=\"fi_FI\" \/>\n<meta property=\"og:type\" content=\"article\" \/>\n<meta property=\"og:title\" content=\"Tre fr\u00e5gor om bibliotek \u2013 Kjell West\u00f6 - Kirjastokaista\" \/>\n<meta property=\"og:description\" content=\"Kjell West\u00f6 ber\u00e4ttar i Bibliotekskanalens (Kirjastokaista) \u201dTre fr\u00e5gor om bibliotek\u201d \u2013serie om sitt barndomsbibliotek och sitt senaste biblioteksbes\u00f6k\" \/>\n<meta property=\"og:url\" content=\"http:\/\/www.kirjastokaista.fi\/sv\/tre-fragor-om-bibliotek-kjell-westo\/\" \/>\n<meta property=\"og:site_name\" content=\"Kirjastokaista\" \/>\n<meta property=\"article:published_time\" content=\"2018-03-15T11:00:25+00:00\" \/>\n<meta property=\"article:modified_time\" content=\"2024-12-05T10:11:44+00:00\" \/>\n<meta property=\"og:image\" content=\"https:\/\/www.kirjastokaista.fi\/app\/uploads\/2018\/03\/tre_frogor_om_bibliotek_kjell_westo.jpg\" \/>\n\t<meta property=\"og:image:width\" content=\"640\" \/>\n\t<meta property=\"og:image:height\" content=\"360\" \/>\n\t<meta property=\"og:image:type\" content=\"image\/jpeg\" \/>\n<meta name=\"author\" content=\"Riitta\" \/>\n<meta name=\"twitter:label1\" content=\"Written by\" \/>\n\t<meta name=\"twitter:data1\" content=\"Riitta\" \/>\n<script type=\"application\/ld+json\" class=\"yoast-schema-graph\">{\"@context\":\"https:\/\/schema.org\",\"@graph\":[{\"@type\":\"WebPage\",\"@id\":\"http:\/\/www.kirjastokaista.fi\/sv\/tre-fragor-om-bibliotek-kjell-westo\/\",\"url\":\"http:\/\/www.kirjastokaista.fi\/sv\/tre-fragor-om-bibliotek-kjell-westo\/\",\"name\":\"Tre fr\u00e5gor om bibliotek \u2013 Kjell West\u00f6 - Kirjastokaista\",\"isPartOf\":{\"@id\":\"https:\/\/www.kirjastokaista.fi\/#website\"},\"primaryImageOfPage\":{\"@id\":\"http:\/\/www.kirjastokaista.fi\/sv\/tre-fragor-om-bibliotek-kjell-westo\/#primaryimage\"},\"image\":{\"@id\":\"http:\/\/www.kirjastokaista.fi\/sv\/tre-fragor-om-bibliotek-kjell-westo\/#primaryimage\"},\"thumbnailUrl\":\"https:\/\/www.kirjastokaista.fi\/app\/uploads\/2018\/03\/tre_frogor_om_bibliotek_kjell_westo.jpg\",\"datePublished\":\"2018-03-15T11:00:25+00:00\",\"dateModified\":\"2024-12-05T10:11:44+00:00\",\"author\":{\"@id\":\"https:\/\/www.kirjastokaista.fi\/#\/schema\/person\/8272e6b4176d7a435301d1595244f87e\"},\"description\":\"Kjell West\u00f6 ber\u00e4ttar i Bibliotekskanalens (Kirjastokaista) \u201dTre fr\u00e5gor om bibliotek\u201d \u2013serie om sitt barndomsbibliotek och sitt senaste biblioteksbes\u00f6k\",\"breadcrumb\":{\"@id\":\"http:\/\/www.kirjastokaista.fi\/sv\/tre-fragor-om-bibliotek-kjell-westo\/#breadcrumb\"},\"inLanguage\":\"fi\",\"potentialAction\":[{\"@type\":\"ReadAction\",\"target\":[\"http:\/\/www.kirjastokaista.fi\/sv\/tre-fragor-om-bibliotek-kjell-westo\/\"]}]},{\"@type\":\"ImageObject\",\"inLanguage\":\"fi\",\"@id\":\"http:\/\/www.kirjastokaista.fi\/sv\/tre-fragor-om-bibliotek-kjell-westo\/#primaryimage\",\"url\":\"https:\/\/www.kirjastokaista.fi\/app\/uploads\/2018\/03\/tre_frogor_om_bibliotek_kjell_westo.jpg\",\"contentUrl\":\"https:\/\/www.kirjastokaista.fi\/app\/uploads\/2018\/03\/tre_frogor_om_bibliotek_kjell_westo.jpg\",\"width\":640,\"height\":360,\"caption\":\"Tre fr\u00e5gor om bibliotek \u2013 Kjell West\u00f6\"},{\"@type\":\"BreadcrumbList\",\"@id\":\"http:\/\/www.kirjastokaista.fi\/sv\/tre-fragor-om-bibliotek-kjell-westo\/#breadcrumb\",\"itemListElement\":[{\"@type\":\"ListItem\",\"position\":1,\"name\":\"Etusivu\",\"item\":\"https:\/\/www.kirjastokaista.fi\/\"},{\"@type\":\"ListItem\",\"position\":2,\"name\":\"Tre fr\u00e5gor om bibliotek \u2013 Kjell West\u00f6\"}]},{\"@type\":\"WebSite\",\"@id\":\"https:\/\/www.kirjastokaista.fi\/#website\",\"url\":\"https:\/\/www.kirjastokaista.fi\/\",\"name\":\"Kirjastokaista\",\"description\":\"LIBRARY CHANNEL \u2014 Library WebTV\",\"potentialAction\":[{\"@type\":\"SearchAction\",\"target\":{\"@type\":\"EntryPoint\",\"urlTemplate\":\"https:\/\/www.kirjastokaista.fi\/?s={search_term_string}\"},\"query-input\":{\"@type\":\"PropertyValueSpecification\",\"valueRequired\":true,\"valueName\":\"search_term_string\"}}],\"inLanguage\":\"fi\"},{\"@type\":\"Person\",\"@id\":\"https:\/\/www.kirjastokaista.fi\/#\/schema\/person\/8272e6b4176d7a435301d1595244f87e\",\"name\":\"Riitta\",\"image\":{\"@type\":\"ImageObject\",\"inLanguage\":\"fi\",\"@id\":\"https:\/\/www.kirjastokaista.fi\/#\/schema\/person\/image\/\",\"url\":\"https:\/\/secure.gravatar.com\/avatar\/5e7bcb38fde8f54416389d5a36025a08?s=96&d=mm&r=g\",\"contentUrl\":\"https:\/\/secure.gravatar.com\/avatar\/5e7bcb38fde8f54416389d5a36025a08?s=96&d=mm&r=g\",\"caption\":\"Riitta\"},\"sameAs\":[\"https:\/\/x.com\/rtaarasti\"],\"url\":\"https:\/\/www.kirjastokaista.fi\/author\/riitta\/\"}]}<\/script>\n<meta property=\"og:video\" content=\"https:\/\/player.vimeo.com\/video\/259673852\" \/>\n<meta property=\"og:video:type\" content=\"text\/html\" \/>\n<meta property=\"og:video:duration\" content=\"140\" \/>\n<meta property=\"og:video:width\" content=\"1920\" \/>\n<meta property=\"og:video:height\" content=\"1080\" \/>\n<meta property=\"ya:ovs:adult\" content=\"false\" \/>\n<meta property=\"ya:ovs:upload_date\" content=\"2018-03-15T11:00:25+00:00\" \/>\n<meta property=\"ya:ovs:allow_embed\" content=\"true\" \/>\n<!-- \/ Yoast SEO plugin. -->","yoast_head_json":{"title":"Tre fr\u00e5gor om bibliotek \u2013 Kjell West\u00f6 - Kirjastokaista","description":"Kjell West\u00f6 ber\u00e4ttar i Bibliotekskanalens (Kirjastokaista) \u201dTre fr\u00e5gor om bibliotek\u201d \u2013serie om sitt barndomsbibliotek och sitt senaste biblioteksbes\u00f6k","robots":{"index":"index","follow":"follow","max-snippet":"max-snippet:-1","max-image-preview":"max-image-preview:large","max-video-preview":"max-video-preview:-1"},"canonical":"http:\/\/www.kirjastokaista.fi\/sv\/tre-fragor-om-bibliotek-kjell-westo\/","og_locale":"fi_FI","og_type":"article","og_title":"Tre fr\u00e5gor om bibliotek \u2013 Kjell West\u00f6 - Kirjastokaista","og_description":"Kjell West\u00f6 ber\u00e4ttar i Bibliotekskanalens (Kirjastokaista) \u201dTre fr\u00e5gor om bibliotek\u201d \u2013serie om sitt barndomsbibliotek och sitt senaste biblioteksbes\u00f6k","og_url":"http:\/\/www.kirjastokaista.fi\/sv\/tre-fragor-om-bibliotek-kjell-westo\/","og_site_name":"Kirjastokaista","article_published_time":"2018-03-15T11:00:25+00:00","article_modified_time":"2024-12-05T10:11:44+00:00","og_image":[{"width":640,"height":360,"url":"https:\/\/www.kirjastokaista.fi\/app\/uploads\/2018\/03\/tre_frogor_om_bibliotek_kjell_westo.jpg","type":"image\/jpeg"}],"author":"Riitta","twitter_misc":{"Written by":"Riitta"},"schema":{"@context":"https:\/\/schema.org","@graph":[{"@type":"WebPage","@id":"http:\/\/www.kirjastokaista.fi\/sv\/tre-fragor-om-bibliotek-kjell-westo\/","url":"http:\/\/www.kirjastokaista.fi\/sv\/tre-fragor-om-bibliotek-kjell-westo\/","name":"Tre fr\u00e5gor om bibliotek \u2013 Kjell West\u00f6 - Kirjastokaista","isPartOf":{"@id":"https:\/\/www.kirjastokaista.fi\/#website"},"primaryImageOfPage":{"@id":"http:\/\/www.kirjastokaista.fi\/sv\/tre-fragor-om-bibliotek-kjell-westo\/#primaryimage"},"image":{"@id":"http:\/\/www.kirjastokaista.fi\/sv\/tre-fragor-om-bibliotek-kjell-westo\/#primaryimage"},"thumbnailUrl":"https:\/\/www.kirjastokaista.fi\/app\/uploads\/2018\/03\/tre_frogor_om_bibliotek_kjell_westo.jpg","datePublished":"2018-03-15T11:00:25+00:00","dateModified":"2024-12-05T10:11:44+00:00","author":{"@id":"https:\/\/www.kirjastokaista.fi\/#\/schema\/person\/8272e6b4176d7a435301d1595244f87e"},"description":"Kjell West\u00f6 ber\u00e4ttar i Bibliotekskanalens (Kirjastokaista) \u201dTre fr\u00e5gor om bibliotek\u201d \u2013serie om sitt barndomsbibliotek och sitt senaste biblioteksbes\u00f6k","breadcrumb":{"@id":"http:\/\/www.kirjastokaista.fi\/sv\/tre-fragor-om-bibliotek-kjell-westo\/#breadcrumb"},"inLanguage":"fi","potentialAction":[{"@type":"ReadAction","target":["http:\/\/www.kirjastokaista.fi\/sv\/tre-fragor-om-bibliotek-kjell-westo\/"]}]},{"@type":"ImageObject","inLanguage":"fi","@id":"http:\/\/www.kirjastokaista.fi\/sv\/tre-fragor-om-bibliotek-kjell-westo\/#primaryimage","url":"https:\/\/www.kirjastokaista.fi\/app\/uploads\/2018\/03\/tre_frogor_om_bibliotek_kjell_westo.jpg","contentUrl":"https:\/\/www.kirjastokaista.fi\/app\/uploads\/2018\/03\/tre_frogor_om_bibliotek_kjell_westo.jpg","width":640,"height":360,"caption":"Tre fr\u00e5gor om bibliotek \u2013 Kjell West\u00f6"},{"@type":"BreadcrumbList","@id":"http:\/\/www.kirjastokaista.fi\/sv\/tre-fragor-om-bibliotek-kjell-westo\/#breadcrumb","itemListElement":[{"@type":"ListItem","position":1,"name":"Etusivu","item":"https:\/\/www.kirjastokaista.fi\/"},{"@type":"ListItem","position":2,"name":"Tre fr\u00e5gor om bibliotek \u2013 Kjell West\u00f6"}]},{"@type":"WebSite","@id":"https:\/\/www.kirjastokaista.fi\/#website","url":"https:\/\/www.kirjastokaista.fi\/","name":"Kirjastokaista","description":"LIBRARY CHANNEL \u2014 Library WebTV","potentialAction":[{"@type":"SearchAction","target":{"@type":"EntryPoint","urlTemplate":"https:\/\/www.kirjastokaista.fi\/?s={search_term_string}"},"query-input":{"@type":"PropertyValueSpecification","valueRequired":true,"valueName":"search_term_string"}}],"inLanguage":"fi"},{"@type":"Person","@id":"https:\/\/www.kirjastokaista.fi\/#\/schema\/person\/8272e6b4176d7a435301d1595244f87e","name":"Riitta","image":{"@type":"ImageObject","inLanguage":"fi","@id":"https:\/\/www.kirjastokaista.fi\/#\/schema\/person\/image\/","url":"https:\/\/secure.gravatar.com\/avatar\/5e7bcb38fde8f54416389d5a36025a08?s=96&d=mm&r=g","contentUrl":"https:\/\/secure.gravatar.com\/avatar\/5e7bcb38fde8f54416389d5a36025a08?s=96&d=mm&r=g","caption":"Riitta"},"sameAs":["https:\/\/x.com\/rtaarasti"],"url":"https:\/\/www.kirjastokaista.fi\/author\/riitta\/"}]},"og_video":"https:\/\/player.vimeo.com\/video\/259673852","og_video_type":"text\/html","og_video_duration":"140","og_video_width":"1920","og_video_height":"1080","ya_ovs_adult":"false","ya_ovs_upload_date":"2018-03-15T11:00:25+00:00","ya_ovs_allow_embed":"true"},"_links":{"self":[{"href":"https:\/\/www.kirjastokaista.fi\/wp-json\/wp\/v2\/posts\/375502","targetHints":{"allow":["GET"]}}],"collection":[{"href":"https:\/\/www.kirjastokaista.fi\/wp-json\/wp\/v2\/posts"}],"about":[{"href":"https:\/\/www.kirjastokaista.fi\/wp-json\/wp\/v2\/types\/post"}],"author":[{"embeddable":true,"href":"https:\/\/www.kirjastokaista.fi\/wp-json\/wp\/v2\/users\/3"}],"replies":[{"embeddable":true,"href":"https:\/\/www.kirjastokaista.fi\/wp-json\/wp\/v2\/comments?post=375502"}],"version-history":[{"count":4,"href":"https:\/\/www.kirjastokaista.fi\/wp-json\/wp\/v2\/posts\/375502\/revisions"}],"predecessor-version":[{"id":375692,"href":"https:\/\/www.kirjastokaista.fi\/wp-json\/wp\/v2\/posts\/375502\/revisions\/375692"}],"wp:featuredmedia":[{"embeddable":true,"href":"https:\/\/www.kirjastokaista.fi\/wp-json\/wp\/v2\/media\/375504"}],"wp:attachment":[{"href":"https:\/\/www.kirjastokaista.fi\/wp-json\/wp\/v2\/media?parent=375502"}],"wp:term":[{"taxonomy":"category","embeddable":true,"href":"https:\/\/www.kirjastokaista.fi\/wp-json\/wp\/v2\/categories?post=375502"},{"taxonomy":"post_tag","embeddable":true,"href":"https:\/\/www.kirjastokaista.fi\/wp-json\/wp\/v2\/tags?post=375502"}],"curies":[{"name":"wp","href":"https:\/\/api.w.org\/{rel}","templated":true}]}}