{"id":374870,"date":"2017-12-20T17:39:15","date_gmt":"2017-12-20T15:39:15","guid":{"rendered":"http:\/\/www.kirjastokaista.fi\/faktahommissa-tiedon-lahja\/"},"modified":"2019-12-31T10:51:38","modified_gmt":"2019-12-31T08:51:38","slug":"faktahommissa-tiedon-lahja","status":"publish","type":"post","link":"https:\/\/www.kirjastokaista.fi\/sv\/faktahommissa-tiedon-lahja\/","title":{"rendered":"Fakta p\u00e5 agendan \u2013 Kunskapens g\u00e5va"},"content":{"rendered":"<p>Fakta p\u00e5 agendan \u00e4r en serie vars teman baserar sig p\u00e5 temaveckorna i projektet Bok-Finland 2017. Seriens programledare Jani Nieminen tr\u00e4ffade under \u00e5ret olika fackboksf\u00f6rfattare med vilka han l\u00e4ttsamt och humoristiskt&nbsp; diskuterar facklitteratur. Videorna \u00e4r finskspr\u00e5kiga, men har svenska undertexter.<\/p>\n<p><!--more--><\/p>\n<p>Projektets sista tema \u00e4r \u201dKunskapens g\u00e5va\u201d. Temat p\u00e5minner om att en fackbok alltid \u00e4r en utm\u00e4rkt g\u00e5va, oberoende vad man firar. &nbsp;Bibliotekskanalen presenterar under detta tema Karri \u201dPaleface\u201d Miettinens bok \u201dViides Maamme kirja\u201d (\u201dFemte boken om v\u00e5rt land\u201d). Den superpopul\u00e4ra rapartisten Paleface fick impulsen till att skriva Viides Maamme-kirja d\u00e5 n\u00e5gra sannfinl\u00e4ndska akt\u00f6rer kr\u00e4vde att han skulle avskedas fr\u00e5n ett organ som f\u00f6rberedde Finlands hundra\u00e5rsjubileum. Enligt de h\u00e4r akt\u00f6rerna hade Paleface misst\u00e4nkt \u201dofosterl\u00e4ndska\u201d \u00e5sikter och borde d\u00e4rf\u00f6r inte delta i organiserandet av Finlands hundra\u00e5rsjubileum. Paleface g\u00e5r i boken igenom p\u00e5st\u00e5endena, svarar p\u00e5 dem och visar att de \u00e4r obefogade. Paleface krossar med sin s\u00e4kra stil m\u00e5nga f\u00f6rdomar \u2013 ocks\u00e5 om sig sj\u00e4lv.<\/p>\n<p><a href=\"http:\/\/www.kirjastokaista.fi\/app\/uploads\/2018\/01\/Viides_maamme-kirja.jpg\"><img loading=\"lazy\" decoding=\"async\" class=\"alignnone size-medium wp-image-374813\" src=\"http:\/\/www.kirjastokaista.fi\/app\/uploads\/2018\/01\/Viides_maamme-kirja-207x300.jpg\" alt=\"Karri Paleface Miettinen - Viides Maamme-kirja Eli ajatuksia suomalaisuudesta\" width=\"207\" height=\"300\" srcset=\"https:\/\/www.kirjastokaista.fi\/app\/uploads\/2018\/01\/Viides_maamme-kirja-207x300.jpg 207w, https:\/\/www.kirjastokaista.fi\/app\/uploads\/2018\/01\/Viides_maamme-kirja-768x1115.jpg 768w, https:\/\/www.kirjastokaista.fi\/app\/uploads\/2018\/01\/Viides_maamme-kirja-705x1024.jpg 705w, https:\/\/www.kirjastokaista.fi\/app\/uploads\/2018\/01\/Viides_maamme-kirja.jpg 1514w\" sizes=\"auto, (max-width: 207px) 100vw, 207px\" \/><\/a><\/p>\n<p>Bok-Finland&nbsp; 2017 \u00e4r en del av Finlands 100 \u2013 \u00e5rsjubileum.&nbsp; Bok-Finland ordnar evenemang och temaveckor under hela \u00e5ret. Projektet fokuserar speciellt p\u00e5 inhemska fackb\u00f6cker.<\/p>\n<p>L\u00e4s mera:<\/p>\n<p>BokFinland-2017<br \/>\n<u>Viides Maamme-kirja p\u00e5 Likes sidor (p\u00e5 finska)&nbsp; <\/u><br \/>\n<u>Paleface i Wikipedia (p\u00e5 finska)<br \/>\n<\/u><a href=\"http:\/\/www.nytid.fi\/2016\/11\/finlands-framsta-protestsangare\/\">Intervju med Paleface i Ny tid<\/a><u><\/u><\/p>\n<p>&nbsp;<\/p>\n<p>&nbsp;<\/p>\n<p>F\u00f6rfattarg\u00e4st: Karri Paleface Miettinen<br \/>\nRedakt\u00f6r: Jani Nieminen<br \/>\nFilm: Panu Somerma och Mikko Helander<br \/>\nKlipp: Mikko Helander<br \/>\nGrafik: Panu Somerma<br \/>\nMusik: Tuomas Kyt\u00f6niemi och Tero Matikainen<br \/>\n\u00d6vers\u00e4ttning: Anna-Maria Malm<br \/>\nProducent: Riitta Taarasti<br \/>\nProduktion: Bibliotekskanalen \u2013 Biblioteken.fi, 2017<\/p>\n<p>&nbsp;<\/p>\n<p>&nbsp;<\/p>\n","protected":false},"excerpt":{"rendered":"<p>Fakta p\u00e5 agendan \u00e4r en serie vars teman baserar sig p\u00e5 temaveckorna i projektet Bok-Finland 2017. Seriens programledare Jani Nieminen tr\u00e4ffade under \u00e5ret olika fackboksf\u00f6rfattare med vilka han l\u00e4ttsamt och [&hellip;]<\/p>\n","protected":false},"author":3,"featured_media":374714,"comment_status":"open","ping_status":"closed","sticky":false,"template":"","format":"video","meta":{"footnotes":""},"categories":[18340,3101],"tags":[19371,19452,19453,19454,337,7053,18534,18535,18536,19370],"class_list":["post-374870","post","type-post","status-publish","format-video","has-post-thumbnail","hentry","category-fakta-pa-agendan","category-litteratur-och-kultur","tag-paleface","tag-musiker","tag-kunskapens-gava","tag-populism","tag-nieminen_jani","tag-bocker-sv","tag-fakta-pa-agendan","tag-facklitteratur","tag-bok-finland-2017","tag-miettinen-karri","post_format-post-format-video"],"youtube_id":"","vimeo_id":"246982847","duration":"562","number_of_plays_sum":"2770","videoembed_videoembed":"<iframe src=\"https:\/\/player.vimeo.com\/video\/246982847\" width=\"550\" height=\"315\" frameborder=\"0\" webkitAllowFullScreen mozallowfullscreen allowFullScreen><\/iframe>","video_language":"suomi","video_thumbnail_large":"https:\/\/i.vimeocdn.com\/video\/673602968-1e662a6e26c0b6580fd36236c74ed6b9c285778f63c82cceacdb33f15e703471-d_640x360","video_thumbnail_medium":"https:\/\/i.vimeocdn.com\/video\/673602968-1e662a6e26c0b6580fd36236c74ed6b9c285778f63c82cceacdb33f15e703471-d_200x150","video_thumbnail_small":"https:\/\/i.vimeocdn.com\/video\/673602968-1e662a6e26c0b6580fd36236c74ed6b9c285778f63c82cceacdb33f15e703471-d_100x75","yoast_head":"<!-- This site is optimized with the Yoast SEO plugin v23.8 - https:\/\/yoast.com\/wordpress\/plugins\/seo\/ -->\n<title>Fakta p\u00e5 agendan \u2013 Kunskapens g\u00e5va - Kirjastokaista<\/title>\n<meta name=\"description\" content=\"Fakta p\u00e5 agendan \u00e4r en serie vars teman baserar sig p\u00e5 temaveckorna i projektet Bok-Finland 2017. Projektets sista tema \u00e4r \u201dKunskapens g\u00e5va\" \/>\n<meta name=\"robots\" content=\"index, follow, max-snippet:-1, max-image-preview:large, max-video-preview:-1\" \/>\n<link rel=\"canonical\" href=\"http:\/\/www.kirjastokaista.fi\/sv\/faktahommissa-tiedon-lahja\/\" \/>\n<meta property=\"og:locale\" content=\"fi_FI\" \/>\n<meta property=\"og:type\" content=\"article\" \/>\n<meta property=\"og:title\" content=\"Fakta p\u00e5 agendan \u2013 Kunskapens g\u00e5va - Kirjastokaista\" \/>\n<meta property=\"og:description\" content=\"Fakta p\u00e5 agendan \u00e4r en serie vars teman baserar sig p\u00e5 temaveckorna i projektet Bok-Finland 2017. Projektets sista tema \u00e4r \u201dKunskapens g\u00e5va\" \/>\n<meta property=\"og:url\" content=\"http:\/\/www.kirjastokaista.fi\/sv\/faktahommissa-tiedon-lahja\/\" \/>\n<meta property=\"og:site_name\" content=\"Kirjastokaista\" \/>\n<meta property=\"article:published_time\" content=\"2017-12-20T15:39:15+00:00\" \/>\n<meta property=\"article:modified_time\" content=\"2019-12-31T08:51:38+00:00\" \/>\n<meta property=\"og:image\" content=\"https:\/\/www.kirjastokaista.fi\/app\/uploads\/2017\/12\/FAKTAHOMMISSA_OSA8_360.jpg\" \/>\n\t<meta property=\"og:image:width\" content=\"640\" \/>\n\t<meta property=\"og:image:height\" content=\"360\" \/>\n\t<meta property=\"og:image:type\" content=\"image\/jpeg\" \/>\n<meta name=\"author\" content=\"Riitta\" \/>\n<meta name=\"twitter:label1\" content=\"Written by\" \/>\n\t<meta name=\"twitter:data1\" content=\"Riitta\" \/>\n\t<meta name=\"twitter:label2\" content=\"Est. reading time\" \/>\n\t<meta name=\"twitter:data2\" content=\"1 minute\" \/>\n<script type=\"application\/ld+json\" class=\"yoast-schema-graph\">{\"@context\":\"https:\/\/schema.org\",\"@graph\":[{\"@type\":\"WebPage\",\"@id\":\"http:\/\/www.kirjastokaista.fi\/sv\/faktahommissa-tiedon-lahja\/\",\"url\":\"http:\/\/www.kirjastokaista.fi\/sv\/faktahommissa-tiedon-lahja\/\",\"name\":\"Fakta p\u00e5 agendan \u2013 Kunskapens g\u00e5va - Kirjastokaista\",\"isPartOf\":{\"@id\":\"https:\/\/www.kirjastokaista.fi\/#website\"},\"primaryImageOfPage\":{\"@id\":\"http:\/\/www.kirjastokaista.fi\/sv\/faktahommissa-tiedon-lahja\/#primaryimage\"},\"image\":{\"@id\":\"http:\/\/www.kirjastokaista.fi\/sv\/faktahommissa-tiedon-lahja\/#primaryimage\"},\"thumbnailUrl\":\"https:\/\/www.kirjastokaista.fi\/app\/uploads\/2017\/12\/FAKTAHOMMISSA_OSA8_360.jpg\",\"datePublished\":\"2017-12-20T15:39:15+00:00\",\"dateModified\":\"2019-12-31T08:51:38+00:00\",\"author\":{\"@id\":\"https:\/\/www.kirjastokaista.fi\/#\/schema\/person\/8272e6b4176d7a435301d1595244f87e\"},\"description\":\"Fakta p\u00e5 agendan \u00e4r en serie vars teman baserar sig p\u00e5 temaveckorna i projektet Bok-Finland 2017. Projektets sista tema \u00e4r \u201dKunskapens g\u00e5va\",\"breadcrumb\":{\"@id\":\"http:\/\/www.kirjastokaista.fi\/sv\/faktahommissa-tiedon-lahja\/#breadcrumb\"},\"inLanguage\":\"fi\",\"potentialAction\":[{\"@type\":\"ReadAction\",\"target\":[\"http:\/\/www.kirjastokaista.fi\/sv\/faktahommissa-tiedon-lahja\/\"]}]},{\"@type\":\"ImageObject\",\"inLanguage\":\"fi\",\"@id\":\"http:\/\/www.kirjastokaista.fi\/sv\/faktahommissa-tiedon-lahja\/#primaryimage\",\"url\":\"https:\/\/www.kirjastokaista.fi\/app\/uploads\/2017\/12\/FAKTAHOMMISSA_OSA8_360.jpg\",\"contentUrl\":\"https:\/\/www.kirjastokaista.fi\/app\/uploads\/2017\/12\/FAKTAHOMMISSA_OSA8_360.jpg\",\"width\":640,\"height\":360},{\"@type\":\"BreadcrumbList\",\"@id\":\"http:\/\/www.kirjastokaista.fi\/sv\/faktahommissa-tiedon-lahja\/#breadcrumb\",\"itemListElement\":[{\"@type\":\"ListItem\",\"position\":1,\"name\":\"Etusivu\",\"item\":\"https:\/\/www.kirjastokaista.fi\/\"},{\"@type\":\"ListItem\",\"position\":2,\"name\":\"Fakta p\u00e5 agendan \u2013 Kunskapens g\u00e5va\"}]},{\"@type\":\"WebSite\",\"@id\":\"https:\/\/www.kirjastokaista.fi\/#website\",\"url\":\"https:\/\/www.kirjastokaista.fi\/\",\"name\":\"Kirjastokaista\",\"description\":\"LIBRARY CHANNEL \u2014 Library WebTV\",\"potentialAction\":[{\"@type\":\"SearchAction\",\"target\":{\"@type\":\"EntryPoint\",\"urlTemplate\":\"https:\/\/www.kirjastokaista.fi\/?s={search_term_string}\"},\"query-input\":{\"@type\":\"PropertyValueSpecification\",\"valueRequired\":true,\"valueName\":\"search_term_string\"}}],\"inLanguage\":\"fi\"},{\"@type\":\"Person\",\"@id\":\"https:\/\/www.kirjastokaista.fi\/#\/schema\/person\/8272e6b4176d7a435301d1595244f87e\",\"name\":\"Riitta\",\"image\":{\"@type\":\"ImageObject\",\"inLanguage\":\"fi\",\"@id\":\"https:\/\/www.kirjastokaista.fi\/#\/schema\/person\/image\/\",\"url\":\"https:\/\/secure.gravatar.com\/avatar\/5e7bcb38fde8f54416389d5a36025a08?s=96&d=mm&r=g\",\"contentUrl\":\"https:\/\/secure.gravatar.com\/avatar\/5e7bcb38fde8f54416389d5a36025a08?s=96&d=mm&r=g\",\"caption\":\"Riitta\"},\"sameAs\":[\"https:\/\/x.com\/rtaarasti\"],\"url\":\"https:\/\/www.kirjastokaista.fi\/author\/riitta\/\"}]}<\/script>\n<meta property=\"og:video\" content=\"https:\/\/player.vimeo.com\/video\/246982847\" \/>\n<meta property=\"og:video:type\" content=\"text\/html\" \/>\n<meta property=\"og:video:duration\" content=\"562\" \/>\n<meta property=\"og:video:width\" content=\"1920\" \/>\n<meta property=\"og:video:height\" content=\"1080\" \/>\n<meta property=\"ya:ovs:adult\" content=\"false\" \/>\n<meta property=\"ya:ovs:upload_date\" content=\"2017-12-20T15:39:15+00:00\" \/>\n<meta property=\"ya:ovs:allow_embed\" content=\"true\" \/>\n<!-- \/ Yoast SEO plugin. -->","yoast_head_json":{"title":"Fakta p\u00e5 agendan \u2013 Kunskapens g\u00e5va - Kirjastokaista","description":"Fakta p\u00e5 agendan \u00e4r en serie vars teman baserar sig p\u00e5 temaveckorna i projektet Bok-Finland 2017. Projektets sista tema \u00e4r \u201dKunskapens g\u00e5va","robots":{"index":"index","follow":"follow","max-snippet":"max-snippet:-1","max-image-preview":"max-image-preview:large","max-video-preview":"max-video-preview:-1"},"canonical":"http:\/\/www.kirjastokaista.fi\/sv\/faktahommissa-tiedon-lahja\/","og_locale":"fi_FI","og_type":"article","og_title":"Fakta p\u00e5 agendan \u2013 Kunskapens g\u00e5va - Kirjastokaista","og_description":"Fakta p\u00e5 agendan \u00e4r en serie vars teman baserar sig p\u00e5 temaveckorna i projektet Bok-Finland 2017. Projektets sista tema \u00e4r \u201dKunskapens g\u00e5va","og_url":"http:\/\/www.kirjastokaista.fi\/sv\/faktahommissa-tiedon-lahja\/","og_site_name":"Kirjastokaista","article_published_time":"2017-12-20T15:39:15+00:00","article_modified_time":"2019-12-31T08:51:38+00:00","og_image":[{"width":640,"height":360,"url":"https:\/\/www.kirjastokaista.fi\/app\/uploads\/2017\/12\/FAKTAHOMMISSA_OSA8_360.jpg","type":"image\/jpeg"}],"author":"Riitta","twitter_misc":{"Written by":"Riitta","Est. reading time":"1 minute"},"schema":{"@context":"https:\/\/schema.org","@graph":[{"@type":"WebPage","@id":"http:\/\/www.kirjastokaista.fi\/sv\/faktahommissa-tiedon-lahja\/","url":"http:\/\/www.kirjastokaista.fi\/sv\/faktahommissa-tiedon-lahja\/","name":"Fakta p\u00e5 agendan \u2013 Kunskapens g\u00e5va - Kirjastokaista","isPartOf":{"@id":"https:\/\/www.kirjastokaista.fi\/#website"},"primaryImageOfPage":{"@id":"http:\/\/www.kirjastokaista.fi\/sv\/faktahommissa-tiedon-lahja\/#primaryimage"},"image":{"@id":"http:\/\/www.kirjastokaista.fi\/sv\/faktahommissa-tiedon-lahja\/#primaryimage"},"thumbnailUrl":"https:\/\/www.kirjastokaista.fi\/app\/uploads\/2017\/12\/FAKTAHOMMISSA_OSA8_360.jpg","datePublished":"2017-12-20T15:39:15+00:00","dateModified":"2019-12-31T08:51:38+00:00","author":{"@id":"https:\/\/www.kirjastokaista.fi\/#\/schema\/person\/8272e6b4176d7a435301d1595244f87e"},"description":"Fakta p\u00e5 agendan \u00e4r en serie vars teman baserar sig p\u00e5 temaveckorna i projektet Bok-Finland 2017. Projektets sista tema \u00e4r \u201dKunskapens g\u00e5va","breadcrumb":{"@id":"http:\/\/www.kirjastokaista.fi\/sv\/faktahommissa-tiedon-lahja\/#breadcrumb"},"inLanguage":"fi","potentialAction":[{"@type":"ReadAction","target":["http:\/\/www.kirjastokaista.fi\/sv\/faktahommissa-tiedon-lahja\/"]}]},{"@type":"ImageObject","inLanguage":"fi","@id":"http:\/\/www.kirjastokaista.fi\/sv\/faktahommissa-tiedon-lahja\/#primaryimage","url":"https:\/\/www.kirjastokaista.fi\/app\/uploads\/2017\/12\/FAKTAHOMMISSA_OSA8_360.jpg","contentUrl":"https:\/\/www.kirjastokaista.fi\/app\/uploads\/2017\/12\/FAKTAHOMMISSA_OSA8_360.jpg","width":640,"height":360},{"@type":"BreadcrumbList","@id":"http:\/\/www.kirjastokaista.fi\/sv\/faktahommissa-tiedon-lahja\/#breadcrumb","itemListElement":[{"@type":"ListItem","position":1,"name":"Etusivu","item":"https:\/\/www.kirjastokaista.fi\/"},{"@type":"ListItem","position":2,"name":"Fakta p\u00e5 agendan \u2013 Kunskapens g\u00e5va"}]},{"@type":"WebSite","@id":"https:\/\/www.kirjastokaista.fi\/#website","url":"https:\/\/www.kirjastokaista.fi\/","name":"Kirjastokaista","description":"LIBRARY CHANNEL \u2014 Library WebTV","potentialAction":[{"@type":"SearchAction","target":{"@type":"EntryPoint","urlTemplate":"https:\/\/www.kirjastokaista.fi\/?s={search_term_string}"},"query-input":{"@type":"PropertyValueSpecification","valueRequired":true,"valueName":"search_term_string"}}],"inLanguage":"fi"},{"@type":"Person","@id":"https:\/\/www.kirjastokaista.fi\/#\/schema\/person\/8272e6b4176d7a435301d1595244f87e","name":"Riitta","image":{"@type":"ImageObject","inLanguage":"fi","@id":"https:\/\/www.kirjastokaista.fi\/#\/schema\/person\/image\/","url":"https:\/\/secure.gravatar.com\/avatar\/5e7bcb38fde8f54416389d5a36025a08?s=96&d=mm&r=g","contentUrl":"https:\/\/secure.gravatar.com\/avatar\/5e7bcb38fde8f54416389d5a36025a08?s=96&d=mm&r=g","caption":"Riitta"},"sameAs":["https:\/\/x.com\/rtaarasti"],"url":"https:\/\/www.kirjastokaista.fi\/author\/riitta\/"}]},"og_video":"https:\/\/player.vimeo.com\/video\/246982847","og_video_type":"text\/html","og_video_duration":"562","og_video_width":"1920","og_video_height":"1080","ya_ovs_adult":"false","ya_ovs_upload_date":"2017-12-20T15:39:15+00:00","ya_ovs_allow_embed":"true"},"_links":{"self":[{"href":"https:\/\/www.kirjastokaista.fi\/wp-json\/wp\/v2\/posts\/374870","targetHints":{"allow":["GET"]}}],"collection":[{"href":"https:\/\/www.kirjastokaista.fi\/wp-json\/wp\/v2\/posts"}],"about":[{"href":"https:\/\/www.kirjastokaista.fi\/wp-json\/wp\/v2\/types\/post"}],"author":[{"embeddable":true,"href":"https:\/\/www.kirjastokaista.fi\/wp-json\/wp\/v2\/users\/3"}],"replies":[{"embeddable":true,"href":"https:\/\/www.kirjastokaista.fi\/wp-json\/wp\/v2\/comments?post=374870"}],"version-history":[{"count":4,"href":"https:\/\/www.kirjastokaista.fi\/wp-json\/wp\/v2\/posts\/374870\/revisions"}],"predecessor-version":[{"id":387317,"href":"https:\/\/www.kirjastokaista.fi\/wp-json\/wp\/v2\/posts\/374870\/revisions\/387317"}],"wp:featuredmedia":[{"embeddable":true,"href":"https:\/\/www.kirjastokaista.fi\/wp-json\/wp\/v2\/media\/374714"}],"wp:attachment":[{"href":"https:\/\/www.kirjastokaista.fi\/wp-json\/wp\/v2\/media?parent=374870"}],"wp:term":[{"taxonomy":"category","embeddable":true,"href":"https:\/\/www.kirjastokaista.fi\/wp-json\/wp\/v2\/categories?post=374870"},{"taxonomy":"post_tag","embeddable":true,"href":"https:\/\/www.kirjastokaista.fi\/wp-json\/wp\/v2\/tags?post=374870"}],"curies":[{"name":"wp","href":"https:\/\/api.w.org\/{rel}","templated":true}]}}