{"id":372333,"date":"2017-07-03T12:00:42","date_gmt":"2017-07-03T09:00:42","guid":{"rendered":"http:\/\/www.kirjastokaista.fi\/faktahommissa-oman-kylan-kirjat\/"},"modified":"2019-12-31T09:49:28","modified_gmt":"2019-12-31T07:49:28","slug":"faktahommissa-oman-kylan-kirjat","status":"publish","type":"post","link":"https:\/\/www.kirjastokaista.fi\/sv\/faktahommissa-oman-kylan-kirjat\/","title":{"rendered":"Fakta p\u00e5 agenda: Den egna byns b\u00f6cker"},"content":{"rendered":"<p>Fakta p\u00e5 agendan \u00e4r en serie vars teman baserar sig p\u00e5 temaveckorna i projektet Bok-Finland 2017. Seriens programledare Jani Nieminen tr\u00e4ffar under \u00e5ret olika fackboksf\u00f6rfattare med vilka han l\u00e4ttsamt och humoristiskt&nbsp; diskuterar facklitteratur. Videorna \u00e4r finskspr\u00e5kiga, men har svenska undertexter.<br \/>\n<!--more--><\/p>\n<p>Projektet Bok-Finlands sjunde tema \u00e4r \u201dDen egna byns b\u00f6cker\u201d. I den h\u00e4r delen av Fakta p\u00e5 agendan bes\u00f6ker v\u00e5r v\u00e4rd Jani Nieminen den gamla yllefabriken i Hyvinge f\u00f6r att bekanta sig med traktens f\u00e4rgstarka historia tillsammans med f\u00f6rfattaren Anu Lahtinen.<\/p>\n<p><a style=\"font-size: 1rem;\" href=\"http:\/\/www.kirjastokaista.fi\/app\/uploads\/2017\/07\/hyvat_pahat_hyvinkaalaiset.jpg\"><img loading=\"lazy\" decoding=\"async\" class=\"alignnone size-medium wp-image-372232\" src=\"http:\/\/www.kirjastokaista.fi\/app\/uploads\/2017\/07\/hyvat_pahat_hyvinkaalaiset-241x300.jpg\" alt=\"Anu Lahtinen: Hyv\u00e4t, pahat ja hyvink\u00e4\u00e4l\u00e4iset \" width=\"241\" height=\"300\" srcset=\"https:\/\/www.kirjastokaista.fi\/app\/uploads\/2017\/07\/hyvat_pahat_hyvinkaalaiset-241x300.jpg 241w, https:\/\/www.kirjastokaista.fi\/app\/uploads\/2017\/07\/hyvat_pahat_hyvinkaalaiset.jpg 280w\" sizes=\"auto, (max-width: 241px) 100vw, 241px\" \/><\/a><\/p>\n<p>Bok-Finland&nbsp; 2017 \u00e4r en del av Finlands 100 \u2013 \u00e5rsjubileum.&nbsp; Bok-Finland ordnar evenemang och temaveckor under hela \u00e5ret. Projektet fokuserar speciellt p\u00e5 inhemska fackb\u00f6cker.<\/p>\n<p>Mer information:<br \/>\n<a href=\"http:\/\/www.hyvinkaa.fi\/kaupunginmuseo\/hankkeet\/hyvinkaan-seudun-historia--hanke\/\">Boken \u201dHyv\u00e4t, pahat ja Hyvink\u00e4\u00e4l\u00e4iset\u201d p\u00e5 Hyvinge stads sidor<\/a> (p\u00e5 finska)<br \/>\n<a href=\"http:\/\/www.kirja-suomi.fi\/sv\/framsida\/\">Bok-Finland 2017<\/a><br \/>\n<a href=\"http:\/\/www.suomentietokirjailijat.fi\/se\/\">Finlands facklitter\u00e4ra f\u00f6rfattare r.f.&nbsp;<\/a><\/p>\n<p>F\u00f6rfattarg\u00e4st: Anu Lahtinen<br \/>\nRedakt\u00f6r: Jani Nieminen<br \/>\nFilm: Panu Somerma ja Mikko Helander<br \/>\nKlipp: Mikko Helander<br \/>\nGrafik: Panu Somerma<br \/>\nMusik: Tuomas Kyt\u00f6niemi<br \/>\n\u00d6vers\u00e4ttning: Anna-Maria Malm<br \/>\nProducent: Riitta Taarasti<br \/>\nProduktion: Kirjastokaista \u2013 Kirjastot.fi, 2017<\/p>\n","protected":false},"excerpt":{"rendered":"<p>Fakta p\u00e5 agendan \u00e4r en serie vars teman baserar sig p\u00e5 temaveckorna i projektet Bok-Finland 2017. Seriens programledare Jani Nieminen tr\u00e4ffar under \u00e5ret olika fackboksf\u00f6rfattare med vilka han l\u00e4ttsamt och [&hellip;]<\/p>\n","protected":false},"author":5,"featured_media":371871,"comment_status":"open","ping_status":"closed","sticky":false,"template":"","format":"video","meta":{"footnotes":""},"categories":[18340,3101],"tags":[18825,337,18534,18535,18536,18736],"class_list":["post-372333","post","type-post","status-publish","format-video","has-post-thumbnail","hentry","category-fakta-pa-agendan","category-litteratur-och-kultur","tag-hembygd","tag-nieminen_jani","tag-fakta-pa-agendan","tag-facklitteratur","tag-bok-finland-2017","tag-lahtinen-anu","post_format-post-format-video"],"youtube_id":"","vimeo_id":"222556347","duration":"316","number_of_plays_sum":"8191","videoembed_videoembed":"<iframe src=\"https:\/\/player.vimeo.com\/video\/222556347\" width=\"550\" height=\"315\" frameborder=\"0\" webkitAllowFullScreen mozallowfullscreen allowFullScreen><\/iframe>","video_language":"suomi","video_thumbnail_large":"https:\/\/i.vimeocdn.com\/video\/641324629-b265e9d3d7837d38c8679022ce270c10a50ffb44bca985b491049b85e15a2f33-d_640x360","video_thumbnail_medium":"https:\/\/i.vimeocdn.com\/video\/641324629-b265e9d3d7837d38c8679022ce270c10a50ffb44bca985b491049b85e15a2f33-d_200x150","video_thumbnail_small":"https:\/\/i.vimeocdn.com\/video\/641324629-b265e9d3d7837d38c8679022ce270c10a50ffb44bca985b491049b85e15a2f33-d_100x75","yoast_head":"<!-- This site is optimized with the Yoast SEO plugin v23.8 - https:\/\/yoast.com\/wordpress\/plugins\/seo\/ -->\n<title>Fakta p\u00e5 agenda: Den egna byns b\u00f6cker - Kirjastokaista<\/title>\n<meta name=\"description\" content=\"Jani Nieminen vierailee Hyvink\u00e4\u00e4n vanhalla Villatehtaalla tutustumassa alueen v\u00e4rikk\u00e4\u00e4seen historiaan seuranaan kirjailija Anu Lahtinen.\" \/>\n<meta name=\"robots\" content=\"index, follow, max-snippet:-1, max-image-preview:large, max-video-preview:-1\" \/>\n<link rel=\"canonical\" href=\"http:\/\/www.kirjastokaista.fi\/sv\/faktahommissa-oman-kylan-kirjat\/\" \/>\n<meta property=\"og:locale\" content=\"fi_FI\" \/>\n<meta property=\"og:type\" content=\"article\" \/>\n<meta property=\"og:title\" content=\"Fakta p\u00e5 agenda: Den egna byns b\u00f6cker - Kirjastokaista\" \/>\n<meta property=\"og:description\" content=\"Jani Nieminen vierailee Hyvink\u00e4\u00e4n vanhalla Villatehtaalla tutustumassa alueen v\u00e4rikk\u00e4\u00e4seen historiaan seuranaan kirjailija Anu Lahtinen.\" \/>\n<meta property=\"og:url\" content=\"http:\/\/www.kirjastokaista.fi\/sv\/faktahommissa-oman-kylan-kirjat\/\" \/>\n<meta property=\"og:site_name\" content=\"Kirjastokaista\" \/>\n<meta property=\"article:published_time\" content=\"2017-07-03T09:00:42+00:00\" \/>\n<meta property=\"article:modified_time\" content=\"2019-12-31T07:49:28+00:00\" \/>\n<meta property=\"og:image\" content=\"https:\/\/www.kirjastokaista.fi\/app\/uploads\/2017\/06\/20170510_faktahommissa_osa6_esikatselu_360.jpg\" \/>\n\t<meta property=\"og:image:width\" content=\"640\" \/>\n\t<meta property=\"og:image:height\" content=\"360\" \/>\n\t<meta property=\"og:image:type\" content=\"image\/jpeg\" \/>\n<meta name=\"author\" content=\"Panu\" \/>\n<meta name=\"twitter:label1\" content=\"Written by\" \/>\n\t<meta name=\"twitter:data1\" content=\"Panu\" \/>\n\t<meta name=\"twitter:label2\" content=\"Est. reading time\" \/>\n\t<meta name=\"twitter:data2\" content=\"1 minute\" \/>\n<script type=\"application\/ld+json\" class=\"yoast-schema-graph\">{\"@context\":\"https:\/\/schema.org\",\"@graph\":[{\"@type\":\"WebPage\",\"@id\":\"http:\/\/www.kirjastokaista.fi\/sv\/faktahommissa-oman-kylan-kirjat\/\",\"url\":\"http:\/\/www.kirjastokaista.fi\/sv\/faktahommissa-oman-kylan-kirjat\/\",\"name\":\"Fakta p\u00e5 agenda: Den egna byns b\u00f6cker - Kirjastokaista\",\"isPartOf\":{\"@id\":\"https:\/\/www.kirjastokaista.fi\/#website\"},\"primaryImageOfPage\":{\"@id\":\"http:\/\/www.kirjastokaista.fi\/sv\/faktahommissa-oman-kylan-kirjat\/#primaryimage\"},\"image\":{\"@id\":\"http:\/\/www.kirjastokaista.fi\/sv\/faktahommissa-oman-kylan-kirjat\/#primaryimage\"},\"thumbnailUrl\":\"https:\/\/www.kirjastokaista.fi\/app\/uploads\/2017\/06\/20170510_faktahommissa_osa6_esikatselu_360.jpg\",\"datePublished\":\"2017-07-03T09:00:42+00:00\",\"dateModified\":\"2019-12-31T07:49:28+00:00\",\"author\":{\"@id\":\"https:\/\/www.kirjastokaista.fi\/#\/schema\/person\/d5e39649e1300bd3bf33a22b2c9fcc6a\"},\"description\":\"Jani Nieminen vierailee Hyvink\u00e4\u00e4n vanhalla Villatehtaalla tutustumassa alueen v\u00e4rikk\u00e4\u00e4seen historiaan seuranaan kirjailija Anu Lahtinen.\",\"breadcrumb\":{\"@id\":\"http:\/\/www.kirjastokaista.fi\/sv\/faktahommissa-oman-kylan-kirjat\/#breadcrumb\"},\"inLanguage\":\"fi\",\"potentialAction\":[{\"@type\":\"ReadAction\",\"target\":[\"http:\/\/www.kirjastokaista.fi\/sv\/faktahommissa-oman-kylan-kirjat\/\"]}]},{\"@type\":\"ImageObject\",\"inLanguage\":\"fi\",\"@id\":\"http:\/\/www.kirjastokaista.fi\/sv\/faktahommissa-oman-kylan-kirjat\/#primaryimage\",\"url\":\"https:\/\/www.kirjastokaista.fi\/app\/uploads\/2017\/06\/20170510_faktahommissa_osa6_esikatselu_360.jpg\",\"contentUrl\":\"https:\/\/www.kirjastokaista.fi\/app\/uploads\/2017\/06\/20170510_faktahommissa_osa6_esikatselu_360.jpg\",\"width\":640,\"height\":360},{\"@type\":\"BreadcrumbList\",\"@id\":\"http:\/\/www.kirjastokaista.fi\/sv\/faktahommissa-oman-kylan-kirjat\/#breadcrumb\",\"itemListElement\":[{\"@type\":\"ListItem\",\"position\":1,\"name\":\"Etusivu\",\"item\":\"https:\/\/www.kirjastokaista.fi\/\"},{\"@type\":\"ListItem\",\"position\":2,\"name\":\"Fakta p\u00e5 agenda: Den egna byns b\u00f6cker\"}]},{\"@type\":\"WebSite\",\"@id\":\"https:\/\/www.kirjastokaista.fi\/#website\",\"url\":\"https:\/\/www.kirjastokaista.fi\/\",\"name\":\"Kirjastokaista\",\"description\":\"LIBRARY CHANNEL \u2014 Library WebTV\",\"potentialAction\":[{\"@type\":\"SearchAction\",\"target\":{\"@type\":\"EntryPoint\",\"urlTemplate\":\"https:\/\/www.kirjastokaista.fi\/?s={search_term_string}\"},\"query-input\":{\"@type\":\"PropertyValueSpecification\",\"valueRequired\":true,\"valueName\":\"search_term_string\"}}],\"inLanguage\":\"fi\"},{\"@type\":\"Person\",\"@id\":\"https:\/\/www.kirjastokaista.fi\/#\/schema\/person\/d5e39649e1300bd3bf33a22b2c9fcc6a\",\"name\":\"Panu\",\"image\":{\"@type\":\"ImageObject\",\"inLanguage\":\"fi\",\"@id\":\"https:\/\/www.kirjastokaista.fi\/#\/schema\/person\/image\/\",\"url\":\"https:\/\/secure.gravatar.com\/avatar\/b082b90357799e9da6e921489051bcfa?s=96&d=mm&r=g\",\"contentUrl\":\"https:\/\/secure.gravatar.com\/avatar\/b082b90357799e9da6e921489051bcfa?s=96&d=mm&r=g\",\"caption\":\"Panu\"},\"url\":\"https:\/\/www.kirjastokaista.fi\/author\/panu\/\"}]}<\/script>\n<meta property=\"og:video\" content=\"https:\/\/player.vimeo.com\/video\/222556347\" \/>\n<meta property=\"og:video:type\" content=\"text\/html\" \/>\n<meta property=\"og:video:duration\" content=\"316\" \/>\n<meta property=\"og:video:width\" content=\"1920\" \/>\n<meta property=\"og:video:height\" content=\"1080\" \/>\n<meta property=\"ya:ovs:adult\" content=\"false\" \/>\n<meta property=\"ya:ovs:upload_date\" content=\"2017-07-03T09:00:42+00:00\" \/>\n<meta property=\"ya:ovs:allow_embed\" content=\"true\" \/>\n<!-- \/ Yoast SEO plugin. -->","yoast_head_json":{"title":"Fakta p\u00e5 agenda: Den egna byns b\u00f6cker - Kirjastokaista","description":"Jani Nieminen vierailee Hyvink\u00e4\u00e4n vanhalla Villatehtaalla tutustumassa alueen v\u00e4rikk\u00e4\u00e4seen historiaan seuranaan kirjailija Anu Lahtinen.","robots":{"index":"index","follow":"follow","max-snippet":"max-snippet:-1","max-image-preview":"max-image-preview:large","max-video-preview":"max-video-preview:-1"},"canonical":"http:\/\/www.kirjastokaista.fi\/sv\/faktahommissa-oman-kylan-kirjat\/","og_locale":"fi_FI","og_type":"article","og_title":"Fakta p\u00e5 agenda: Den egna byns b\u00f6cker - Kirjastokaista","og_description":"Jani Nieminen vierailee Hyvink\u00e4\u00e4n vanhalla Villatehtaalla tutustumassa alueen v\u00e4rikk\u00e4\u00e4seen historiaan seuranaan kirjailija Anu Lahtinen.","og_url":"http:\/\/www.kirjastokaista.fi\/sv\/faktahommissa-oman-kylan-kirjat\/","og_site_name":"Kirjastokaista","article_published_time":"2017-07-03T09:00:42+00:00","article_modified_time":"2019-12-31T07:49:28+00:00","og_image":[{"width":640,"height":360,"url":"https:\/\/www.kirjastokaista.fi\/app\/uploads\/2017\/06\/20170510_faktahommissa_osa6_esikatselu_360.jpg","type":"image\/jpeg"}],"author":"Panu","twitter_misc":{"Written by":"Panu","Est. reading time":"1 minute"},"schema":{"@context":"https:\/\/schema.org","@graph":[{"@type":"WebPage","@id":"http:\/\/www.kirjastokaista.fi\/sv\/faktahommissa-oman-kylan-kirjat\/","url":"http:\/\/www.kirjastokaista.fi\/sv\/faktahommissa-oman-kylan-kirjat\/","name":"Fakta p\u00e5 agenda: Den egna byns b\u00f6cker - Kirjastokaista","isPartOf":{"@id":"https:\/\/www.kirjastokaista.fi\/#website"},"primaryImageOfPage":{"@id":"http:\/\/www.kirjastokaista.fi\/sv\/faktahommissa-oman-kylan-kirjat\/#primaryimage"},"image":{"@id":"http:\/\/www.kirjastokaista.fi\/sv\/faktahommissa-oman-kylan-kirjat\/#primaryimage"},"thumbnailUrl":"https:\/\/www.kirjastokaista.fi\/app\/uploads\/2017\/06\/20170510_faktahommissa_osa6_esikatselu_360.jpg","datePublished":"2017-07-03T09:00:42+00:00","dateModified":"2019-12-31T07:49:28+00:00","author":{"@id":"https:\/\/www.kirjastokaista.fi\/#\/schema\/person\/d5e39649e1300bd3bf33a22b2c9fcc6a"},"description":"Jani Nieminen vierailee Hyvink\u00e4\u00e4n vanhalla Villatehtaalla tutustumassa alueen v\u00e4rikk\u00e4\u00e4seen historiaan seuranaan kirjailija Anu Lahtinen.","breadcrumb":{"@id":"http:\/\/www.kirjastokaista.fi\/sv\/faktahommissa-oman-kylan-kirjat\/#breadcrumb"},"inLanguage":"fi","potentialAction":[{"@type":"ReadAction","target":["http:\/\/www.kirjastokaista.fi\/sv\/faktahommissa-oman-kylan-kirjat\/"]}]},{"@type":"ImageObject","inLanguage":"fi","@id":"http:\/\/www.kirjastokaista.fi\/sv\/faktahommissa-oman-kylan-kirjat\/#primaryimage","url":"https:\/\/www.kirjastokaista.fi\/app\/uploads\/2017\/06\/20170510_faktahommissa_osa6_esikatselu_360.jpg","contentUrl":"https:\/\/www.kirjastokaista.fi\/app\/uploads\/2017\/06\/20170510_faktahommissa_osa6_esikatselu_360.jpg","width":640,"height":360},{"@type":"BreadcrumbList","@id":"http:\/\/www.kirjastokaista.fi\/sv\/faktahommissa-oman-kylan-kirjat\/#breadcrumb","itemListElement":[{"@type":"ListItem","position":1,"name":"Etusivu","item":"https:\/\/www.kirjastokaista.fi\/"},{"@type":"ListItem","position":2,"name":"Fakta p\u00e5 agenda: Den egna byns b\u00f6cker"}]},{"@type":"WebSite","@id":"https:\/\/www.kirjastokaista.fi\/#website","url":"https:\/\/www.kirjastokaista.fi\/","name":"Kirjastokaista","description":"LIBRARY CHANNEL \u2014 Library WebTV","potentialAction":[{"@type":"SearchAction","target":{"@type":"EntryPoint","urlTemplate":"https:\/\/www.kirjastokaista.fi\/?s={search_term_string}"},"query-input":{"@type":"PropertyValueSpecification","valueRequired":true,"valueName":"search_term_string"}}],"inLanguage":"fi"},{"@type":"Person","@id":"https:\/\/www.kirjastokaista.fi\/#\/schema\/person\/d5e39649e1300bd3bf33a22b2c9fcc6a","name":"Panu","image":{"@type":"ImageObject","inLanguage":"fi","@id":"https:\/\/www.kirjastokaista.fi\/#\/schema\/person\/image\/","url":"https:\/\/secure.gravatar.com\/avatar\/b082b90357799e9da6e921489051bcfa?s=96&d=mm&r=g","contentUrl":"https:\/\/secure.gravatar.com\/avatar\/b082b90357799e9da6e921489051bcfa?s=96&d=mm&r=g","caption":"Panu"},"url":"https:\/\/www.kirjastokaista.fi\/author\/panu\/"}]},"og_video":"https:\/\/player.vimeo.com\/video\/222556347","og_video_type":"text\/html","og_video_duration":"316","og_video_width":"1920","og_video_height":"1080","ya_ovs_adult":"false","ya_ovs_upload_date":"2017-07-03T09:00:42+00:00","ya_ovs_allow_embed":"true"},"_links":{"self":[{"href":"https:\/\/www.kirjastokaista.fi\/wp-json\/wp\/v2\/posts\/372333","targetHints":{"allow":["GET"]}}],"collection":[{"href":"https:\/\/www.kirjastokaista.fi\/wp-json\/wp\/v2\/posts"}],"about":[{"href":"https:\/\/www.kirjastokaista.fi\/wp-json\/wp\/v2\/types\/post"}],"author":[{"embeddable":true,"href":"https:\/\/www.kirjastokaista.fi\/wp-json\/wp\/v2\/users\/5"}],"replies":[{"embeddable":true,"href":"https:\/\/www.kirjastokaista.fi\/wp-json\/wp\/v2\/comments?post=372333"}],"version-history":[{"count":3,"href":"https:\/\/www.kirjastokaista.fi\/wp-json\/wp\/v2\/posts\/372333\/revisions"}],"predecessor-version":[{"id":387294,"href":"https:\/\/www.kirjastokaista.fi\/wp-json\/wp\/v2\/posts\/372333\/revisions\/387294"}],"wp:featuredmedia":[{"embeddable":true,"href":"https:\/\/www.kirjastokaista.fi\/wp-json\/wp\/v2\/media\/371871"}],"wp:attachment":[{"href":"https:\/\/www.kirjastokaista.fi\/wp-json\/wp\/v2\/media?parent=372333"}],"wp:term":[{"taxonomy":"category","embeddable":true,"href":"https:\/\/www.kirjastokaista.fi\/wp-json\/wp\/v2\/categories?post=372333"},{"taxonomy":"post_tag","embeddable":true,"href":"https:\/\/www.kirjastokaista.fi\/wp-json\/wp\/v2\/tags?post=372333"}],"curies":[{"name":"wp","href":"https:\/\/api.w.org\/{rel}","templated":true}]}}