{"id":371285,"date":"2017-01-31T10:00:24","date_gmt":"2017-01-31T08:00:24","guid":{"rendered":"http:\/\/www.kirjastokaista.fi\/lukukoira-sylvi-ja-koko-kansa-lukee-hela-folket-laser-2017\/"},"modified":"2020-05-04T16:31:36","modified_gmt":"2020-05-04T13:31:36","slug":"lukukoira-sylvi-ja-koko-kansa-lukee-hela-folket-laser-2017","status":"publish","type":"post","link":"https:\/\/www.kirjastokaista.fi\/sv\/lukukoira-sylvi-ja-koko-kansa-lukee-hela-folket-laser-2017\/","title":{"rendered":"L\u00e4shunden Sylvi och Hela folket l\u00e4ser 2017"},"content":{"rendered":"<p>L\u00e4shunden\u00a0Sylvi deltar i kampanjen Hela folket l\u00e4ser. Har du l\u00e4st en e-bok? Koko kansa lukee \u2013 Hela folket l\u00e4ser 6.-26.2.2017<!--more--><\/p>\n<p>Hela folket l\u00e4ser under bibliotekens, Schildts &amp; S\u00f6derstr\u00f6ms, Otavas och Tammis l\u00e4skampanj den 6.-26.2.2017 d\u00e5 alla kan prova p\u00e5 hur l\u00e4tt det \u00e4r att l\u00e4sa e-b\u00f6cker. Under tre veckors tid kan man utan begr\u00e4nsningar l\u00e5na\u00a0bl.a.\u00a0Malin Klingenbergs och Joanna Vikstr\u00f6m Ekl\u00f6vs\u00a0bok\u00a0Den falska Bernice\u00a0och \u00a0Paula Noronens\u00a0bok\u00a0Supermarsu palaa tulevaisuuteen\u00a0i eBiblioteket.<\/p>\n<p>Du kan l\u00e4sa b\u00f6ckerna p\u00e5 n\u00e4tet i Ellibs anv\u00e4ndargr\u00e4nssnitt eller ladda ner b\u00f6ckerna p\u00e5 din egen dator, surfplatta eller smarttelefon. Du beh\u00f6ver inte h\u00e5lla reda p\u00e5 \u00e5terl\u00e4mningsdatumet, eftersom b\u00f6ckerna returneras automatiskt d\u00e5 l\u00e5netiden tagit slut.<\/p>\n<p>Kampanjb\u00f6ckerna hittar du i februari i de allm\u00e4nna bibliotekekens gemensamma e-bibliotek p\u00e5 adressen ekirjasto.kirjastot.fi. I eBiblioteket hittar du ocks\u00e5 annat att l\u00e4sa, se och h\u00f6ra p\u00e5.<\/p>\n<p>F\u00f6r att l\u00e5na b\u00f6ckerna beh\u00f6ver du bara ditt eget biblioteks l\u00e5nekort, n\u00e4tf\u00f6rbindelse och en apparat l\u00e4mpad f\u00f6r l\u00e4sning. Du kan l\u00e5na b\u00f6ckerna under hela kampanjen den\u00a0<span data-quickedit-field-id=\"node\/47314\/title\/fi\/full\">6.-26.2.2017<\/span>.<\/p>\n<p>B\u00f6ckerna i \u00a0eBiblioteket:<\/p>\n<ul>\n<li><a href=\"http:\/\/ekirjasto.kirjastot.fi\/ekirjat\/supermarsu-palaa-tulevaisuuteen\">Paula Noronen: Supermarsu palaa tulevaisuuteen<\/a><\/li>\n<\/ul>\n<p>Se\u00a0och l\u00e4s mer:<br \/>\n<a href=\"http:\/\/www.biblioteken.fi\/helafolketlaser\">Information om kampanjen Hela folket l\u00e4ser p\u00e5 Biblioteken.fi<\/a><br \/>\n<a href=\"http:\/\/www.kirjastokaista.fi\/sv\/?s=hela+folket&amp;submit=S%C3%B6k&amp;lang=sv\">Tidigare \u00e5rs kampanjvideor<\/a><br \/>\n<a href=\"http:\/\/kirjastokaista.fi\/lukukoira-sylvin-vlogi\">Alla l\u00e4shunden Sylvis videor<\/a>\u00a0(p\u00e5 finska)<a href=\"https:\/\/kuopio.finna.fi\/FeedContent\/sylvi\/0\"><br \/>\n<\/a><a href=\"http:\/\/kuonokirjassa.blogspot.fi\/\">L\u00e4shunden\u00a0Sylvis Kuono kirjassa -blog<\/a>\u00a0(p\u00e5 finska)<br \/>\n<a href=\"http:\/\/www.youtube.com\/playlist?list=PLRPcHe_SVu47dLVJGS_gwl3CLV3F_eQqz\">L\u00e4shunden\u00a0Sylvis vlog\u00a0i YouTubessa<\/a>\u00a0(p\u00e5 finska)<br \/>\n<a href=\"http:\/\/vimeopro.com\/kirjastokaista\/lukukoira-sylvin-vlogi\">L\u00e4shunden\u00a0Sylvis vlog\u00a0i Vimeo<\/a>\u00a0(p\u00e5 finska)<br \/>\n<a href=\"https:\/\/www.facebook.com\/watch\/?v=1661130647247334\">Videon p\u00e5 Bibliotekskanalens Facebook<\/a><\/p>\n<p>Manus: Liisa Rossi<br \/>\nSk\u00e5despelare: Nerea Oruetxebarria Kekarainen ja Lukukoira Sylvi<br \/>\nFilm: Raimo Pesonen<br \/>\nVideo: Mikko Helander<br \/>\nGrafik: Harri Oksanen<br \/>\nMusik:\u00a0<a href=\"http:\/\/www.purple-planet.com\/\">http:\/\/www.purple-planet.com<\/a><br \/>\nProducent: Riitta Taarasti<br \/>\nProduktion: Kuopion kaupunginkirjasto ja Kirjastokaista \u2013 Kirjastot.fi, 2017<\/p>\n","protected":false},"excerpt":{"rendered":"<p>L\u00e4shunden\u00a0Sylvi deltar i kampanjen Hela folket l\u00e4ser. Har du l\u00e4st en e-bok? Koko kansa lukee \u2013 Hela folket l\u00e4ser 6.-26.2.2017<\/p>\n","protected":false},"author":3,"featured_media":331545,"comment_status":"open","ping_status":"closed","sticky":false,"template":"","format":"video","meta":{"footnotes":""},"categories":[19365,3101,3107],"tags":[19461,5817,5857,18591],"class_list":["post-371285","post","type-post","status-publish","format-video","has-post-thumbnail","hentry","category-lashunden-sylvi","category-litteratur-och-kultur","category-laskampanj","tag-hela-folket-laser","tag-e-bocker","tag-lasning","tag-lashunden-sylvi","post_format-post-format-video"],"youtube_id":"","vimeo_id":"200991978","duration":"55","number_of_plays_sum":"8903","videoembed_videoembed":"<iframe src=\"https:\/\/player.vimeo.com\/video\/200991978\" width=\"550\" height=\"315\" frameborder=\"0\" webkitAllowFullScreen mozallowfullscreen allowFullScreen><\/iframe>","video_language":"svenska","video_thumbnail_large":"https:\/\/i.vimeocdn.com\/video\/615532295-4421305f69aebbd6d09bf8a3aeec5baac3c41cfdc967e919511105de55ddb71c-d_640x360","video_thumbnail_medium":"https:\/\/i.vimeocdn.com\/video\/615532295-4421305f69aebbd6d09bf8a3aeec5baac3c41cfdc967e919511105de55ddb71c-d_200x150","video_thumbnail_small":"https:\/\/i.vimeocdn.com\/video\/615532295-4421305f69aebbd6d09bf8a3aeec5baac3c41cfdc967e919511105de55ddb71c-d_100x75","yoast_head":"<!-- This site is optimized with the Yoast SEO plugin v23.8 - https:\/\/yoast.com\/wordpress\/plugins\/seo\/ -->\n<title>L\u00e4shunden Sylvi och Hela folket l\u00e4ser 2017 - Kirjastokaista<\/title>\n<meta name=\"description\" content=\"Lukukoira Sylvi on mukana kirjastojen yhteisess\u00e4 lukukampanjassa Koko kansa lukee \u2013 Hela folket l\u00e4ser 2017. Oletko sin\u00e4 lukenut e-kirjaa?\" \/>\n<meta name=\"robots\" content=\"index, follow, max-snippet:-1, max-image-preview:large, max-video-preview:-1\" \/>\n<link rel=\"canonical\" href=\"http:\/\/www.kirjastokaista.fi\/sv\/lukukoira-sylvi-ja-koko-kansa-lukee-hela-folket-laser-2017\/\" \/>\n<meta property=\"og:locale\" content=\"fi_FI\" \/>\n<meta property=\"og:type\" content=\"article\" \/>\n<meta property=\"og:title\" content=\"L\u00e4shunden Sylvi och Hela folket l\u00e4ser 2017 - Kirjastokaista\" \/>\n<meta property=\"og:description\" content=\"Lukukoira Sylvi on mukana kirjastojen yhteisess\u00e4 lukukampanjassa Koko kansa lukee \u2013 Hela folket l\u00e4ser 2017. Oletko sin\u00e4 lukenut e-kirjaa?\" \/>\n<meta property=\"og:url\" content=\"http:\/\/www.kirjastokaista.fi\/sv\/lukukoira-sylvi-ja-koko-kansa-lukee-hela-folket-laser-2017\/\" \/>\n<meta property=\"og:site_name\" content=\"Kirjastokaista\" \/>\n<meta property=\"article:published_time\" content=\"2017-01-31T08:00:24+00:00\" \/>\n<meta property=\"article:modified_time\" content=\"2020-05-04T13:31:36+00:00\" \/>\n<meta property=\"og:image\" content=\"https:\/\/www.kirjastokaista.fi\/app\/uploads\/2017\/01\/Koko_kansa_lukee_Sylvi.jpg\" \/>\n\t<meta property=\"og:image:width\" content=\"640\" \/>\n\t<meta property=\"og:image:height\" content=\"360\" \/>\n\t<meta property=\"og:image:type\" content=\"image\/jpeg\" \/>\n<meta name=\"author\" content=\"Riitta\" \/>\n<meta name=\"twitter:label1\" content=\"Written by\" \/>\n\t<meta name=\"twitter:data1\" content=\"Riitta\" \/>\n\t<meta name=\"twitter:label2\" content=\"Est. reading time\" \/>\n\t<meta name=\"twitter:data2\" content=\"2 minutes\" \/>\n<script type=\"application\/ld+json\" class=\"yoast-schema-graph\">{\"@context\":\"https:\/\/schema.org\",\"@graph\":[{\"@type\":\"WebPage\",\"@id\":\"http:\/\/www.kirjastokaista.fi\/sv\/lukukoira-sylvi-ja-koko-kansa-lukee-hela-folket-laser-2017\/\",\"url\":\"http:\/\/www.kirjastokaista.fi\/sv\/lukukoira-sylvi-ja-koko-kansa-lukee-hela-folket-laser-2017\/\",\"name\":\"L\u00e4shunden Sylvi och Hela folket l\u00e4ser 2017 - Kirjastokaista\",\"isPartOf\":{\"@id\":\"https:\/\/www.kirjastokaista.fi\/#website\"},\"primaryImageOfPage\":{\"@id\":\"http:\/\/www.kirjastokaista.fi\/sv\/lukukoira-sylvi-ja-koko-kansa-lukee-hela-folket-laser-2017\/#primaryimage\"},\"image\":{\"@id\":\"http:\/\/www.kirjastokaista.fi\/sv\/lukukoira-sylvi-ja-koko-kansa-lukee-hela-folket-laser-2017\/#primaryimage\"},\"thumbnailUrl\":\"https:\/\/www.kirjastokaista.fi\/app\/uploads\/2017\/01\/Koko_kansa_lukee_Sylvi.jpg\",\"datePublished\":\"2017-01-31T08:00:24+00:00\",\"dateModified\":\"2020-05-04T13:31:36+00:00\",\"author\":{\"@id\":\"https:\/\/www.kirjastokaista.fi\/#\/schema\/person\/8272e6b4176d7a435301d1595244f87e\"},\"description\":\"Lukukoira Sylvi on mukana kirjastojen yhteisess\u00e4 lukukampanjassa Koko kansa lukee \u2013 Hela folket l\u00e4ser 2017. Oletko sin\u00e4 lukenut e-kirjaa?\",\"breadcrumb\":{\"@id\":\"http:\/\/www.kirjastokaista.fi\/sv\/lukukoira-sylvi-ja-koko-kansa-lukee-hela-folket-laser-2017\/#breadcrumb\"},\"inLanguage\":\"fi\",\"potentialAction\":[{\"@type\":\"ReadAction\",\"target\":[\"http:\/\/www.kirjastokaista.fi\/sv\/lukukoira-sylvi-ja-koko-kansa-lukee-hela-folket-laser-2017\/\"]}]},{\"@type\":\"ImageObject\",\"inLanguage\":\"fi\",\"@id\":\"http:\/\/www.kirjastokaista.fi\/sv\/lukukoira-sylvi-ja-koko-kansa-lukee-hela-folket-laser-2017\/#primaryimage\",\"url\":\"https:\/\/www.kirjastokaista.fi\/app\/uploads\/2017\/01\/Koko_kansa_lukee_Sylvi.jpg\",\"contentUrl\":\"https:\/\/www.kirjastokaista.fi\/app\/uploads\/2017\/01\/Koko_kansa_lukee_Sylvi.jpg\",\"width\":640,\"height\":360},{\"@type\":\"BreadcrumbList\",\"@id\":\"http:\/\/www.kirjastokaista.fi\/sv\/lukukoira-sylvi-ja-koko-kansa-lukee-hela-folket-laser-2017\/#breadcrumb\",\"itemListElement\":[{\"@type\":\"ListItem\",\"position\":1,\"name\":\"Etusivu\",\"item\":\"https:\/\/www.kirjastokaista.fi\/\"},{\"@type\":\"ListItem\",\"position\":2,\"name\":\"L\u00e4shunden Sylvi och Hela folket l\u00e4ser 2017\"}]},{\"@type\":\"WebSite\",\"@id\":\"https:\/\/www.kirjastokaista.fi\/#website\",\"url\":\"https:\/\/www.kirjastokaista.fi\/\",\"name\":\"Kirjastokaista\",\"description\":\"LIBRARY CHANNEL \u2014 Library WebTV\",\"potentialAction\":[{\"@type\":\"SearchAction\",\"target\":{\"@type\":\"EntryPoint\",\"urlTemplate\":\"https:\/\/www.kirjastokaista.fi\/?s={search_term_string}\"},\"query-input\":{\"@type\":\"PropertyValueSpecification\",\"valueRequired\":true,\"valueName\":\"search_term_string\"}}],\"inLanguage\":\"fi\"},{\"@type\":\"Person\",\"@id\":\"https:\/\/www.kirjastokaista.fi\/#\/schema\/person\/8272e6b4176d7a435301d1595244f87e\",\"name\":\"Riitta\",\"image\":{\"@type\":\"ImageObject\",\"inLanguage\":\"fi\",\"@id\":\"https:\/\/www.kirjastokaista.fi\/#\/schema\/person\/image\/\",\"url\":\"https:\/\/secure.gravatar.com\/avatar\/5e7bcb38fde8f54416389d5a36025a08?s=96&d=mm&r=g\",\"contentUrl\":\"https:\/\/secure.gravatar.com\/avatar\/5e7bcb38fde8f54416389d5a36025a08?s=96&d=mm&r=g\",\"caption\":\"Riitta\"},\"sameAs\":[\"https:\/\/x.com\/rtaarasti\"],\"url\":\"https:\/\/www.kirjastokaista.fi\/author\/riitta\/\"}]}<\/script>\n<meta property=\"og:video\" content=\"https:\/\/player.vimeo.com\/video\/200991978\" \/>\n<meta property=\"og:video:type\" content=\"text\/html\" \/>\n<meta property=\"og:video:duration\" content=\"55\" \/>\n<meta property=\"og:video:width\" content=\"1920\" \/>\n<meta property=\"og:video:height\" content=\"1080\" \/>\n<meta property=\"ya:ovs:adult\" content=\"false\" \/>\n<meta property=\"ya:ovs:upload_date\" content=\"2017-01-31T08:00:24+00:00\" \/>\n<meta property=\"ya:ovs:allow_embed\" content=\"true\" \/>\n<!-- \/ Yoast SEO plugin. -->","yoast_head_json":{"title":"L\u00e4shunden Sylvi och Hela folket l\u00e4ser 2017 - Kirjastokaista","description":"Lukukoira Sylvi on mukana kirjastojen yhteisess\u00e4 lukukampanjassa Koko kansa lukee \u2013 Hela folket l\u00e4ser 2017. Oletko sin\u00e4 lukenut e-kirjaa?","robots":{"index":"index","follow":"follow","max-snippet":"max-snippet:-1","max-image-preview":"max-image-preview:large","max-video-preview":"max-video-preview:-1"},"canonical":"http:\/\/www.kirjastokaista.fi\/sv\/lukukoira-sylvi-ja-koko-kansa-lukee-hela-folket-laser-2017\/","og_locale":"fi_FI","og_type":"article","og_title":"L\u00e4shunden Sylvi och Hela folket l\u00e4ser 2017 - Kirjastokaista","og_description":"Lukukoira Sylvi on mukana kirjastojen yhteisess\u00e4 lukukampanjassa Koko kansa lukee \u2013 Hela folket l\u00e4ser 2017. Oletko sin\u00e4 lukenut e-kirjaa?","og_url":"http:\/\/www.kirjastokaista.fi\/sv\/lukukoira-sylvi-ja-koko-kansa-lukee-hela-folket-laser-2017\/","og_site_name":"Kirjastokaista","article_published_time":"2017-01-31T08:00:24+00:00","article_modified_time":"2020-05-04T13:31:36+00:00","og_image":[{"width":640,"height":360,"url":"https:\/\/www.kirjastokaista.fi\/app\/uploads\/2017\/01\/Koko_kansa_lukee_Sylvi.jpg","type":"image\/jpeg"}],"author":"Riitta","twitter_misc":{"Written by":"Riitta","Est. reading time":"2 minutes"},"schema":{"@context":"https:\/\/schema.org","@graph":[{"@type":"WebPage","@id":"http:\/\/www.kirjastokaista.fi\/sv\/lukukoira-sylvi-ja-koko-kansa-lukee-hela-folket-laser-2017\/","url":"http:\/\/www.kirjastokaista.fi\/sv\/lukukoira-sylvi-ja-koko-kansa-lukee-hela-folket-laser-2017\/","name":"L\u00e4shunden Sylvi och Hela folket l\u00e4ser 2017 - Kirjastokaista","isPartOf":{"@id":"https:\/\/www.kirjastokaista.fi\/#website"},"primaryImageOfPage":{"@id":"http:\/\/www.kirjastokaista.fi\/sv\/lukukoira-sylvi-ja-koko-kansa-lukee-hela-folket-laser-2017\/#primaryimage"},"image":{"@id":"http:\/\/www.kirjastokaista.fi\/sv\/lukukoira-sylvi-ja-koko-kansa-lukee-hela-folket-laser-2017\/#primaryimage"},"thumbnailUrl":"https:\/\/www.kirjastokaista.fi\/app\/uploads\/2017\/01\/Koko_kansa_lukee_Sylvi.jpg","datePublished":"2017-01-31T08:00:24+00:00","dateModified":"2020-05-04T13:31:36+00:00","author":{"@id":"https:\/\/www.kirjastokaista.fi\/#\/schema\/person\/8272e6b4176d7a435301d1595244f87e"},"description":"Lukukoira Sylvi on mukana kirjastojen yhteisess\u00e4 lukukampanjassa Koko kansa lukee \u2013 Hela folket l\u00e4ser 2017. Oletko sin\u00e4 lukenut e-kirjaa?","breadcrumb":{"@id":"http:\/\/www.kirjastokaista.fi\/sv\/lukukoira-sylvi-ja-koko-kansa-lukee-hela-folket-laser-2017\/#breadcrumb"},"inLanguage":"fi","potentialAction":[{"@type":"ReadAction","target":["http:\/\/www.kirjastokaista.fi\/sv\/lukukoira-sylvi-ja-koko-kansa-lukee-hela-folket-laser-2017\/"]}]},{"@type":"ImageObject","inLanguage":"fi","@id":"http:\/\/www.kirjastokaista.fi\/sv\/lukukoira-sylvi-ja-koko-kansa-lukee-hela-folket-laser-2017\/#primaryimage","url":"https:\/\/www.kirjastokaista.fi\/app\/uploads\/2017\/01\/Koko_kansa_lukee_Sylvi.jpg","contentUrl":"https:\/\/www.kirjastokaista.fi\/app\/uploads\/2017\/01\/Koko_kansa_lukee_Sylvi.jpg","width":640,"height":360},{"@type":"BreadcrumbList","@id":"http:\/\/www.kirjastokaista.fi\/sv\/lukukoira-sylvi-ja-koko-kansa-lukee-hela-folket-laser-2017\/#breadcrumb","itemListElement":[{"@type":"ListItem","position":1,"name":"Etusivu","item":"https:\/\/www.kirjastokaista.fi\/"},{"@type":"ListItem","position":2,"name":"L\u00e4shunden Sylvi och Hela folket l\u00e4ser 2017"}]},{"@type":"WebSite","@id":"https:\/\/www.kirjastokaista.fi\/#website","url":"https:\/\/www.kirjastokaista.fi\/","name":"Kirjastokaista","description":"LIBRARY CHANNEL \u2014 Library WebTV","potentialAction":[{"@type":"SearchAction","target":{"@type":"EntryPoint","urlTemplate":"https:\/\/www.kirjastokaista.fi\/?s={search_term_string}"},"query-input":{"@type":"PropertyValueSpecification","valueRequired":true,"valueName":"search_term_string"}}],"inLanguage":"fi"},{"@type":"Person","@id":"https:\/\/www.kirjastokaista.fi\/#\/schema\/person\/8272e6b4176d7a435301d1595244f87e","name":"Riitta","image":{"@type":"ImageObject","inLanguage":"fi","@id":"https:\/\/www.kirjastokaista.fi\/#\/schema\/person\/image\/","url":"https:\/\/secure.gravatar.com\/avatar\/5e7bcb38fde8f54416389d5a36025a08?s=96&d=mm&r=g","contentUrl":"https:\/\/secure.gravatar.com\/avatar\/5e7bcb38fde8f54416389d5a36025a08?s=96&d=mm&r=g","caption":"Riitta"},"sameAs":["https:\/\/x.com\/rtaarasti"],"url":"https:\/\/www.kirjastokaista.fi\/author\/riitta\/"}]},"og_video":"https:\/\/player.vimeo.com\/video\/200991978","og_video_type":"text\/html","og_video_duration":"55","og_video_width":"1920","og_video_height":"1080","ya_ovs_adult":"false","ya_ovs_upload_date":"2017-01-31T08:00:24+00:00","ya_ovs_allow_embed":"true"},"_links":{"self":[{"href":"https:\/\/www.kirjastokaista.fi\/wp-json\/wp\/v2\/posts\/371285","targetHints":{"allow":["GET"]}}],"collection":[{"href":"https:\/\/www.kirjastokaista.fi\/wp-json\/wp\/v2\/posts"}],"about":[{"href":"https:\/\/www.kirjastokaista.fi\/wp-json\/wp\/v2\/types\/post"}],"author":[{"embeddable":true,"href":"https:\/\/www.kirjastokaista.fi\/wp-json\/wp\/v2\/users\/3"}],"replies":[{"embeddable":true,"href":"https:\/\/www.kirjastokaista.fi\/wp-json\/wp\/v2\/comments?post=371285"}],"version-history":[{"count":6,"href":"https:\/\/www.kirjastokaista.fi\/wp-json\/wp\/v2\/posts\/371285\/revisions"}],"predecessor-version":[{"id":389096,"href":"https:\/\/www.kirjastokaista.fi\/wp-json\/wp\/v2\/posts\/371285\/revisions\/389096"}],"wp:featuredmedia":[{"embeddable":true,"href":"https:\/\/www.kirjastokaista.fi\/wp-json\/wp\/v2\/media\/331545"}],"wp:attachment":[{"href":"https:\/\/www.kirjastokaista.fi\/wp-json\/wp\/v2\/media?parent=371285"}],"wp:term":[{"taxonomy":"category","embeddable":true,"href":"https:\/\/www.kirjastokaista.fi\/wp-json\/wp\/v2\/categories?post=371285"},{"taxonomy":"post_tag","embeddable":true,"href":"https:\/\/www.kirjastokaista.fi\/wp-json\/wp\/v2\/tags?post=371285"}],"curies":[{"name":"wp","href":"https:\/\/api.w.org\/{rel}","templated":true}]}}