{"id":23890,"count":6,"description":"<strong>I kategorin Biblioteksanst\u00e4llda f\u00f6rfattare hittar du en serie d\u00e4r vi bett biblioteksproffs som vi vet att ocks\u00e5 \u00e4r f\u00f6rfattare att delta. F\u00f6rfattarna fick i uppdrag att filma en kort video d\u00e4r de ber\u00e4ttar om sitt f\u00f6rfattarskap och sin produktion med hj\u00e4lp av en lista fr\u00e5gor vi skickat \u00e5t dem. F\u00f6rfattarna skickade sedan in videorna de filmat till Bibliotekskanalen, d\u00e4r vi gjorde en enhetlig grafik f\u00f6r serien och publicerade den p\u00e5 olika plattformar. 2023 producerade vi <a href=\"https:\/\/www.kirjastokaista.fi\/kirjaston-kirjailijat-sarja\/\">en serie med f\u00f6rfattare som arbetar p\u00e5 bibliotek och skriver p\u00e5 finska<\/a>, och 2024 forts\u00e4tter serien med biblioteksproffs som skriver p\u00e5 svenska.<\/strong>","link":"https:\/\/www.kirjastokaista.fi\/sv\/serien-biblioteksanstallda-forfattare\/","name":"Serien Biblioteksanst\u00e4llda f\u00f6rfattare","slug":"serien-biblioteksanstallda-forfattare","taxonomy":"category","parent":3101,"meta":{"is_nordpool":0,"is_radio":0,"is_library":0},"translations":{"sv":23890},"yoast_head":"<!-- This site is optimized with the Yoast SEO plugin v23.8 - https:\/\/yoast.com\/wordpress\/plugins\/seo\/ -->\n<title>Serien Biblioteksanst\u00e4llda f\u00f6rfattare - Kirjastokaista<\/title>\n<meta name=\"robots\" content=\"index, follow, max-snippet:-1, max-image-preview:large, max-video-preview:-1\" \/>\n<link rel=\"canonical\" href=\"https:\/\/www.kirjastokaista.fi\/sv\/serien-biblioteksanstallda-forfattare\/\" \/>\n<meta property=\"og:locale\" content=\"fi_FI\" \/>\n<meta property=\"og:type\" content=\"article\" \/>\n<meta property=\"og:title\" content=\"Serien Biblioteksanst\u00e4llda f\u00f6rfattare - Kirjastokaista\" \/>\n<meta property=\"og:description\" content=\"I kategorin Biblioteksanst\u00e4llda f\u00f6rfattare hittar du en serie d\u00e4r vi bett biblioteksproffs som vi vet att ocks\u00e5 \u00e4r f\u00f6rfattare att delta. F\u00f6rfattarna fick i uppdrag att filma en kort video d\u00e4r de ber\u00e4ttar om sitt f\u00f6rfattarskap och sin produktion med hj\u00e4lp av en lista fr\u00e5gor vi skickat \u00e5t dem. F\u00f6rfattarna skickade sedan in videorna de filmat till Bibliotekskanalen, d\u00e4r vi gjorde en enhetlig grafik f\u00f6r serien och publicerade den p\u00e5 olika plattformar. 2023 producerade vi en serie med f\u00f6rfattare som arbetar p\u00e5 bibliotek och skriver p\u00e5 finska, och 2024 forts\u00e4tter serien med biblioteksproffs som skriver p\u00e5 svenska.\" \/>\n<meta property=\"og:url\" content=\"https:\/\/www.kirjastokaista.fi\/sv\/serien-biblioteksanstallda-forfattare\/\" \/>\n<meta property=\"og:site_name\" content=\"Kirjastokaista\" \/>\n<meta property=\"og:image\" content=\"https:\/\/www.kirjastokaista.fi\/app\/uploads\/2024\/03\/Biblioteksanstallda_forfattare-.jpeg\" \/>\n\t<meta property=\"og:image:width\" content=\"706\" \/>\n\t<meta property=\"og:image:height\" content=\"440\" \/>\n\t<meta property=\"og:image:type\" content=\"image\/jpeg\" \/>\n<script type=\"application\/ld+json\" class=\"yoast-schema-graph\">{\"@context\":\"https:\/\/schema.org\",\"@graph\":[{\"@type\":\"CollectionPage\",\"@id\":\"https:\/\/www.kirjastokaista.fi\/sv\/serien-biblioteksanstallda-forfattare\/\",\"url\":\"https:\/\/www.kirjastokaista.fi\/sv\/serien-biblioteksanstallda-forfattare\/\",\"name\":\"Serien Biblioteksanst\u00e4llda f\u00f6rfattare - Kirjastokaista\",\"isPartOf\":{\"@id\":\"https:\/\/www.kirjastokaista.fi\/#website\"},\"breadcrumb\":{\"@id\":\"https:\/\/www.kirjastokaista.fi\/sv\/serien-biblioteksanstallda-forfattare\/#breadcrumb\"},\"inLanguage\":\"fi\"},{\"@type\":\"BreadcrumbList\",\"@id\":\"https:\/\/www.kirjastokaista.fi\/sv\/serien-biblioteksanstallda-forfattare\/#breadcrumb\",\"itemListElement\":[{\"@type\":\"ListItem\",\"position\":1,\"name\":\"Etusivu\",\"item\":\"https:\/\/www.kirjastokaista.fi\/\"},{\"@type\":\"ListItem\",\"position\":2,\"name\":\"Litteratur\",\"item\":\"https:\/\/www.kirjastokaista.fi\/sv\/litteratur-och-kultur\/\"},{\"@type\":\"ListItem\",\"position\":3,\"name\":\"Serien Biblioteksanst\u00e4llda f\u00f6rfattare\"}]},{\"@type\":\"WebSite\",\"@id\":\"https:\/\/www.kirjastokaista.fi\/#website\",\"url\":\"https:\/\/www.kirjastokaista.fi\/\",\"name\":\"Kirjastokaista\",\"description\":\"LIBRARY CHANNEL \u2014 Library WebTV\",\"potentialAction\":[{\"@type\":\"SearchAction\",\"target\":{\"@type\":\"EntryPoint\",\"urlTemplate\":\"https:\/\/www.kirjastokaista.fi\/?s={search_term_string}\"},\"query-input\":{\"@type\":\"PropertyValueSpecification\",\"valueRequired\":true,\"valueName\":\"search_term_string\"}}],\"inLanguage\":\"fi\"}]}<\/script>\n<!-- \/ Yoast SEO plugin. -->","yoast_head_json":{"title":"Serien Biblioteksanst\u00e4llda f\u00f6rfattare - Kirjastokaista","robots":{"index":"index","follow":"follow","max-snippet":"max-snippet:-1","max-image-preview":"max-image-preview:large","max-video-preview":"max-video-preview:-1"},"canonical":"https:\/\/www.kirjastokaista.fi\/sv\/serien-biblioteksanstallda-forfattare\/","og_locale":"fi_FI","og_type":"article","og_title":"Serien Biblioteksanst\u00e4llda f\u00f6rfattare - Kirjastokaista","og_description":"I kategorin Biblioteksanst\u00e4llda f\u00f6rfattare hittar du en serie d\u00e4r vi bett biblioteksproffs som vi vet att ocks\u00e5 \u00e4r f\u00f6rfattare att delta. F\u00f6rfattarna fick i uppdrag att filma en kort video d\u00e4r de ber\u00e4ttar om sitt f\u00f6rfattarskap och sin produktion med hj\u00e4lp av en lista fr\u00e5gor vi skickat \u00e5t dem. F\u00f6rfattarna skickade sedan in videorna de filmat till Bibliotekskanalen, d\u00e4r vi gjorde en enhetlig grafik f\u00f6r serien och publicerade den p\u00e5 olika plattformar. 2023 producerade vi en serie med f\u00f6rfattare som arbetar p\u00e5 bibliotek och skriver p\u00e5 finska, och 2024 forts\u00e4tter serien med biblioteksproffs som skriver p\u00e5 svenska.","og_url":"https:\/\/www.kirjastokaista.fi\/sv\/serien-biblioteksanstallda-forfattare\/","og_site_name":"Kirjastokaista","og_image":[{"width":706,"height":440,"url":"https:\/\/www.kirjastokaista.fi\/app\/uploads\/2024\/03\/Biblioteksanstallda_forfattare-.jpeg","type":"image\/jpeg"}],"schema":{"@context":"https:\/\/schema.org","@graph":[{"@type":"CollectionPage","@id":"https:\/\/www.kirjastokaista.fi\/sv\/serien-biblioteksanstallda-forfattare\/","url":"https:\/\/www.kirjastokaista.fi\/sv\/serien-biblioteksanstallda-forfattare\/","name":"Serien Biblioteksanst\u00e4llda f\u00f6rfattare - Kirjastokaista","isPartOf":{"@id":"https:\/\/www.kirjastokaista.fi\/#website"},"breadcrumb":{"@id":"https:\/\/www.kirjastokaista.fi\/sv\/serien-biblioteksanstallda-forfattare\/#breadcrumb"},"inLanguage":"fi"},{"@type":"BreadcrumbList","@id":"https:\/\/www.kirjastokaista.fi\/sv\/serien-biblioteksanstallda-forfattare\/#breadcrumb","itemListElement":[{"@type":"ListItem","position":1,"name":"Etusivu","item":"https:\/\/www.kirjastokaista.fi\/"},{"@type":"ListItem","position":2,"name":"Litteratur","item":"https:\/\/www.kirjastokaista.fi\/sv\/litteratur-och-kultur\/"},{"@type":"ListItem","position":3,"name":"Serien Biblioteksanst\u00e4llda f\u00f6rfattare"}]},{"@type":"WebSite","@id":"https:\/\/www.kirjastokaista.fi\/#website","url":"https:\/\/www.kirjastokaista.fi\/","name":"Kirjastokaista","description":"LIBRARY CHANNEL \u2014 Library WebTV","potentialAction":[{"@type":"SearchAction","target":{"@type":"EntryPoint","urlTemplate":"https:\/\/www.kirjastokaista.fi\/?s={search_term_string}"},"query-input":{"@type":"PropertyValueSpecification","valueRequired":true,"valueName":"search_term_string"}}],"inLanguage":"fi"}]}},"_links":{"self":[{"href":"https:\/\/www.kirjastokaista.fi\/wp-json\/wp\/v2\/categories\/23890","targetHints":{"allow":["GET"]}}],"collection":[{"href":"https:\/\/www.kirjastokaista.fi\/wp-json\/wp\/v2\/categories"}],"about":[{"href":"https:\/\/www.kirjastokaista.fi\/wp-json\/wp\/v2\/taxonomies\/category"}],"up":[{"embeddable":true,"href":"https:\/\/www.kirjastokaista.fi\/wp-json\/wp\/v2\/categories\/3101"}],"wp:post_type":[{"href":"https:\/\/www.kirjastokaista.fi\/wp-json\/wp\/v2\/posts?categories=23890"}],"curies":[{"name":"wp","href":"https:\/\/api.w.org\/{rel}","templated":true}]}}