{"id":378122,"date":"2017-12-01T00:00:00","date_gmt":"2017-11-30T22:00:00","guid":{"rendered":"http:\/\/www.kirjastokaista.fi\/la-oss-snakke-om-muslimene-med-bushra-ishaq-og-ingeborg-eliassen\/"},"modified":"2017-12-01T00:00:00","modified_gmt":"2017-11-30T22:00:00","slug":"la-oss-snakke-om-muslimene-med-bushra-ishaq-og-ingeborg-eliassen","status":"publish","type":"post","link":"https:\/\/www.kirjastokaista.fi\/no\/la-oss-snakke-om-muslimene-med-bushra-ishaq-og-ingeborg-eliassen\/","title":{"rendered":"La oss snakke om muslimene. Med Bushra Ishaq og Ingeborg Eliassen"},"content":{"rendered":"<p>Frykt for og forestillinger om islam har preget offentligheten i lang tid. Men stemmer mediebildet overens med virkeligheten? Er det slik at muslimer er kvinneundertrykkende, \u00f8nsker sharialover og st\u00e5r for verdier som er uforenelige med demokrati? Med boka Hvem snakker for oss?&nbsp;sp\u00f8r forfatter og samfunnsdebattant&nbsp;Bushra Ishaq&nbsp;hva religion inneb\u00e6rer for muslimer i Norge i dag. Basert&nbsp;p\u00e5 de f\u00f8rste omfattende statistiske unders\u00f8kelsene som er blitt utf\u00f8rt blant norske muslimer,&nbsp;tegner hun et mer nyansert bilde:&nbsp;Hvem er de norske muslimene, og hva er de opptatte av? Hva mener de om sp\u00f8rsm\u00e5l som religion, kvinners rettigheter, innvandrerskepsis og terror, og hva er deres tanker om barnas oppvekst, livet i Norge og det \u00e5 v\u00e6re del av et demokrati?&nbsp;&nbsp;  Bushra Ishaq m\u00f8ter forfatter og journalist&nbsp;Ingeborg Eliassen&nbsp;til samtale om hva det vil si \u00e5 v\u00e6re en norsk muslim.  Samtalen fant sted p\u00e5 Litteraturhuset 8. november 2017.&nbsp; &nbsp; &nbsp; Litteraturhusets podkast presenterer bearbeidede versjoner av samtaler og foredrag i regi av Stiftelsen Litteraturhuset. Musikk av Apothek.<\/p>\n","protected":false},"excerpt":{"rendered":"<p>Frykt for og forestillinger om islam har preget offentligheten i lang tid. Men stemmer mediebildet overens med virkeligheten? Er det slik at muslimer er kvinneundertrykkende, \u00f8nsker sharialover og st\u00e5r for [&hellip;]<\/p>\n","protected":false},"author":8,"featured_media":0,"comment_status":"open","ping_status":"closed","sticky":false,"template":"","format":"audio","meta":{"footnotes":""},"categories":[19383,19409,19413,19415],"tags":[],"class_list":["post-378122","post","type-post","status-publish","format-audio","hentry","category-litteraturhuset","category-voksne","category-sakprosa","category-debatter","post_format-post-format-audio"],"youtube_id":"","vimeo_id":"","duration":"","number_of_plays_sum":"0","videoembed_videoembed":"<iframe width=\"100%\" height=\"212\" scrolling=\"no\" frameborder=\"no\" src=\"https:\/\/w.soundcloud.com\/player\/?url=http%3A%2F%2Fapi.soundcloud.com%2Ftracks%2F363396638&color=ff6600&auto_play=false&show_artwork=false\"><\/iframe>","video_language":"norsk","video_thumbnail_large":"","video_thumbnail_medium":"","video_thumbnail_small":"","yoast_head":"<!-- This site is optimized with the Yoast SEO plugin v23.8 - https:\/\/yoast.com\/wordpress\/plugins\/seo\/ -->\n<title>La oss snakke om muslimene. Med Bushra Ishaq og Ingeborg Eliassen - Kirjastokaista<\/title>\n<meta name=\"description\" content=\"Frykt for og forestillinger om islam har preget offentligheten i lang tid. Men stemmer mediebildet overens med virkeligheten? Er det slik at muslimer er\" \/>\n<meta name=\"robots\" content=\"index, follow, max-snippet:-1, max-image-preview:large, max-video-preview:-1\" \/>\n<link rel=\"canonical\" href=\"http:\/\/www.kirjastokaista.fi\/no\/la-oss-snakke-om-muslimene-med-bushra-ishaq-og-ingeborg-eliassen\/\" \/>\n<meta property=\"og:locale\" content=\"fi_FI\" \/>\n<meta property=\"og:type\" content=\"article\" \/>\n<meta property=\"og:title\" content=\"La oss snakke om muslimene. Med Bushra Ishaq og Ingeborg Eliassen - Kirjastokaista\" \/>\n<meta property=\"og:description\" content=\"Frykt for og forestillinger om islam har preget offentligheten i lang tid. Men stemmer mediebildet overens med virkeligheten? Er det slik at muslimer er\" \/>\n<meta property=\"og:url\" content=\"http:\/\/www.kirjastokaista.fi\/no\/la-oss-snakke-om-muslimene-med-bushra-ishaq-og-ingeborg-eliassen\/\" \/>\n<meta property=\"og:site_name\" content=\"Kirjastokaista\" \/>\n<meta property=\"article:published_time\" content=\"2017-11-30T22:00:00+00:00\" \/>\n<meta name=\"author\" content=\"Antti\" \/>\n<meta name=\"twitter:label1\" content=\"Written by\" \/>\n\t<meta name=\"twitter:data1\" content=\"Antti\" \/>\n\t<meta name=\"twitter:label2\" content=\"Est. reading time\" \/>\n\t<meta name=\"twitter:data2\" content=\"1 minute\" \/>\n<script type=\"application\/ld+json\" class=\"yoast-schema-graph\">{\"@context\":\"https:\/\/schema.org\",\"@graph\":[{\"@type\":\"WebPage\",\"@id\":\"http:\/\/www.kirjastokaista.fi\/no\/la-oss-snakke-om-muslimene-med-bushra-ishaq-og-ingeborg-eliassen\/\",\"url\":\"http:\/\/www.kirjastokaista.fi\/no\/la-oss-snakke-om-muslimene-med-bushra-ishaq-og-ingeborg-eliassen\/\",\"name\":\"La oss snakke om muslimene. Med Bushra Ishaq og Ingeborg Eliassen - Kirjastokaista\",\"isPartOf\":{\"@id\":\"https:\/\/www.kirjastokaista.fi\/#website\"},\"datePublished\":\"2017-11-30T22:00:00+00:00\",\"dateModified\":\"2017-11-30T22:00:00+00:00\",\"author\":{\"@id\":\"https:\/\/www.kirjastokaista.fi\/#\/schema\/person\/2ff5212d34c6946fec92054f7a744eb7\"},\"description\":\"Frykt for og forestillinger om islam har preget offentligheten i lang tid. Men stemmer mediebildet overens med virkeligheten? Er det slik at muslimer er\",\"breadcrumb\":{\"@id\":\"http:\/\/www.kirjastokaista.fi\/no\/la-oss-snakke-om-muslimene-med-bushra-ishaq-og-ingeborg-eliassen\/#breadcrumb\"},\"inLanguage\":\"fi\",\"potentialAction\":[{\"@type\":\"ReadAction\",\"target\":[\"http:\/\/www.kirjastokaista.fi\/no\/la-oss-snakke-om-muslimene-med-bushra-ishaq-og-ingeborg-eliassen\/\"]}]},{\"@type\":\"BreadcrumbList\",\"@id\":\"http:\/\/www.kirjastokaista.fi\/no\/la-oss-snakke-om-muslimene-med-bushra-ishaq-og-ingeborg-eliassen\/#breadcrumb\",\"itemListElement\":[{\"@type\":\"ListItem\",\"position\":1,\"name\":\"Etusivu\",\"item\":\"https:\/\/www.kirjastokaista.fi\/\"},{\"@type\":\"ListItem\",\"position\":2,\"name\":\"La oss snakke om muslimene. Med Bushra Ishaq og Ingeborg Eliassen\"}]},{\"@type\":\"WebSite\",\"@id\":\"https:\/\/www.kirjastokaista.fi\/#website\",\"url\":\"https:\/\/www.kirjastokaista.fi\/\",\"name\":\"Kirjastokaista\",\"description\":\"LIBRARY CHANNEL \u2014 Library WebTV\",\"potentialAction\":[{\"@type\":\"SearchAction\",\"target\":{\"@type\":\"EntryPoint\",\"urlTemplate\":\"https:\/\/www.kirjastokaista.fi\/?s={search_term_string}\"},\"query-input\":{\"@type\":\"PropertyValueSpecification\",\"valueRequired\":true,\"valueName\":\"search_term_string\"}}],\"inLanguage\":\"fi\"},{\"@type\":\"Person\",\"@id\":\"https:\/\/www.kirjastokaista.fi\/#\/schema\/person\/2ff5212d34c6946fec92054f7a744eb7\",\"name\":\"Antti\",\"image\":{\"@type\":\"ImageObject\",\"inLanguage\":\"fi\",\"@id\":\"https:\/\/www.kirjastokaista.fi\/#\/schema\/person\/image\/\",\"url\":\"https:\/\/secure.gravatar.com\/avatar\/5bb9fec65746e98b03b5dec4a5ff16fd?s=96&d=mm&r=g\",\"contentUrl\":\"https:\/\/secure.gravatar.com\/avatar\/5bb9fec65746e98b03b5dec4a5ff16fd?s=96&d=mm&r=g\",\"caption\":\"Antti\"},\"url\":\"https:\/\/www.kirjastokaista.fi\/author\/antti\/\"}]}<\/script>\n<!-- \/ Yoast SEO plugin. -->","yoast_head_json":{"title":"La oss snakke om muslimene. Med Bushra Ishaq og Ingeborg Eliassen - Kirjastokaista","description":"Frykt for og forestillinger om islam har preget offentligheten i lang tid. Men stemmer mediebildet overens med virkeligheten? Er det slik at muslimer er","robots":{"index":"index","follow":"follow","max-snippet":"max-snippet:-1","max-image-preview":"max-image-preview:large","max-video-preview":"max-video-preview:-1"},"canonical":"http:\/\/www.kirjastokaista.fi\/no\/la-oss-snakke-om-muslimene-med-bushra-ishaq-og-ingeborg-eliassen\/","og_locale":"fi_FI","og_type":"article","og_title":"La oss snakke om muslimene. Med Bushra Ishaq og Ingeborg Eliassen - Kirjastokaista","og_description":"Frykt for og forestillinger om islam har preget offentligheten i lang tid. Men stemmer mediebildet overens med virkeligheten? Er det slik at muslimer er","og_url":"http:\/\/www.kirjastokaista.fi\/no\/la-oss-snakke-om-muslimene-med-bushra-ishaq-og-ingeborg-eliassen\/","og_site_name":"Kirjastokaista","article_published_time":"2017-11-30T22:00:00+00:00","author":"Antti","twitter_misc":{"Written by":"Antti","Est. reading time":"1 minute"},"schema":{"@context":"https:\/\/schema.org","@graph":[{"@type":"WebPage","@id":"http:\/\/www.kirjastokaista.fi\/no\/la-oss-snakke-om-muslimene-med-bushra-ishaq-og-ingeborg-eliassen\/","url":"http:\/\/www.kirjastokaista.fi\/no\/la-oss-snakke-om-muslimene-med-bushra-ishaq-og-ingeborg-eliassen\/","name":"La oss snakke om muslimene. Med Bushra Ishaq og Ingeborg Eliassen - Kirjastokaista","isPartOf":{"@id":"https:\/\/www.kirjastokaista.fi\/#website"},"datePublished":"2017-11-30T22:00:00+00:00","dateModified":"2017-11-30T22:00:00+00:00","author":{"@id":"https:\/\/www.kirjastokaista.fi\/#\/schema\/person\/2ff5212d34c6946fec92054f7a744eb7"},"description":"Frykt for og forestillinger om islam har preget offentligheten i lang tid. Men stemmer mediebildet overens med virkeligheten? Er det slik at muslimer er","breadcrumb":{"@id":"http:\/\/www.kirjastokaista.fi\/no\/la-oss-snakke-om-muslimene-med-bushra-ishaq-og-ingeborg-eliassen\/#breadcrumb"},"inLanguage":"fi","potentialAction":[{"@type":"ReadAction","target":["http:\/\/www.kirjastokaista.fi\/no\/la-oss-snakke-om-muslimene-med-bushra-ishaq-og-ingeborg-eliassen\/"]}]},{"@type":"BreadcrumbList","@id":"http:\/\/www.kirjastokaista.fi\/no\/la-oss-snakke-om-muslimene-med-bushra-ishaq-og-ingeborg-eliassen\/#breadcrumb","itemListElement":[{"@type":"ListItem","position":1,"name":"Etusivu","item":"https:\/\/www.kirjastokaista.fi\/"},{"@type":"ListItem","position":2,"name":"La oss snakke om muslimene. Med Bushra Ishaq og Ingeborg Eliassen"}]},{"@type":"WebSite","@id":"https:\/\/www.kirjastokaista.fi\/#website","url":"https:\/\/www.kirjastokaista.fi\/","name":"Kirjastokaista","description":"LIBRARY CHANNEL \u2014 Library WebTV","potentialAction":[{"@type":"SearchAction","target":{"@type":"EntryPoint","urlTemplate":"https:\/\/www.kirjastokaista.fi\/?s={search_term_string}"},"query-input":{"@type":"PropertyValueSpecification","valueRequired":true,"valueName":"search_term_string"}}],"inLanguage":"fi"},{"@type":"Person","@id":"https:\/\/www.kirjastokaista.fi\/#\/schema\/person\/2ff5212d34c6946fec92054f7a744eb7","name":"Antti","image":{"@type":"ImageObject","inLanguage":"fi","@id":"https:\/\/www.kirjastokaista.fi\/#\/schema\/person\/image\/","url":"https:\/\/secure.gravatar.com\/avatar\/5bb9fec65746e98b03b5dec4a5ff16fd?s=96&d=mm&r=g","contentUrl":"https:\/\/secure.gravatar.com\/avatar\/5bb9fec65746e98b03b5dec4a5ff16fd?s=96&d=mm&r=g","caption":"Antti"},"url":"https:\/\/www.kirjastokaista.fi\/author\/antti\/"}]}},"_links":{"self":[{"href":"https:\/\/www.kirjastokaista.fi\/wp-json\/wp\/v2\/posts\/378122","targetHints":{"allow":["GET"]}}],"collection":[{"href":"https:\/\/www.kirjastokaista.fi\/wp-json\/wp\/v2\/posts"}],"about":[{"href":"https:\/\/www.kirjastokaista.fi\/wp-json\/wp\/v2\/types\/post"}],"author":[{"embeddable":true,"href":"https:\/\/www.kirjastokaista.fi\/wp-json\/wp\/v2\/users\/8"}],"replies":[{"embeddable":true,"href":"https:\/\/www.kirjastokaista.fi\/wp-json\/wp\/v2\/comments?post=378122"}],"version-history":[{"count":0,"href":"https:\/\/www.kirjastokaista.fi\/wp-json\/wp\/v2\/posts\/378122\/revisions"}],"wp:attachment":[{"href":"https:\/\/www.kirjastokaista.fi\/wp-json\/wp\/v2\/media?parent=378122"}],"wp:term":[{"taxonomy":"category","embeddable":true,"href":"https:\/\/www.kirjastokaista.fi\/wp-json\/wp\/v2\/categories?post=378122"},{"taxonomy":"post_tag","embeddable":true,"href":"https:\/\/www.kirjastokaista.fi\/wp-json\/wp\/v2\/tags?post=378122"}],"curies":[{"name":"wp","href":"https:\/\/api.w.org\/{rel}","templated":true}]}}