{"id":375632,"date":"2017-02-22T00:00:00","date_gmt":"2017-02-21T22:00:00","guid":{"rendered":"http:\/\/www.kirjastokaista.fi\/61-nasjonal-kanon-sett-fra-bergen-klassekampen-debatten\/"},"modified":"2018-04-06T14:48:19","modified_gmt":"2018-04-06T11:48:19","slug":"61-nasjonal-kanon-sett-fra-bergen-klassekampen-debatten","status":"publish","type":"post","link":"https:\/\/www.kirjastokaista.fi\/no\/61-nasjonal-kanon-sett-fra-bergen-klassekampen-debatten\/","title":{"rendered":"#61: Nasjonal kanon sett fra Bergen \u2013 Klassekampen-debatten"},"content":{"rendered":"<p>Torbj\u00f8rn R\u00f8e Isaksen (H) har foresl\u00e5tt \u00e5 lage en kanon over norsk kulturhistorie. Klassekampen inviterte til debatt i Bergen og spurte: Hva skal vi med en kulturkanon? Hvem skal med, og hvem skal ikke med \u2013 hvor b\u00f8r grensene settes?<\/p>\n<p>I panelet satt statsstipendiat og forfatter Elisabeth Aasen, forfatter og daglig leder ved Cornerteateret Marit Eikemo, littertaurviter og kritiker Kristoffer Jul-Larsen og redakt\u00f8r i Bokmagasinet Karin Haugen. Ordstyrer: Maria Dyrhol Sandvik, Klassekampen.<\/p>\n","protected":false},"excerpt":{"rendered":"<p>Torbj\u00f8rn R\u00f8e Isaksen (H) har foresl\u00e5tt \u00e5 lage en kanon over norsk kulturhistorie. Klassekampen inviterte til debatt i Bergen og spurte: Hva skal vi med en kulturkanon? Hvem skal med, [&hellip;]<\/p>\n","protected":false},"author":6,"featured_media":0,"comment_status":"open","ping_status":"closed","sticky":false,"template":"","format":"audio","meta":{"footnotes":""},"categories":[17639,19415],"tags":[],"class_list":["post-375632","post","type-post","status-publish","format-audio","hentry","category-bergen","category-debatter","post_format-post-format-audio"],"youtube_id":"","vimeo_id":"","duration":"","number_of_plays_sum":"0","videoembed_videoembed":"<iframe width=\"100%\" height=\"212\" scrolling=\"no\" frameborder=\"no\" src=\"https:\/\/w.soundcloud.com\/player\/?url=http%3A%2F%2Fapi.soundcloud.com%2Ftracks%2F309001461&color=ff6600&auto_play=false&show_artwork=false\"><\/iframe>","video_language":"norsk","video_thumbnail_large":"","video_thumbnail_medium":"","video_thumbnail_small":"","yoast_head":"<!-- This site is optimized with the Yoast SEO plugin v23.8 - https:\/\/yoast.com\/wordpress\/plugins\/seo\/ -->\n<title>#61: Nasjonal kanon sett fra Bergen \u2013 Klassekampen-debatten - Kirjastokaista<\/title>\n<meta name=\"description\" content=\"Torbj\u00f8rn R\u00f8e Isaksen (H) har foresl\u00e5tt \u00e5 lage en kanon over norsk kulturhistorie. Klassekampen inviterte til debatt i Bergen og spurte: Hva skal vi med en\" \/>\n<meta name=\"robots\" content=\"index, follow, max-snippet:-1, max-image-preview:large, max-video-preview:-1\" \/>\n<link rel=\"canonical\" href=\"http:\/\/www.kirjastokaista.fi\/no\/61-nasjonal-kanon-sett-fra-bergen-klassekampen-debatten\/\" \/>\n<meta property=\"og:locale\" content=\"fi_FI\" \/>\n<meta property=\"og:type\" content=\"article\" \/>\n<meta property=\"og:title\" content=\"#61: Nasjonal kanon sett fra Bergen \u2013 Klassekampen-debatten - Kirjastokaista\" \/>\n<meta property=\"og:description\" content=\"Torbj\u00f8rn R\u00f8e Isaksen (H) har foresl\u00e5tt \u00e5 lage en kanon over norsk kulturhistorie. Klassekampen inviterte til debatt i Bergen og spurte: Hva skal vi med en\" \/>\n<meta property=\"og:url\" content=\"http:\/\/www.kirjastokaista.fi\/no\/61-nasjonal-kanon-sett-fra-bergen-klassekampen-debatten\/\" \/>\n<meta property=\"og:site_name\" content=\"Kirjastokaista\" \/>\n<meta property=\"article:published_time\" content=\"2017-02-21T22:00:00+00:00\" \/>\n<meta property=\"article:modified_time\" content=\"2018-04-06T11:48:19+00:00\" \/>\n<meta name=\"author\" content=\"Kirjastokaista Admin\" \/>\n<meta name=\"twitter:label1\" content=\"Written by\" \/>\n\t<meta name=\"twitter:data1\" content=\"Kirjastokaista Admin\" \/>\n<script type=\"application\/ld+json\" class=\"yoast-schema-graph\">{\"@context\":\"https:\/\/schema.org\",\"@graph\":[{\"@type\":\"WebPage\",\"@id\":\"http:\/\/www.kirjastokaista.fi\/no\/61-nasjonal-kanon-sett-fra-bergen-klassekampen-debatten\/\",\"url\":\"http:\/\/www.kirjastokaista.fi\/no\/61-nasjonal-kanon-sett-fra-bergen-klassekampen-debatten\/\",\"name\":\"#61: Nasjonal kanon sett fra Bergen \u2013 Klassekampen-debatten - Kirjastokaista\",\"isPartOf\":{\"@id\":\"https:\/\/www.kirjastokaista.fi\/#website\"},\"datePublished\":\"2017-02-21T22:00:00+00:00\",\"dateModified\":\"2018-04-06T11:48:19+00:00\",\"author\":{\"@id\":\"https:\/\/www.kirjastokaista.fi\/#\/schema\/person\/155f1172727b77c6a368f9055edba80b\"},\"description\":\"Torbj\u00f8rn R\u00f8e Isaksen (H) har foresl\u00e5tt \u00e5 lage en kanon over norsk kulturhistorie. Klassekampen inviterte til debatt i Bergen og spurte: Hva skal vi med en\",\"breadcrumb\":{\"@id\":\"http:\/\/www.kirjastokaista.fi\/no\/61-nasjonal-kanon-sett-fra-bergen-klassekampen-debatten\/#breadcrumb\"},\"inLanguage\":\"fi\",\"potentialAction\":[{\"@type\":\"ReadAction\",\"target\":[\"http:\/\/www.kirjastokaista.fi\/no\/61-nasjonal-kanon-sett-fra-bergen-klassekampen-debatten\/\"]}]},{\"@type\":\"BreadcrumbList\",\"@id\":\"http:\/\/www.kirjastokaista.fi\/no\/61-nasjonal-kanon-sett-fra-bergen-klassekampen-debatten\/#breadcrumb\",\"itemListElement\":[{\"@type\":\"ListItem\",\"position\":1,\"name\":\"Etusivu\",\"item\":\"https:\/\/www.kirjastokaista.fi\/\"},{\"@type\":\"ListItem\",\"position\":2,\"name\":\"#61: Nasjonal kanon sett fra Bergen \u2013 Klassekampen-debatten\"}]},{\"@type\":\"WebSite\",\"@id\":\"https:\/\/www.kirjastokaista.fi\/#website\",\"url\":\"https:\/\/www.kirjastokaista.fi\/\",\"name\":\"Kirjastokaista\",\"description\":\"LIBRARY CHANNEL \u2014 Library WebTV\",\"potentialAction\":[{\"@type\":\"SearchAction\",\"target\":{\"@type\":\"EntryPoint\",\"urlTemplate\":\"https:\/\/www.kirjastokaista.fi\/?s={search_term_string}\"},\"query-input\":{\"@type\":\"PropertyValueSpecification\",\"valueRequired\":true,\"valueName\":\"search_term_string\"}}],\"inLanguage\":\"fi\"},{\"@type\":\"Person\",\"@id\":\"https:\/\/www.kirjastokaista.fi\/#\/schema\/person\/155f1172727b77c6a368f9055edba80b\",\"name\":\"Kirjastokaista Admin\",\"image\":{\"@type\":\"ImageObject\",\"inLanguage\":\"fi\",\"@id\":\"https:\/\/www.kirjastokaista.fi\/#\/schema\/person\/image\/\",\"url\":\"https:\/\/secure.gravatar.com\/avatar\/2530d9d6b8d60a4d867b25004c3b1b38?s=96&d=mm&r=g\",\"contentUrl\":\"https:\/\/secure.gravatar.com\/avatar\/2530d9d6b8d60a4d867b25004c3b1b38?s=96&d=mm&r=g\",\"caption\":\"Kirjastokaista Admin\"},\"url\":\"https:\/\/www.kirjastokaista.fi\/author\/kirjastokaista-admin\/\"}]}<\/script>\n<!-- \/ Yoast SEO plugin. -->","yoast_head_json":{"title":"#61: Nasjonal kanon sett fra Bergen \u2013 Klassekampen-debatten - Kirjastokaista","description":"Torbj\u00f8rn R\u00f8e Isaksen (H) har foresl\u00e5tt \u00e5 lage en kanon over norsk kulturhistorie. Klassekampen inviterte til debatt i Bergen og spurte: Hva skal vi med en","robots":{"index":"index","follow":"follow","max-snippet":"max-snippet:-1","max-image-preview":"max-image-preview:large","max-video-preview":"max-video-preview:-1"},"canonical":"http:\/\/www.kirjastokaista.fi\/no\/61-nasjonal-kanon-sett-fra-bergen-klassekampen-debatten\/","og_locale":"fi_FI","og_type":"article","og_title":"#61: Nasjonal kanon sett fra Bergen \u2013 Klassekampen-debatten - Kirjastokaista","og_description":"Torbj\u00f8rn R\u00f8e Isaksen (H) har foresl\u00e5tt \u00e5 lage en kanon over norsk kulturhistorie. Klassekampen inviterte til debatt i Bergen og spurte: Hva skal vi med en","og_url":"http:\/\/www.kirjastokaista.fi\/no\/61-nasjonal-kanon-sett-fra-bergen-klassekampen-debatten\/","og_site_name":"Kirjastokaista","article_published_time":"2017-02-21T22:00:00+00:00","article_modified_time":"2018-04-06T11:48:19+00:00","author":"Kirjastokaista Admin","twitter_misc":{"Written by":"Kirjastokaista Admin"},"schema":{"@context":"https:\/\/schema.org","@graph":[{"@type":"WebPage","@id":"http:\/\/www.kirjastokaista.fi\/no\/61-nasjonal-kanon-sett-fra-bergen-klassekampen-debatten\/","url":"http:\/\/www.kirjastokaista.fi\/no\/61-nasjonal-kanon-sett-fra-bergen-klassekampen-debatten\/","name":"#61: Nasjonal kanon sett fra Bergen \u2013 Klassekampen-debatten - Kirjastokaista","isPartOf":{"@id":"https:\/\/www.kirjastokaista.fi\/#website"},"datePublished":"2017-02-21T22:00:00+00:00","dateModified":"2018-04-06T11:48:19+00:00","author":{"@id":"https:\/\/www.kirjastokaista.fi\/#\/schema\/person\/155f1172727b77c6a368f9055edba80b"},"description":"Torbj\u00f8rn R\u00f8e Isaksen (H) har foresl\u00e5tt \u00e5 lage en kanon over norsk kulturhistorie. Klassekampen inviterte til debatt i Bergen og spurte: Hva skal vi med en","breadcrumb":{"@id":"http:\/\/www.kirjastokaista.fi\/no\/61-nasjonal-kanon-sett-fra-bergen-klassekampen-debatten\/#breadcrumb"},"inLanguage":"fi","potentialAction":[{"@type":"ReadAction","target":["http:\/\/www.kirjastokaista.fi\/no\/61-nasjonal-kanon-sett-fra-bergen-klassekampen-debatten\/"]}]},{"@type":"BreadcrumbList","@id":"http:\/\/www.kirjastokaista.fi\/no\/61-nasjonal-kanon-sett-fra-bergen-klassekampen-debatten\/#breadcrumb","itemListElement":[{"@type":"ListItem","position":1,"name":"Etusivu","item":"https:\/\/www.kirjastokaista.fi\/"},{"@type":"ListItem","position":2,"name":"#61: Nasjonal kanon sett fra Bergen \u2013 Klassekampen-debatten"}]},{"@type":"WebSite","@id":"https:\/\/www.kirjastokaista.fi\/#website","url":"https:\/\/www.kirjastokaista.fi\/","name":"Kirjastokaista","description":"LIBRARY CHANNEL \u2014 Library WebTV","potentialAction":[{"@type":"SearchAction","target":{"@type":"EntryPoint","urlTemplate":"https:\/\/www.kirjastokaista.fi\/?s={search_term_string}"},"query-input":{"@type":"PropertyValueSpecification","valueRequired":true,"valueName":"search_term_string"}}],"inLanguage":"fi"},{"@type":"Person","@id":"https:\/\/www.kirjastokaista.fi\/#\/schema\/person\/155f1172727b77c6a368f9055edba80b","name":"Kirjastokaista Admin","image":{"@type":"ImageObject","inLanguage":"fi","@id":"https:\/\/www.kirjastokaista.fi\/#\/schema\/person\/image\/","url":"https:\/\/secure.gravatar.com\/avatar\/2530d9d6b8d60a4d867b25004c3b1b38?s=96&d=mm&r=g","contentUrl":"https:\/\/secure.gravatar.com\/avatar\/2530d9d6b8d60a4d867b25004c3b1b38?s=96&d=mm&r=g","caption":"Kirjastokaista Admin"},"url":"https:\/\/www.kirjastokaista.fi\/author\/kirjastokaista-admin\/"}]}},"_links":{"self":[{"href":"https:\/\/www.kirjastokaista.fi\/wp-json\/wp\/v2\/posts\/375632","targetHints":{"allow":["GET"]}}],"collection":[{"href":"https:\/\/www.kirjastokaista.fi\/wp-json\/wp\/v2\/posts"}],"about":[{"href":"https:\/\/www.kirjastokaista.fi\/wp-json\/wp\/v2\/types\/post"}],"author":[{"embeddable":true,"href":"https:\/\/www.kirjastokaista.fi\/wp-json\/wp\/v2\/users\/6"}],"replies":[{"embeddable":true,"href":"https:\/\/www.kirjastokaista.fi\/wp-json\/wp\/v2\/comments?post=375632"}],"version-history":[{"count":1,"href":"https:\/\/www.kirjastokaista.fi\/wp-json\/wp\/v2\/posts\/375632\/revisions"}],"predecessor-version":[{"id":375929,"href":"https:\/\/www.kirjastokaista.fi\/wp-json\/wp\/v2\/posts\/375632\/revisions\/375929"}],"wp:attachment":[{"href":"https:\/\/www.kirjastokaista.fi\/wp-json\/wp\/v2\/media?parent=375632"}],"wp:term":[{"taxonomy":"category","embeddable":true,"href":"https:\/\/www.kirjastokaista.fi\/wp-json\/wp\/v2\/categories?post=375632"},{"taxonomy":"post_tag","embeddable":true,"href":"https:\/\/www.kirjastokaista.fi\/wp-json\/wp\/v2\/tags?post=375632"}],"curies":[{"name":"wp","href":"https:\/\/api.w.org\/{rel}","templated":true}]}}