{"id":375603,"date":"2018-02-05T00:00:00","date_gmt":"2018-02-04T22:00:00","guid":{"rendered":"http:\/\/www.kirjastokaista.fi\/90-baneheia-saken-to-historier-en-sannhet\/"},"modified":"2018-04-06T14:48:02","modified_gmt":"2018-04-06T11:48:02","slug":"90-baneheia-saken-to-historier-en-sannhet","status":"publish","type":"post","link":"https:\/\/www.kirjastokaista.fi\/no\/90-baneheia-saken-to-historier-en-sannhet\/","title":{"rendered":"#90: Baneheia-saken. To historier, \u00e9n sannhet?"},"content":{"rendered":"<p>Sommeren 2000 rystet Baneheia-saken hele Norge. Rettssaken som fulgte, preget nyhetsbildet i lang tid. 18 \u00e5r senere strides enkelte fremdeles om skyldsp\u00f8rsm\u00e5let i saken. Journalist og forlagsredakt\u00f8r Bj\u00f8rn Olav Jahr har skrevet boken \u201dDrapene i Baneheia: to historier, en sannhet\u201d og mener at nye analyser av bevis og forh\u00f8r stiller skyldsp\u00f8rsm\u00e5let i et nytt lys. Kritikere mener p\u00e5 sin side at bevissituasjonen er uendret og ferdigbehandlet, og at boken er et overtramp mot hensynet til p\u00e5r\u00f8rende i saken. Podcasten er en debatt med utgangspunkt i boken. <\/p>\n<p>I panelet:<br \/>\nBj\u00f8rn Olav Jahr &#8211; forlagsredakt\u00f8r, journalist og forfatter.<br \/>\nFrode Helmich Pedersen &#8211; forsker i allmenn litteraturvitenskap. Leder for prosjektet &#8221;Strafferettens fortellinger&#8221; ved Universitet i Bergen.<br \/>\nEirin Eikefjord &#8211; kommentator i Bergens Tidende og jurist.<br \/>\nOrdstyrer: Espen Ingebrigtsen, post doc. Arbeider med prosjektet Strafferettens fortellinger ved Universitet i Bergen. <\/p>\n<p>Bergen Offentlige Bibliotek har sendt foresp\u00f8rsler til flere personer som har skrevet sterkt kritiske omtaler av boken. Dessverre hadde ingen av dem anledning til \u00e5 stille.<\/p>\n","protected":false},"excerpt":{"rendered":"<p>Sommeren 2000 rystet Baneheia-saken hele Norge. Rettssaken som fulgte, preget nyhetsbildet i lang tid. 18 \u00e5r senere strides enkelte fremdeles om skyldsp\u00f8rsm\u00e5let i saken. Journalist og forlagsredakt\u00f8r Bj\u00f8rn Olav Jahr [&hellip;]<\/p>\n","protected":false},"author":6,"featured_media":0,"comment_status":"open","ping_status":"closed","sticky":false,"template":"","format":"audio","meta":{"footnotes":""},"categories":[17639,19413,19414,19415],"tags":[],"class_list":["post-375603","post","type-post","status-publish","format-audio","hentry","category-bergen","category-sakprosa","category-forfatterintervjuer","category-debatter","post_format-post-format-audio"],"youtube_id":"","vimeo_id":"","duration":"","number_of_plays_sum":"0","videoembed_videoembed":"<iframe width=\"100%\" height=\"212\" scrolling=\"no\" frameborder=\"no\" src=\"https:\/\/w.soundcloud.com\/player\/?url=http%3A%2F%2Fapi.soundcloud.com%2Ftracks%2F394847361&color=ff6600&auto_play=false&show_artwork=false\"><\/iframe>","video_language":"norsk","video_thumbnail_large":"","video_thumbnail_medium":"","video_thumbnail_small":"","yoast_head":"<!-- This site is optimized with the Yoast SEO plugin v23.8 - https:\/\/yoast.com\/wordpress\/plugins\/seo\/ -->\n<title>#90: Baneheia-saken. To historier, \u00e9n sannhet? - Kirjastokaista<\/title>\n<meta name=\"description\" content=\"Sommeren 2000 rystet Baneheia-saken hele Norge. Rettssaken som fulgte, preget nyhetsbildet i lang tid. 18 \u00e5r senere strides enkelte fremdeles om\" \/>\n<meta name=\"robots\" content=\"index, follow, max-snippet:-1, max-image-preview:large, max-video-preview:-1\" \/>\n<link rel=\"canonical\" href=\"http:\/\/www.kirjastokaista.fi\/no\/90-baneheia-saken-to-historier-en-sannhet\/\" \/>\n<meta property=\"og:locale\" content=\"fi_FI\" \/>\n<meta property=\"og:type\" content=\"article\" \/>\n<meta property=\"og:title\" content=\"#90: Baneheia-saken. To historier, \u00e9n sannhet? - Kirjastokaista\" \/>\n<meta property=\"og:description\" content=\"Sommeren 2000 rystet Baneheia-saken hele Norge. Rettssaken som fulgte, preget nyhetsbildet i lang tid. 18 \u00e5r senere strides enkelte fremdeles om\" \/>\n<meta property=\"og:url\" content=\"http:\/\/www.kirjastokaista.fi\/no\/90-baneheia-saken-to-historier-en-sannhet\/\" \/>\n<meta property=\"og:site_name\" content=\"Kirjastokaista\" \/>\n<meta property=\"article:published_time\" content=\"2018-02-04T22:00:00+00:00\" \/>\n<meta property=\"article:modified_time\" content=\"2018-04-06T11:48:02+00:00\" \/>\n<meta name=\"author\" content=\"Kirjastokaista Admin\" \/>\n<meta name=\"twitter:label1\" content=\"Written by\" \/>\n\t<meta name=\"twitter:data1\" content=\"Kirjastokaista Admin\" \/>\n\t<meta name=\"twitter:label2\" content=\"Est. reading time\" \/>\n\t<meta name=\"twitter:data2\" content=\"1 minute\" \/>\n<script type=\"application\/ld+json\" class=\"yoast-schema-graph\">{\"@context\":\"https:\/\/schema.org\",\"@graph\":[{\"@type\":\"WebPage\",\"@id\":\"http:\/\/www.kirjastokaista.fi\/no\/90-baneheia-saken-to-historier-en-sannhet\/\",\"url\":\"http:\/\/www.kirjastokaista.fi\/no\/90-baneheia-saken-to-historier-en-sannhet\/\",\"name\":\"#90: Baneheia-saken. To historier, \u00e9n sannhet? - Kirjastokaista\",\"isPartOf\":{\"@id\":\"https:\/\/www.kirjastokaista.fi\/#website\"},\"datePublished\":\"2018-02-04T22:00:00+00:00\",\"dateModified\":\"2018-04-06T11:48:02+00:00\",\"author\":{\"@id\":\"https:\/\/www.kirjastokaista.fi\/#\/schema\/person\/155f1172727b77c6a368f9055edba80b\"},\"description\":\"Sommeren 2000 rystet Baneheia-saken hele Norge. Rettssaken som fulgte, preget nyhetsbildet i lang tid. 18 \u00e5r senere strides enkelte fremdeles om\",\"breadcrumb\":{\"@id\":\"http:\/\/www.kirjastokaista.fi\/no\/90-baneheia-saken-to-historier-en-sannhet\/#breadcrumb\"},\"inLanguage\":\"fi\",\"potentialAction\":[{\"@type\":\"ReadAction\",\"target\":[\"http:\/\/www.kirjastokaista.fi\/no\/90-baneheia-saken-to-historier-en-sannhet\/\"]}]},{\"@type\":\"BreadcrumbList\",\"@id\":\"http:\/\/www.kirjastokaista.fi\/no\/90-baneheia-saken-to-historier-en-sannhet\/#breadcrumb\",\"itemListElement\":[{\"@type\":\"ListItem\",\"position\":1,\"name\":\"Etusivu\",\"item\":\"https:\/\/www.kirjastokaista.fi\/\"},{\"@type\":\"ListItem\",\"position\":2,\"name\":\"#90: Baneheia-saken. To historier, \u00e9n sannhet?\"}]},{\"@type\":\"WebSite\",\"@id\":\"https:\/\/www.kirjastokaista.fi\/#website\",\"url\":\"https:\/\/www.kirjastokaista.fi\/\",\"name\":\"Kirjastokaista\",\"description\":\"LIBRARY CHANNEL \u2014 Library WebTV\",\"potentialAction\":[{\"@type\":\"SearchAction\",\"target\":{\"@type\":\"EntryPoint\",\"urlTemplate\":\"https:\/\/www.kirjastokaista.fi\/?s={search_term_string}\"},\"query-input\":{\"@type\":\"PropertyValueSpecification\",\"valueRequired\":true,\"valueName\":\"search_term_string\"}}],\"inLanguage\":\"fi\"},{\"@type\":\"Person\",\"@id\":\"https:\/\/www.kirjastokaista.fi\/#\/schema\/person\/155f1172727b77c6a368f9055edba80b\",\"name\":\"Kirjastokaista Admin\",\"image\":{\"@type\":\"ImageObject\",\"inLanguage\":\"fi\",\"@id\":\"https:\/\/www.kirjastokaista.fi\/#\/schema\/person\/image\/\",\"url\":\"https:\/\/secure.gravatar.com\/avatar\/2530d9d6b8d60a4d867b25004c3b1b38?s=96&d=mm&r=g\",\"contentUrl\":\"https:\/\/secure.gravatar.com\/avatar\/2530d9d6b8d60a4d867b25004c3b1b38?s=96&d=mm&r=g\",\"caption\":\"Kirjastokaista Admin\"},\"url\":\"https:\/\/www.kirjastokaista.fi\/author\/kirjastokaista-admin\/\"}]}<\/script>\n<!-- \/ Yoast SEO plugin. -->","yoast_head_json":{"title":"#90: Baneheia-saken. To historier, \u00e9n sannhet? - Kirjastokaista","description":"Sommeren 2000 rystet Baneheia-saken hele Norge. Rettssaken som fulgte, preget nyhetsbildet i lang tid. 18 \u00e5r senere strides enkelte fremdeles om","robots":{"index":"index","follow":"follow","max-snippet":"max-snippet:-1","max-image-preview":"max-image-preview:large","max-video-preview":"max-video-preview:-1"},"canonical":"http:\/\/www.kirjastokaista.fi\/no\/90-baneheia-saken-to-historier-en-sannhet\/","og_locale":"fi_FI","og_type":"article","og_title":"#90: Baneheia-saken. To historier, \u00e9n sannhet? - Kirjastokaista","og_description":"Sommeren 2000 rystet Baneheia-saken hele Norge. Rettssaken som fulgte, preget nyhetsbildet i lang tid. 18 \u00e5r senere strides enkelte fremdeles om","og_url":"http:\/\/www.kirjastokaista.fi\/no\/90-baneheia-saken-to-historier-en-sannhet\/","og_site_name":"Kirjastokaista","article_published_time":"2018-02-04T22:00:00+00:00","article_modified_time":"2018-04-06T11:48:02+00:00","author":"Kirjastokaista Admin","twitter_misc":{"Written by":"Kirjastokaista Admin","Est. reading time":"1 minute"},"schema":{"@context":"https:\/\/schema.org","@graph":[{"@type":"WebPage","@id":"http:\/\/www.kirjastokaista.fi\/no\/90-baneheia-saken-to-historier-en-sannhet\/","url":"http:\/\/www.kirjastokaista.fi\/no\/90-baneheia-saken-to-historier-en-sannhet\/","name":"#90: Baneheia-saken. To historier, \u00e9n sannhet? - Kirjastokaista","isPartOf":{"@id":"https:\/\/www.kirjastokaista.fi\/#website"},"datePublished":"2018-02-04T22:00:00+00:00","dateModified":"2018-04-06T11:48:02+00:00","author":{"@id":"https:\/\/www.kirjastokaista.fi\/#\/schema\/person\/155f1172727b77c6a368f9055edba80b"},"description":"Sommeren 2000 rystet Baneheia-saken hele Norge. Rettssaken som fulgte, preget nyhetsbildet i lang tid. 18 \u00e5r senere strides enkelte fremdeles om","breadcrumb":{"@id":"http:\/\/www.kirjastokaista.fi\/no\/90-baneheia-saken-to-historier-en-sannhet\/#breadcrumb"},"inLanguage":"fi","potentialAction":[{"@type":"ReadAction","target":["http:\/\/www.kirjastokaista.fi\/no\/90-baneheia-saken-to-historier-en-sannhet\/"]}]},{"@type":"BreadcrumbList","@id":"http:\/\/www.kirjastokaista.fi\/no\/90-baneheia-saken-to-historier-en-sannhet\/#breadcrumb","itemListElement":[{"@type":"ListItem","position":1,"name":"Etusivu","item":"https:\/\/www.kirjastokaista.fi\/"},{"@type":"ListItem","position":2,"name":"#90: Baneheia-saken. To historier, \u00e9n sannhet?"}]},{"@type":"WebSite","@id":"https:\/\/www.kirjastokaista.fi\/#website","url":"https:\/\/www.kirjastokaista.fi\/","name":"Kirjastokaista","description":"LIBRARY CHANNEL \u2014 Library WebTV","potentialAction":[{"@type":"SearchAction","target":{"@type":"EntryPoint","urlTemplate":"https:\/\/www.kirjastokaista.fi\/?s={search_term_string}"},"query-input":{"@type":"PropertyValueSpecification","valueRequired":true,"valueName":"search_term_string"}}],"inLanguage":"fi"},{"@type":"Person","@id":"https:\/\/www.kirjastokaista.fi\/#\/schema\/person\/155f1172727b77c6a368f9055edba80b","name":"Kirjastokaista Admin","image":{"@type":"ImageObject","inLanguage":"fi","@id":"https:\/\/www.kirjastokaista.fi\/#\/schema\/person\/image\/","url":"https:\/\/secure.gravatar.com\/avatar\/2530d9d6b8d60a4d867b25004c3b1b38?s=96&d=mm&r=g","contentUrl":"https:\/\/secure.gravatar.com\/avatar\/2530d9d6b8d60a4d867b25004c3b1b38?s=96&d=mm&r=g","caption":"Kirjastokaista Admin"},"url":"https:\/\/www.kirjastokaista.fi\/author\/kirjastokaista-admin\/"}]}},"_links":{"self":[{"href":"https:\/\/www.kirjastokaista.fi\/wp-json\/wp\/v2\/posts\/375603","targetHints":{"allow":["GET"]}}],"collection":[{"href":"https:\/\/www.kirjastokaista.fi\/wp-json\/wp\/v2\/posts"}],"about":[{"href":"https:\/\/www.kirjastokaista.fi\/wp-json\/wp\/v2\/types\/post"}],"author":[{"embeddable":true,"href":"https:\/\/www.kirjastokaista.fi\/wp-json\/wp\/v2\/users\/6"}],"replies":[{"embeddable":true,"href":"https:\/\/www.kirjastokaista.fi\/wp-json\/wp\/v2\/comments?post=375603"}],"version-history":[{"count":1,"href":"https:\/\/www.kirjastokaista.fi\/wp-json\/wp\/v2\/posts\/375603\/revisions"}],"predecessor-version":[{"id":375900,"href":"https:\/\/www.kirjastokaista.fi\/wp-json\/wp\/v2\/posts\/375603\/revisions\/375900"}],"wp:attachment":[{"href":"https:\/\/www.kirjastokaista.fi\/wp-json\/wp\/v2\/media?parent=375603"}],"wp:term":[{"taxonomy":"category","embeddable":true,"href":"https:\/\/www.kirjastokaista.fi\/wp-json\/wp\/v2\/categories?post=375603"},{"taxonomy":"post_tag","embeddable":true,"href":"https:\/\/www.kirjastokaista.fi\/wp-json\/wp\/v2\/tags?post=375603"}],"curies":[{"name":"wp","href":"https:\/\/api.w.org\/{rel}","templated":true}]}}