{"id":375600,"date":"2018-02-22T00:00:00","date_gmt":"2018-02-21T22:00:00","guid":{"rendered":"http:\/\/www.kirjastokaista.fi\/93-litteraer-lunsj-med-siri-okland\/"},"modified":"2018-04-06T14:48:00","modified_gmt":"2018-04-06T11:48:00","slug":"93-litteraer-lunsj-med-siri-okland","status":"publish","type":"post","link":"https:\/\/www.kirjastokaista.fi\/no\/93-litteraer-lunsj-med-siri-okland\/","title":{"rendered":"#93: Litter\u00e6r lunsj med Siri \u00d8kland"},"content":{"rendered":"<p>\u00ab\u00c5 vera tett p\u00e5 d\u00f8den er \u00e5 vera tett p\u00e5 livet\u00bb.<br \/>\nGjennom poetiske korttekstar og eigne foto skildrar Siri \u00d8kland livet slik det ser ut n\u00e5r ein veit at ein skal d\u00f8y. Ho skaper eit rom for innsikt og ettertanke, b\u00e5de for den som lever tett p\u00e5 sjukdom, og den som er open for livet \u2013 og ikkje minst den som er begge delar. Tekstane er b\u00e5de n\u00e5delause, stillferdige og vakre og inviterer lesaren til \u00e5 tenkje over sitt eige liv. Ved at dei s\u00e5 ope snakkar om d\u00f8den, trer glede, sorg og styrke tydelegare fram.<br \/>\nSiri \u00d8kland samtaler her med Alf K\u00e5re Blindheim fra Bergen Off. Bibliotek.<\/p>\n","protected":false},"excerpt":{"rendered":"<p>\u00ab\u00c5 vera tett p\u00e5 d\u00f8den er \u00e5 vera tett p\u00e5 livet\u00bb. Gjennom poetiske korttekstar og eigne foto skildrar Siri \u00d8kland livet slik det ser ut n\u00e5r ein veit at ein [&hellip;]<\/p>\n","protected":false},"author":6,"featured_media":0,"comment_status":"open","ping_status":"closed","sticky":false,"template":"","format":"audio","meta":{"footnotes":""},"categories":[17639,19411,19412],"tags":[],"class_list":["post-375600","post","type-post","status-publish","format-audio","hentry","category-bergen","category-foredrag","category-skjonnlitteratur","post_format-post-format-audio"],"youtube_id":"","vimeo_id":"","duration":"","number_of_plays_sum":"0","videoembed_videoembed":"<iframe width=\"100%\" height=\"212\" scrolling=\"no\" frameborder=\"no\" src=\"https:\/\/w.soundcloud.com\/player\/?url=http%3A%2F%2Fapi.soundcloud.com%2Ftracks%2F403431795&color=ff6600&auto_play=false&show_artwork=false\"><\/iframe>","video_language":"norsk","video_thumbnail_large":"","video_thumbnail_medium":"","video_thumbnail_small":"","yoast_head":"<!-- This site is optimized with the Yoast SEO plugin v23.8 - https:\/\/yoast.com\/wordpress\/plugins\/seo\/ -->\n<title>#93: Litter\u00e6r lunsj med Siri \u00d8kland - Kirjastokaista<\/title>\n<meta name=\"description\" content=\"\u00ab\u00c5 vera tett p\u00e5 d\u00f8den er \u00e5 vera tett p\u00e5 livet\u00bb. Gjennom poetiske korttekstar og eigne foto skildrar Siri \u00d8kland livet slik det ser ut n\u00e5r ein veit at ein\" \/>\n<meta name=\"robots\" content=\"index, follow, max-snippet:-1, max-image-preview:large, max-video-preview:-1\" \/>\n<link rel=\"canonical\" href=\"http:\/\/www.kirjastokaista.fi\/no\/93-litteraer-lunsj-med-siri-okland\/\" \/>\n<meta property=\"og:locale\" content=\"fi_FI\" \/>\n<meta property=\"og:type\" content=\"article\" \/>\n<meta property=\"og:title\" content=\"#93: Litter\u00e6r lunsj med Siri \u00d8kland - Kirjastokaista\" \/>\n<meta property=\"og:description\" content=\"\u00ab\u00c5 vera tett p\u00e5 d\u00f8den er \u00e5 vera tett p\u00e5 livet\u00bb. Gjennom poetiske korttekstar og eigne foto skildrar Siri \u00d8kland livet slik det ser ut n\u00e5r ein veit at ein\" \/>\n<meta property=\"og:url\" content=\"http:\/\/www.kirjastokaista.fi\/no\/93-litteraer-lunsj-med-siri-okland\/\" \/>\n<meta property=\"og:site_name\" content=\"Kirjastokaista\" \/>\n<meta property=\"article:published_time\" content=\"2018-02-21T22:00:00+00:00\" \/>\n<meta property=\"article:modified_time\" content=\"2018-04-06T11:48:00+00:00\" \/>\n<meta name=\"author\" content=\"Kirjastokaista Admin\" \/>\n<meta name=\"twitter:label1\" content=\"Written by\" \/>\n\t<meta name=\"twitter:data1\" content=\"Kirjastokaista Admin\" \/>\n\t<meta name=\"twitter:label2\" content=\"Est. reading time\" \/>\n\t<meta name=\"twitter:data2\" content=\"1 minute\" \/>\n<script type=\"application\/ld+json\" class=\"yoast-schema-graph\">{\"@context\":\"https:\/\/schema.org\",\"@graph\":[{\"@type\":\"WebPage\",\"@id\":\"http:\/\/www.kirjastokaista.fi\/no\/93-litteraer-lunsj-med-siri-okland\/\",\"url\":\"http:\/\/www.kirjastokaista.fi\/no\/93-litteraer-lunsj-med-siri-okland\/\",\"name\":\"#93: Litter\u00e6r lunsj med Siri \u00d8kland - Kirjastokaista\",\"isPartOf\":{\"@id\":\"https:\/\/www.kirjastokaista.fi\/#website\"},\"datePublished\":\"2018-02-21T22:00:00+00:00\",\"dateModified\":\"2018-04-06T11:48:00+00:00\",\"author\":{\"@id\":\"https:\/\/www.kirjastokaista.fi\/#\/schema\/person\/155f1172727b77c6a368f9055edba80b\"},\"description\":\"\u00ab\u00c5 vera tett p\u00e5 d\u00f8den er \u00e5 vera tett p\u00e5 livet\u00bb. Gjennom poetiske korttekstar og eigne foto skildrar Siri \u00d8kland livet slik det ser ut n\u00e5r ein veit at ein\",\"breadcrumb\":{\"@id\":\"http:\/\/www.kirjastokaista.fi\/no\/93-litteraer-lunsj-med-siri-okland\/#breadcrumb\"},\"inLanguage\":\"fi\",\"potentialAction\":[{\"@type\":\"ReadAction\",\"target\":[\"http:\/\/www.kirjastokaista.fi\/no\/93-litteraer-lunsj-med-siri-okland\/\"]}]},{\"@type\":\"BreadcrumbList\",\"@id\":\"http:\/\/www.kirjastokaista.fi\/no\/93-litteraer-lunsj-med-siri-okland\/#breadcrumb\",\"itemListElement\":[{\"@type\":\"ListItem\",\"position\":1,\"name\":\"Etusivu\",\"item\":\"https:\/\/www.kirjastokaista.fi\/\"},{\"@type\":\"ListItem\",\"position\":2,\"name\":\"#93: Litter\u00e6r lunsj med Siri \u00d8kland\"}]},{\"@type\":\"WebSite\",\"@id\":\"https:\/\/www.kirjastokaista.fi\/#website\",\"url\":\"https:\/\/www.kirjastokaista.fi\/\",\"name\":\"Kirjastokaista\",\"description\":\"LIBRARY CHANNEL \u2014 Library WebTV\",\"potentialAction\":[{\"@type\":\"SearchAction\",\"target\":{\"@type\":\"EntryPoint\",\"urlTemplate\":\"https:\/\/www.kirjastokaista.fi\/?s={search_term_string}\"},\"query-input\":{\"@type\":\"PropertyValueSpecification\",\"valueRequired\":true,\"valueName\":\"search_term_string\"}}],\"inLanguage\":\"fi\"},{\"@type\":\"Person\",\"@id\":\"https:\/\/www.kirjastokaista.fi\/#\/schema\/person\/155f1172727b77c6a368f9055edba80b\",\"name\":\"Kirjastokaista Admin\",\"image\":{\"@type\":\"ImageObject\",\"inLanguage\":\"fi\",\"@id\":\"https:\/\/www.kirjastokaista.fi\/#\/schema\/person\/image\/\",\"url\":\"https:\/\/secure.gravatar.com\/avatar\/2530d9d6b8d60a4d867b25004c3b1b38?s=96&d=mm&r=g\",\"contentUrl\":\"https:\/\/secure.gravatar.com\/avatar\/2530d9d6b8d60a4d867b25004c3b1b38?s=96&d=mm&r=g\",\"caption\":\"Kirjastokaista Admin\"},\"url\":\"https:\/\/www.kirjastokaista.fi\/author\/kirjastokaista-admin\/\"}]}<\/script>\n<!-- \/ Yoast SEO plugin. -->","yoast_head_json":{"title":"#93: Litter\u00e6r lunsj med Siri \u00d8kland - Kirjastokaista","description":"\u00ab\u00c5 vera tett p\u00e5 d\u00f8den er \u00e5 vera tett p\u00e5 livet\u00bb. Gjennom poetiske korttekstar og eigne foto skildrar Siri \u00d8kland livet slik det ser ut n\u00e5r ein veit at ein","robots":{"index":"index","follow":"follow","max-snippet":"max-snippet:-1","max-image-preview":"max-image-preview:large","max-video-preview":"max-video-preview:-1"},"canonical":"http:\/\/www.kirjastokaista.fi\/no\/93-litteraer-lunsj-med-siri-okland\/","og_locale":"fi_FI","og_type":"article","og_title":"#93: Litter\u00e6r lunsj med Siri \u00d8kland - Kirjastokaista","og_description":"\u00ab\u00c5 vera tett p\u00e5 d\u00f8den er \u00e5 vera tett p\u00e5 livet\u00bb. Gjennom poetiske korttekstar og eigne foto skildrar Siri \u00d8kland livet slik det ser ut n\u00e5r ein veit at ein","og_url":"http:\/\/www.kirjastokaista.fi\/no\/93-litteraer-lunsj-med-siri-okland\/","og_site_name":"Kirjastokaista","article_published_time":"2018-02-21T22:00:00+00:00","article_modified_time":"2018-04-06T11:48:00+00:00","author":"Kirjastokaista Admin","twitter_misc":{"Written by":"Kirjastokaista Admin","Est. reading time":"1 minute"},"schema":{"@context":"https:\/\/schema.org","@graph":[{"@type":"WebPage","@id":"http:\/\/www.kirjastokaista.fi\/no\/93-litteraer-lunsj-med-siri-okland\/","url":"http:\/\/www.kirjastokaista.fi\/no\/93-litteraer-lunsj-med-siri-okland\/","name":"#93: Litter\u00e6r lunsj med Siri \u00d8kland - Kirjastokaista","isPartOf":{"@id":"https:\/\/www.kirjastokaista.fi\/#website"},"datePublished":"2018-02-21T22:00:00+00:00","dateModified":"2018-04-06T11:48:00+00:00","author":{"@id":"https:\/\/www.kirjastokaista.fi\/#\/schema\/person\/155f1172727b77c6a368f9055edba80b"},"description":"\u00ab\u00c5 vera tett p\u00e5 d\u00f8den er \u00e5 vera tett p\u00e5 livet\u00bb. Gjennom poetiske korttekstar og eigne foto skildrar Siri \u00d8kland livet slik det ser ut n\u00e5r ein veit at ein","breadcrumb":{"@id":"http:\/\/www.kirjastokaista.fi\/no\/93-litteraer-lunsj-med-siri-okland\/#breadcrumb"},"inLanguage":"fi","potentialAction":[{"@type":"ReadAction","target":["http:\/\/www.kirjastokaista.fi\/no\/93-litteraer-lunsj-med-siri-okland\/"]}]},{"@type":"BreadcrumbList","@id":"http:\/\/www.kirjastokaista.fi\/no\/93-litteraer-lunsj-med-siri-okland\/#breadcrumb","itemListElement":[{"@type":"ListItem","position":1,"name":"Etusivu","item":"https:\/\/www.kirjastokaista.fi\/"},{"@type":"ListItem","position":2,"name":"#93: Litter\u00e6r lunsj med Siri \u00d8kland"}]},{"@type":"WebSite","@id":"https:\/\/www.kirjastokaista.fi\/#website","url":"https:\/\/www.kirjastokaista.fi\/","name":"Kirjastokaista","description":"LIBRARY CHANNEL \u2014 Library WebTV","potentialAction":[{"@type":"SearchAction","target":{"@type":"EntryPoint","urlTemplate":"https:\/\/www.kirjastokaista.fi\/?s={search_term_string}"},"query-input":{"@type":"PropertyValueSpecification","valueRequired":true,"valueName":"search_term_string"}}],"inLanguage":"fi"},{"@type":"Person","@id":"https:\/\/www.kirjastokaista.fi\/#\/schema\/person\/155f1172727b77c6a368f9055edba80b","name":"Kirjastokaista Admin","image":{"@type":"ImageObject","inLanguage":"fi","@id":"https:\/\/www.kirjastokaista.fi\/#\/schema\/person\/image\/","url":"https:\/\/secure.gravatar.com\/avatar\/2530d9d6b8d60a4d867b25004c3b1b38?s=96&d=mm&r=g","contentUrl":"https:\/\/secure.gravatar.com\/avatar\/2530d9d6b8d60a4d867b25004c3b1b38?s=96&d=mm&r=g","caption":"Kirjastokaista Admin"},"url":"https:\/\/www.kirjastokaista.fi\/author\/kirjastokaista-admin\/"}]}},"_links":{"self":[{"href":"https:\/\/www.kirjastokaista.fi\/wp-json\/wp\/v2\/posts\/375600","targetHints":{"allow":["GET"]}}],"collection":[{"href":"https:\/\/www.kirjastokaista.fi\/wp-json\/wp\/v2\/posts"}],"about":[{"href":"https:\/\/www.kirjastokaista.fi\/wp-json\/wp\/v2\/types\/post"}],"author":[{"embeddable":true,"href":"https:\/\/www.kirjastokaista.fi\/wp-json\/wp\/v2\/users\/6"}],"replies":[{"embeddable":true,"href":"https:\/\/www.kirjastokaista.fi\/wp-json\/wp\/v2\/comments?post=375600"}],"version-history":[{"count":1,"href":"https:\/\/www.kirjastokaista.fi\/wp-json\/wp\/v2\/posts\/375600\/revisions"}],"predecessor-version":[{"id":375897,"href":"https:\/\/www.kirjastokaista.fi\/wp-json\/wp\/v2\/posts\/375600\/revisions\/375897"}],"wp:attachment":[{"href":"https:\/\/www.kirjastokaista.fi\/wp-json\/wp\/v2\/media?parent=375600"}],"wp:term":[{"taxonomy":"category","embeddable":true,"href":"https:\/\/www.kirjastokaista.fi\/wp-json\/wp\/v2\/categories?post=375600"},{"taxonomy":"post_tag","embeddable":true,"href":"https:\/\/www.kirjastokaista.fi\/wp-json\/wp\/v2\/tags?post=375600"}],"curies":[{"name":"wp","href":"https:\/\/api.w.org\/{rel}","templated":true}]}}